{"id":318391,"date":"2025-08-14T10:31:10","date_gmt":"2025-08-14T10:31:10","guid":{"rendered":"https:\/\/www.europesays.com\/fr\/318391\/"},"modified":"2025-08-14T10:31:10","modified_gmt":"2025-08-14T10:31:10","slug":"diane-leyre-suivie-par-un-inconnu-dans-un-train","status":"publish","type":"post","link":"https:\/\/www.europesays.com\/fr\/318391\/","title":{"rendered":"Diane Leyre suivie par un inconnu dans un train"},"content":{"rendered":"<p>    Diane Leyre en juin 2025<br \/>\n                Nasser Berzane \/ ABACA<\/p>\n<p>Ce mercredi 13 ao\u00fbt, l\u2019ancienne reine de beaut\u00e9 a partag\u00e9 sur son compte Instagram une exp\u00e9rience traumatisante. Miss France 2022 a r\u00e9v\u00e9l\u00e9 avoir \u00e9t\u00e9 victime du comportement \u00e9trange d\u2019un homme particuli\u00e8rement insistant.<\/p>\n<p class=\"fig-paragraph\">\u00ab J\u2019ai \u00e9t\u00e9 suivie dans le train\u00a0\u00bb, a t\u00e9moign\u00e9\u00a0<a href=\"https:\/\/www.lefigaro.fr\/tag\/diane-leyre\" target=\"_blank\" rel=\"noopener\" data-gtm-custom-categorie=\"navigation\" data-gtm-custom-action=\"crossclick\" data-gtm-custom-label=\"Contextuel\" data-gtm-event=\"customEventSPE\"><strong>Diane Leyre<\/strong><\/a> \u00a0dans une story post\u00e9e sur son compte Instagram, ce mercredi 13 ao\u00fbt. La jeune femme de 28 ans a \u00e9t\u00e9 traqu\u00e9e par un inconnu alors qu\u2019elle prenait seule le train. Une exp\u00e9rience particuli\u00e8rement stressante, et malheureusement trop courante, que\u00a0<a href=\"http:\/\/tvmag.lefigaro.fr\/dossier\/concours-beaute-actualite-photo-video-miss-candidates\" target=\"_blank\" data-fig-type=\"Topic\" rel=\"noopener\" data-gtm-custom-categorie=\"navigation\" data-gtm-custom-action=\"crossclick\" data-gtm-custom-label=\"Contextuel\" data-gtm-event=\"customEventSPE\" data-fig-domain=\"TVMAG\">Miss France 2022<\/a>\u00a0a souhait\u00e9 partager avec ses abonn\u00e9s.<\/p>\n<p class=\"fig-paragraph\">\u00ab J\u2019ai rarement eu aussi peur et, pourtant, je ne suis pas du genre \u00e0 paniquer facilement, a-t-elle \u00e9crit. \u00c0 la gare, j\u2019ai senti qu\u2019un homme me suivait. J\u2019ai essay\u00e9 de le semer mais il m\u2019attendait partout. J\u2019ai fait semblant de changer de train mais il m\u2019a suivie, coll\u00e9e dans les escalators. J\u2019ai fait semblant de rentrer dans un wagon, il est all\u00e9 dedans puis m\u2019a cherch\u00e9e jusqu\u2019\u00e0 mon wagon. Il s\u2019est approch\u00e9 de mes valises mais je me suis lev\u00e9e donc il est parti et il est retourn\u00e9 dans un autre wagon. Il est sorti ensuite au premier arr\u00eat et a attendu sur le quai en guettant. \u00bb<\/p>\n<p class=\"fig-body-link\">\n            \u00c0 lire aussi<br \/>\n        <a class=\"fig-body-link__link\" href=\"http:\/\/tvmag.lefigaro.fr\/programme-tv\/actu-tele\/trop-maigre-trop-nue-diane-leyre-repond-aux-critiques-sur-sa-tenue-a-canneseries-20250430\" target=\"_blank\" data-fig-type=\"Article\" rel=\"noopener\" data-gtm-custom-categorie=\"navigation\" data-gtm-custom-action=\"crossclick\" data-gtm-custom-label=\"Contextuel\" data-gtm-event=\"customEventSPE\" data-fig-domain=\"TVMAG\">\u00ab\u00a0Trop maigre\u00a0\u00bb, \u00ab\u00a0trop nue\u00a0\u00bb\u00a0: Diane Leyre r\u00e9pond aux critiques sur sa tenue sexy \u00e0 Cannes\u00e9ries<br \/>\n    <\/a>\n<\/p>\n<blockquote class=\"fig-quote&#10;    \">\n<p class=\"fig-quote__text\">\u00ab J\u2019ai senti que j\u2019\u00e9tais en ins\u00e9curit\u00e9\u00a0\u00bb<\/p>\n<p>            Diane Leyre\n    <\/p><\/blockquote>\n<p>                                    <a class=\"fig-a11y-skip a11y-hidden\" href=\"#fig-a11y-skip-main-inarticle\"><br \/>\n        Passer la publicit\u00e9<br \/>\n    <\/a><\/p>\n<p class=\"fig-paragraph\">La Neuill\u00e9enne n\u2019a eu d\u2019autre choix que de pr\u00e9venir les autorit\u00e9s comp\u00e9tentes. \u00ab J\u2019ai senti que j\u2019\u00e9tais en ins\u00e9curit\u00e9. En plus, aucun contr\u00f4leur dans mon train et je n\u2019ai pas os\u00e9 bouger de mon si\u00e8ge pour chercher quelqu\u2019un, a-t-elle ajout\u00e9. J\u2019ai appel\u00e9 tout de suite la police pendant le trajet pour les pr\u00e9venir afin qu\u2019ils puissent intervenir. Merci \u00e0 la police de Valence et de Montpellier pour leur r\u00e9activit\u00e9 et leur gentillesse. Ils ont tout de suite \u00e9t\u00e9 l\u00e0 en sortant pour me rassurer. \u00bb<\/p>\n<p class=\"fig-paragraph\">Diane Leyre a tenu \u00e0 encourager ses abonn\u00e9es, qui pourraient se retrouver dans la m\u00eame situation, \u00e0 appeler imm\u00e9diatement \u00e0 l\u2019aide. \u00ab J\u2019ai pris une tr\u00e8s grosse frayeur, je suis encore en stress de la situation, a-t-elle confi\u00e9. Faites attention \u00e0 vous. Et surtout, il ne faut pas h\u00e9siter \u00e0 demander de l\u2019aide quand on a le sentiment que quelque chose ne va pas, \u00e7a ne sert \u00e0 rien d\u2019attendre le drame. \u00bb<\/p>\n<p class=\"fig-paragraph\">L\u2019animatrice de radio et mannequin partage r\u00e9guli\u00e8rement des situations de son quotidien sur les r\u00e9seaux sociaux. Souvent confront\u00e9e \u00e0 des commentaires d\u00e9sobligeants, celle qui a particip\u00e9 \u00e0\u00a0<a href=\"https:\/\/tvmag.lefigaro.fr\/programme-tv\/programme\/murder-party-f1583063358\" target=\"_blank\" rel=\"noopener\" data-gtm-custom-categorie=\"navigation\" data-gtm-custom-action=\"crossclick\" data-gtm-custom-label=\"Contextuel\" data-gtm-event=\"customEventSPE\">\u00ab Murder Party\u00a0\u00bb\u00a0sur M6\u00a0<\/a>n\u2019h\u00e9site pas \u00e0 remettre \u00e0 leur place ceux qui lui font des remarques d\u00e9plac\u00e9es sur son physique notamment.<\/p>\n","protected":false},"excerpt":{"rendered":"Diane Leyre en juin 2025 Nasser Berzane \/ ABACA Ce mercredi 13 ao\u00fbt, l\u2019ancienne reine de beaut\u00e9 a&hellip;\n","protected":false},"author":2,"featured_media":318392,"comment_status":"","ping_status":"","sticky":false,"template":"","format":"standard","meta":{"footnotes":""},"categories":[1359],"tags":[34820,58,59,1011,27,3668,973],"class_list":{"0":"post-318391","1":"post","2":"type-post","3":"status-publish","4":"format-standard","5":"has-post-thumbnail","7":"category-people","8":"tag-diane-leyre","9":"tag-divertissement","10":"tag-entertainment","11":"tag-fr","12":"tag-france","13":"tag-harcelement","14":"tag-people"},"share_on_mastodon":{"url":"https:\/\/pubeurope.com\/@fr\/115026662887726239","error":""},"_links":{"self":[{"href":"https:\/\/www.europesays.com\/fr\/wp-json\/wp\/v2\/posts\/318391","targetHints":{"allow":["GET"]}}],"collection":[{"href":"https:\/\/www.europesays.com\/fr\/wp-json\/wp\/v2\/posts"}],"about":[{"href":"https:\/\/www.europesays.com\/fr\/wp-json\/wp\/v2\/types\/post"}],"author":[{"embeddable":true,"href":"https:\/\/www.europesays.com\/fr\/wp-json\/wp\/v2\/users\/2"}],"replies":[{"embeddable":true,"href":"https:\/\/www.europesays.com\/fr\/wp-json\/wp\/v2\/comments?post=318391"}],"version-history":[{"count":0,"href":"https:\/\/www.europesays.com\/fr\/wp-json\/wp\/v2\/posts\/318391\/revisions"}],"wp:featuredmedia":[{"embeddable":true,"href":"https:\/\/www.europesays.com\/fr\/wp-json\/wp\/v2\/media\/318392"}],"wp:attachment":[{"href":"https:\/\/www.europesays.com\/fr\/wp-json\/wp\/v2\/media?parent=318391"}],"wp:term":[{"taxonomy":"category","embeddable":true,"href":"https:\/\/www.europesays.com\/fr\/wp-json\/wp\/v2\/categories?post=318391"},{"taxonomy":"post_tag","embeddable":true,"href":"https:\/\/www.europesays.com\/fr\/wp-json\/wp\/v2\/tags?post=318391"}],"curies":[{"name":"wp","href":"https:\/\/api.w.org\/{rel}","templated":true}]}}