{"id":318395,"date":"2025-08-14T10:33:13","date_gmt":"2025-08-14T10:33:13","guid":{"rendered":"https:\/\/www.europesays.com\/fr\/318395\/"},"modified":"2025-08-14T10:33:13","modified_gmt":"2025-08-14T10:33:13","slug":"le-nouveau-livre-de-federico-marchetti-preface-par-giorgio-armani-sortira-le-9-septembre","status":"publish","type":"post","link":"https:\/\/www.europesays.com\/fr\/318395\/","title":{"rendered":"Le nouveau livre de Federico Marchetti, pr\u00e9fac\u00e9 par Giorgio Armani, sortira le 9 septembre"},"content":{"rendered":"<p>Le 9 septembre, para\u00eetra le nouveau livre de Federico Marchetti, pr\u00e9fac\u00e9 par Giorgio Armani : \u00ab The Geek of chic: an american dream italian style \u00bb (304 pages, 18,99 dollars). L&rsquo;ouvrage, de l&rsquo;\u00e9diteur am\u00e9ricain Post Hill Press, sera publi\u00e9 en anglais.<\/p>\n<p>\u00ab Un r\u00e9cit stimulant, riche de succ\u00e8s, d&rsquo;erreurs, d&rsquo;honn\u00eatet\u00e9 et de ce qu&rsquo;il faut pour partir de z\u00e9ro, dans le but d&rsquo;encourager tous ceux qui veulent changer le monde \u00bb, peut-on lire dans la pr\u00e9sentation.<\/p>\n<p>Au d\u00e9but des ann\u00e9es 2000, Federico Marchetti a obtenu un investissement de plusieurs millions de dollars de Benchmark, une soci\u00e9t\u00e9 de capital-risque, et l&rsquo;a transform\u00e9 en Yoox Net-a-porter group. Ce dernier a ensuite \u00e9t\u00e9 c\u00e9d\u00e9 \u00e0 la soci\u00e9t\u00e9 \u00e0 laquelle appartient, entre autres marques, Cartier, le groupe suisse Richemont, pour une valeur de six milliards de dollars. \u00ab Marchetti a trouv\u00e9 sa recette du succ\u00e8s en combinant les comp\u00e9tences techniques de la Silicon Valley avec la cr\u00e9ativit\u00e9 et l&rsquo;humanisme italiens. Son approche des affaires se r\u00e9f\u00e8re \u00e0 cet ADN italien, et pourtant Marchetti a contribu\u00e9 \u00e0 faire entrer la mode dans le XXIe si\u00e8cle en construisant la premi\u00e8re licorne italienne, dans un pays d\u00e9pourvu d&rsquo;infrastructures num\u00e9riques et de culture technologique \u00bb, poursuit la pr\u00e9sentation.<\/p>\n<p>  La couverture de The Geek of chic: an american dream italian style Credits: Federico Marchetti website<\/p>\n<p>L&rsquo;histoire de Marchetti se d\u00e9roule sur fond de paysages europ\u00e9ens : Milan, le lac de C\u00f4me, Venise et les palais royaux anglais. Son parcours commence par une enfance italienne difficile et aborde plusieurs des moments les plus importants du commerce international de ces derni\u00e8res d\u00e9cennies, du travail dans les tours jumelles aux \u00e9tudes \u00e0 la Columbia Business School, jusqu&rsquo;au lancement d&rsquo;une start-up peu avant la bulle Internet. En chemin, il rencontre les personnalit\u00e9s les plus influentes du monde de la technologie, de Jeff Bezos \u00e0 Bill Gates et Mark Zuckerberg.<\/p>\n<p>\u00ab Marchetti si\u00e8ge au conseil d&rsquo;administration d&rsquo;Armani en tant que seul membre ext\u00e9rieur \u00e0 la famille, participe aux d\u00e9fil\u00e9s et co-investit dans les films de Luca Guadagnino. The Geek of chic est aussi stimulant qu&rsquo;amusant, riche en style, en situations surr\u00e9alistes, en \u00e9v\u00e9nements inattendus et en moments charni\u00e8res \u00bb, conclut la pr\u00e9sentation du livre.<\/p>\n<p>Dans le New Yorker, il a \u00e9t\u00e9 \u00e9crit \u00e0 propos de Marchetti que \u00ab personne n&rsquo;a plus contribu\u00e9 que Federico \u00e0 introduire le e-commerce dans la mode \u00bb et le New York Times l&rsquo;a qualifi\u00e9 d&rsquo;\u00ab homme qui a mis la mode en ligne \u00bb.<\/p>\n<p>En 2021, le prince de Galles, aujourd&rsquo;hui roi Charles III, lui a demand\u00e9 de pr\u00e9sider la Fashion Task Force de la Sustainable Markets Initiative.<\/p>\n<p>Marchetti et le roi Charles, qui partagent la m\u00eame passion pour l&rsquo;artisanat et l&rsquo;\u00e9ducation, ont \u00e9galement con\u00e7u en 2018 le projet The Modern Artisan. Cette initiative a donn\u00e9 naissance \u00e0 une collaboration continue entre la Prince\u2019s Foundation, aujourd&rsquo;hui The King\u2019s Foundation, et Yoox Net-a-Porter, con\u00e7ue pour encourager les jeunes \u00e9tudiants et les artisans \u00e0 cr\u00e9er un luxe durable, en utilisant les donn\u00e9es et la technologie.<\/p>\n<p>Cet article a \u00e9t\u00e9 traduit \u00e0 l&rsquo;aide d&rsquo;un outil d&rsquo;intelligence artificielle, puis v\u00e9rifi\u00e9 et \u00e9dit\u00e9 par un journaliste de FashionUnited.<\/p>\n<p>FashionUnited utilise des outils linguistiques d&rsquo;intelligence artificielle pour acc\u00e9l\u00e9rer la traduction et la relecture des articles d&rsquo;actualit\u00e9 afin d&rsquo;am\u00e9liorer le r\u00e9sultat final. Nos journalistes gagnent ainsi du temps et peuvent se consacrer \u00e0 la recherche et \u00e0 la r\u00e9daction d&rsquo;articles originaux. Les articles traduits \u00e0 l&rsquo;aide de l&rsquo;IA sont soigneusement examin\u00e9s par un r\u00e9dacteur de notre \u00e9quipe. Pour toute question ou remarque, n&rsquo;h\u00e9sitez pas \u00e0 nous \u00e9crire \u00e0 info@fashionunited.com.<\/p>\n","protected":false},"excerpt":{"rendered":"Le 9 septembre, para\u00eetra le nouveau livre de Federico Marchetti, pr\u00e9fac\u00e9 par Giorgio Armani : \u00ab The Geek&hellip;\n","protected":false},"author":2,"featured_media":318396,"comment_status":"","ping_status":"","sticky":false,"template":"","format":"standard","meta":{"footnotes":""},"categories":[1357],"tags":[1379,58,59,1011,27,1380],"class_list":{"0":"post-318395","1":"post","2":"type-post","3":"status-publish","4":"format-standard","5":"has-post-thumbnail","7":"category-livres","8":"tag-books","9":"tag-divertissement","10":"tag-entertainment","11":"tag-fr","12":"tag-france","13":"tag-livres"},"share_on_mastodon":{"url":"https:\/\/pubeurope.com\/@fr\/115026670601807411","error":""},"_links":{"self":[{"href":"https:\/\/www.europesays.com\/fr\/wp-json\/wp\/v2\/posts\/318395","targetHints":{"allow":["GET"]}}],"collection":[{"href":"https:\/\/www.europesays.com\/fr\/wp-json\/wp\/v2\/posts"}],"about":[{"href":"https:\/\/www.europesays.com\/fr\/wp-json\/wp\/v2\/types\/post"}],"author":[{"embeddable":true,"href":"https:\/\/www.europesays.com\/fr\/wp-json\/wp\/v2\/users\/2"}],"replies":[{"embeddable":true,"href":"https:\/\/www.europesays.com\/fr\/wp-json\/wp\/v2\/comments?post=318395"}],"version-history":[{"count":0,"href":"https:\/\/www.europesays.com\/fr\/wp-json\/wp\/v2\/posts\/318395\/revisions"}],"wp:featuredmedia":[{"embeddable":true,"href":"https:\/\/www.europesays.com\/fr\/wp-json\/wp\/v2\/media\/318396"}],"wp:attachment":[{"href":"https:\/\/www.europesays.com\/fr\/wp-json\/wp\/v2\/media?parent=318395"}],"wp:term":[{"taxonomy":"category","embeddable":true,"href":"https:\/\/www.europesays.com\/fr\/wp-json\/wp\/v2\/categories?post=318395"},{"taxonomy":"post_tag","embeddable":true,"href":"https:\/\/www.europesays.com\/fr\/wp-json\/wp\/v2\/tags?post=318395"}],"curies":[{"name":"wp","href":"https:\/\/api.w.org\/{rel}","templated":true}]}}