{"id":318397,"date":"2025-08-14T10:34:10","date_gmt":"2025-08-14T10:34:10","guid":{"rendered":"https:\/\/www.europesays.com\/fr\/318397\/"},"modified":"2025-08-14T10:34:10","modified_gmt":"2025-08-14T10:34:10","slug":"je-vais-claquer-a-bali-cest-sur-tracy-maries-au-premier-regard-hospitalisee-durgence-son-voyage-tourne-mal","status":"publish","type":"post","link":"https:\/\/www.europesays.com\/fr\/318397\/","title":{"rendered":"\u00ab\u00a0Je vais claquer \u00e0 Bali, c&rsquo;est s\u00fbr\u00a0\u00bb, Tracy (Mari\u00e9s au premier regard), hospitalis\u00e9e d\u2019urgence, son voyage tourne mal"},"content":{"rendered":"<p>      R\u00e9sum\u00e9<\/p>\n<p>Tracy, ex-candidate de Mari\u00e9s au premier regard, a \u00e9t\u00e9 hospitalis\u00e9e \u00e0 Bali apr\u00e8s avoir d\u00e9velopp\u00e9 une infection digestive s\u00e9v\u00e8re, ce qui a compliqu\u00e9 ses vacances sur place.<\/p>\n<p>        Sommaire<\/p>\n<p><strong>Les vacances idylliques de <a href=\"https:\/\/www.public.fr\/quelqu-un-qui-a-une-trop-grosse-tracy-de-maries-au-premier-regard-surprend-les-telespectateurs-avec-ses-criteres\" rel=\"nofollow noopener\" target=\"_blank\">Tracy<\/a> \u00e0 Bali ont vir\u00e9 au drame<\/strong>. Ce mercredi 13 ao\u00fbt 2025, l&rsquo;ex-candidate de Mari\u00e9s au premier regard s&rsquo;est en effet empar\u00e9e de ses r\u00e9seaux sociaux afin de partager sa derni\u00e8re m\u00e9saventure.<\/p>\n<p>Loin des plages de sable fin, c&rsquo;est \u00e0 l&rsquo;h\u00f4pital que la jeune femme s&rsquo;est affich\u00e9e sur <a href=\"https:\/\/www.instagram.com\/latress_hrn\/\" target=\"_blank\" rel=\"noreferrer noopener nofollow\">Instagram<\/a>. \u00ab\u00a0Toujours garder le smile m\u00eame quand on est dans les choux. En vrai, je rigole mais je n&rsquo;\u00e9tais pas bien\u00a0\u00bb, a-t-elle notamment \u00e9crit avant d&rsquo;entrer dans les d\u00e9tails. <\/p>\n<p>Tracy hospitalis\u00e9e \u00e0 Bali<\/p>\n<p>\u00ab\u00a0J&rsquo;ai fait une activit\u00e9 et tout s&rsquo;est tr\u00e8s bien pass\u00e9, mais apr\u00e8s, en rentrant, j&rsquo;ai \u00e9t\u00e9 aux toilettes d&rsquo;un coup, mais je ne me suis pas inqui\u00e9t\u00e9e car ici on ne mange pas de la m\u00eame fa\u00e7on. Sauf que \u00e7a s&rsquo;est transform\u00e9 en cauchemar\u00a0\u00bb, a expliqu\u00e9 la jolie brune. <\/p>\n<p>Par la suite, de nombreux sympt\u00f4mes sont malheureusement apparus. \u00ab\u00a0I<strong>l y a une nuit, j&rsquo;ai eu un pique de fi\u00e8vre et j&rsquo;ai vu quelqu&rsquo;un dans la chambre dans la nuit<\/strong>. Je me suis dit :\u00a0&lsquo;Je commence \u00e0 avoir des hallucinations, \u00e7a ne va pas du tout&rsquo;.\u00a0Le lendemain, je me suis endormie sur la table du resto, la fi\u00e8vre a commenc\u00e9 \u00e0 revenir\u00a0\u00bb, a pr\u00e9cis\u00e9 Tracy. <\/p>\n<p>\u00ab\u00a0Une bact\u00e9rie dans le tube digestif\u00a0\u00bb<\/p>\n<p>Au plus mal, la jeune femme a donc \u00e9t\u00e9 conduite aux urgences&#8230; mais une fois de plus, tout ne s&rsquo;est pas pass\u00e9 comme pr\u00e9vu. <\/p>\n<p>\u00ab\u00a0Quand on est arriv\u00e9s j&rsquo;avais une petite tension et de la fi\u00e8vre. L\u00e0, le cauchemar,\u00a0il y avait trop de perfusions d&rsquo;un coup : <strong>mon rythme cardiaque s&rsquo;est acc\u00e9l\u00e9r\u00e9<\/strong>, c\u2019est-\u00e0-dire que j&rsquo;\u00e9tais entre 125 et 130 par minute au repos\u00a0et <strong>je commen\u00e7ais \u00e0 avoir tr\u00e8s mal \u00e0 la poitrine et je voyais flou<\/strong>. Je me suis dit :\u00a0&lsquo;Je vais claquer \u00e0 Bali c&rsquo;est s\u00fbr'\u00a0\u00bb, a-t-elle lanc\u00e9. <\/p>\n<p>Et de poursuivre : \u00ab\u00a0Le lendemain, c&rsquo;est pire, j&rsquo;ai beaucoup de sang dans les selles. <strong>Je fais des analyses, prise de sang etc&#8230; Il me trouve une bact\u00e9rie dans le tube digestif.\u00a0C&rsquo;est le bali belly, mais en version hardcore.<\/strong> L&rsquo;eau n&rsquo;est pas potable : je ne bois pas l&rsquo;eau du robinet, mais je me suis bross\u00e9 les dents avec. Je suis quelqu&rsquo;un qui est tr\u00e8s friand de fruits et \u00e7a peut \u00eatre un fruit mal lav\u00e9 aussi, ou alors dans les gla\u00e7ons\u00a0\u00bb<\/p>\n<p>\u00ab\u00a0Je n\u2019ai pas eu de chance mais \u00e7a va beaucoup mieux (&#8230;) Ce n\u2019est pas cet \u00e9pisode qui va me faire d\u00e9tester Bali\u00a0\u00bb, a conclu Tracy. Une chose est s\u00fbre, elle devrait se souvenir longtemps de son s\u00e9jour en Indon\u00e9sie. <\/p>\n<p>      Mentionn\u00e9s dans cet article<\/p>\n<p>      Sur le m\u00eame sujet<\/p>\n<p>  <script async src=\"\/\/www.instagram.com\/embed.js\"><\/script><\/p>\n","protected":false},"excerpt":{"rendered":"R\u00e9sum\u00e9 Tracy, ex-candidate de Mari\u00e9s au premier regard, a \u00e9t\u00e9 hospitalis\u00e9e \u00e0 Bali apr\u00e8s avoir d\u00e9velopp\u00e9 une infection&hellip;\n","protected":false},"author":2,"featured_media":318398,"comment_status":"","ping_status":"","sticky":false,"template":"","format":"standard","meta":{"footnotes":""},"categories":[1356],"tags":[6607,58,59,1011,27,6218,252,1364],"class_list":{"0":"post-318397","1":"post","2":"type-post","3":"status-publish","4":"format-standard","5":"has-post-thumbnail","7":"category-television","8":"tag-bali","9":"tag-divertissement","10":"tag-entertainment","11":"tag-fr","12":"tag-france","13":"tag-maries-au-premier-regard","14":"tag-television","15":"tag-tv"},"share_on_mastodon":{"url":"https:\/\/pubeurope.com\/@fr\/115026674656759820","error":""},"_links":{"self":[{"href":"https:\/\/www.europesays.com\/fr\/wp-json\/wp\/v2\/posts\/318397","targetHints":{"allow":["GET"]}}],"collection":[{"href":"https:\/\/www.europesays.com\/fr\/wp-json\/wp\/v2\/posts"}],"about":[{"href":"https:\/\/www.europesays.com\/fr\/wp-json\/wp\/v2\/types\/post"}],"author":[{"embeddable":true,"href":"https:\/\/www.europesays.com\/fr\/wp-json\/wp\/v2\/users\/2"}],"replies":[{"embeddable":true,"href":"https:\/\/www.europesays.com\/fr\/wp-json\/wp\/v2\/comments?post=318397"}],"version-history":[{"count":0,"href":"https:\/\/www.europesays.com\/fr\/wp-json\/wp\/v2\/posts\/318397\/revisions"}],"wp:featuredmedia":[{"embeddable":true,"href":"https:\/\/www.europesays.com\/fr\/wp-json\/wp\/v2\/media\/318398"}],"wp:attachment":[{"href":"https:\/\/www.europesays.com\/fr\/wp-json\/wp\/v2\/media?parent=318397"}],"wp:term":[{"taxonomy":"category","embeddable":true,"href":"https:\/\/www.europesays.com\/fr\/wp-json\/wp\/v2\/categories?post=318397"},{"taxonomy":"post_tag","embeddable":true,"href":"https:\/\/www.europesays.com\/fr\/wp-json\/wp\/v2\/tags?post=318397"}],"curies":[{"name":"wp","href":"https:\/\/api.w.org\/{rel}","templated":true}]}}