{"id":318401,"date":"2025-08-14T10:36:19","date_gmt":"2025-08-14T10:36:19","guid":{"rendered":"https:\/\/www.europesays.com\/fr\/318401\/"},"modified":"2025-08-14T10:36:19","modified_gmt":"2025-08-14T10:36:19","slug":"gerry-de-gus-van-sant-une-randonnee-sans-fin-ni-boussole-telerama","status":"publish","type":"post","link":"https:\/\/www.europesays.com\/fr\/318401\/","title":{"rendered":"\u201cGerry\u201d, de Gus Van Sant : une randonn\u00e9e sans fin ni boussole &#8211; T\u00e9l\u00e9rama"},"content":{"rendered":"<ol>\n<li><a href=\"https:\/\/news.google.com\/rss\/articles\/CBMipgFBVV95cUxNQTFiOThLOHNaZHdkVW1CN0JMSjJucExNTFRlOVFwczViSjNnOXc0VWw4VmN4cGJLWV9KZFdhSDBleXZ2bWQxWEhvTk1BdTJ1UGNxWXhEX1RxUFN4ZWloOG50S2FwX1d0SlFYRVJiSndfa2RWMGpzcG1jS3oxaG16VEpQNktVODV0S015RkdlT05JWVFuUGRiLWRYaC1HZ1lXVmFVeUpR?oc=5\" target=\"_blank\" rel=\"nofollow noopener\">\u201cGerry\u201d, de Gus Van Sant : une randonn\u00e9e sans fin ni boussole<\/a>&nbsp;&nbsp;T\u00e9l\u00e9rama<\/li>\n<li><a href=\"https:\/\/news.google.com\/rss\/articles\/CBMiakFVX3lxTE9vU2lpOFVxMFhMVXZkT244b25hczlCcWxUVDRJV185YUxxRFo3TldqSGNobVlqX1l0T21kVkVPQ2twTDRReW85SzBCT0tjelh4OE1tNEgyODdKMkwwNndGOTRsU0hmaWdvRUE?oc=5\" target=\"_blank\" rel=\"nofollow noopener\">Gerry : pourquoi faut-il (re)voir le film de Gus Van Sant ?<\/a>&nbsp;&nbsp;Num\u00e9ro Magazine<\/li>\n<li><a href=\"https:\/\/news.google.com\/rss\/articles\/CBMigwFBVV95cUxQVUVqZkY4ZHp4YmlpYjF0ZEpCbTBTVGUxRVhuMEZCSlpBVC1lNGlfNWlPY1Yybms3d1lzbVM0aElPdHNWZ0xxc2JXY19GMTIzcXJuS0NIM1k2Rmx2ZHlURlBCaVpiVGQ3MlQyekoxRC1Ya0dNQURMMEFhVTQtcGRlellDYw?oc=5\" target=\"_blank\" rel=\"nofollow noopener\">Gerry : l\u2019errance hypnotique de Gus Van Sant sur France 4<\/a>&nbsp;&nbsp;screenplus.fr<\/li>\n<li><a href=\"https:\/\/news.google.com\/rss\/articles\/CBMi6AFBVV95cUxPMmhnS3FVTXNfR1Z4YWNQamZvbE0xa2puMk1sRUc5dEdEMWxHUlM4dzhXV2RjOTlWNkRUUTgxMEI5LVZSU1dCUzhPQ2tSYU11ejY0Nk5CZEpYVXIzZnRYMF85Qk9DX1pKUmdubW5HVk9IYS1qU0xjc3ljNktFejhiNWE5X200WnFrU0hfb1hZNm5qWTE0MllMUFY4eFBMQVhsWlpYdDA5YU5zX1BQUk5sS2p6eDNLZW9TTHRsdFltOXROWFJ3bUlQYTZ1aXV2UmlUWG9naUEwTWZsUURkb3lvLVlxQ0dOcFdZ?oc=5\" target=\"_blank\" rel=\"nofollow noopener\">Le film \u00ab\u00a0Gerry\u00a0\u00bb avec Matt Damon rediffus\u00e9 sur France 4 jeudi 14 ao\u00fbt 2025 (vid\u00e9o)<\/a>&nbsp;&nbsp;Les coulisses de la T\u00e9l\u00e9vision<\/li>\n<\/ol>\n","protected":false},"excerpt":{"rendered":"\u201cGerry\u201d, de Gus Van Sant : une randonn\u00e9e sans fin ni boussole&nbsp;&nbsp;T\u00e9l\u00e9rama Gerry : pourquoi faut-il (re)voir le&hellip;\n","protected":false},"author":2,"featured_media":318402,"comment_status":"","ping_status":"","sticky":false,"template":"","format":"standard","meta":{"footnotes":""},"categories":[1354],"tags":[58,59,1346,1011,27,1360],"class_list":{"0":"post-318401","1":"post","2":"type-post","3":"status-publish","4":"format-standard","5":"has-post-thumbnail","7":"category-films","8":"tag-divertissement","9":"tag-entertainment","10":"tag-films","11":"tag-fr","12":"tag-france","13":"tag-movies"},"share_on_mastodon":{"url":"https:\/\/pubeurope.com\/@fr\/115026682427068906","error":""},"_links":{"self":[{"href":"https:\/\/www.europesays.com\/fr\/wp-json\/wp\/v2\/posts\/318401","targetHints":{"allow":["GET"]}}],"collection":[{"href":"https:\/\/www.europesays.com\/fr\/wp-json\/wp\/v2\/posts"}],"about":[{"href":"https:\/\/www.europesays.com\/fr\/wp-json\/wp\/v2\/types\/post"}],"author":[{"embeddable":true,"href":"https:\/\/www.europesays.com\/fr\/wp-json\/wp\/v2\/users\/2"}],"replies":[{"embeddable":true,"href":"https:\/\/www.europesays.com\/fr\/wp-json\/wp\/v2\/comments?post=318401"}],"version-history":[{"count":0,"href":"https:\/\/www.europesays.com\/fr\/wp-json\/wp\/v2\/posts\/318401\/revisions"}],"wp:featuredmedia":[{"embeddable":true,"href":"https:\/\/www.europesays.com\/fr\/wp-json\/wp\/v2\/media\/318402"}],"wp:attachment":[{"href":"https:\/\/www.europesays.com\/fr\/wp-json\/wp\/v2\/media?parent=318401"}],"wp:term":[{"taxonomy":"category","embeddable":true,"href":"https:\/\/www.europesays.com\/fr\/wp-json\/wp\/v2\/categories?post=318401"},{"taxonomy":"post_tag","embeddable":true,"href":"https:\/\/www.europesays.com\/fr\/wp-json\/wp\/v2\/tags?post=318401"}],"curies":[{"name":"wp","href":"https:\/\/api.w.org\/{rel}","templated":true}]}}