{"id":318403,"date":"2025-08-14T10:37:10","date_gmt":"2025-08-14T10:37:10","guid":{"rendered":"https:\/\/www.europesays.com\/fr\/318403\/"},"modified":"2025-08-14T10:37:10","modified_gmt":"2025-08-14T10:37:10","slug":"quest-ce-que-lalimentation-holistique-bonne-pour-la-planete-la-sante-et-le-portefeuille","status":"publish","type":"post","link":"https:\/\/www.europesays.com\/fr\/318403\/","title":{"rendered":"Qu\u2019est-ce que l\u2019alimentation \u00abholistique\u00bb, bonne pour la plan\u00e8te, la sant\u00e9 et le portefeuille?"},"content":{"rendered":"<p>    Dans le r\u00e9gime m\u00e9diterran\u00e9en, souvent lou\u00e9 pour son int\u00e9r\u00eat dans le domaine de la sant\u00e9, la viande est un ingr\u00e9dient mineur.<br \/>\n                stock.adobe.com<\/p>\n<p><strong>ENTRETIEN &#8211; <\/strong>La vice-pr\u00e9sidente \u00e0 la charge des relations internationales de la Soci\u00e9t\u00e9 fran\u00e7aise de nutrition, Marie-Jos\u00e8phe Amiot-Carlin, d\u00e9taille cette approche qui s\u00e9duit de plus en plus.<\/p>\n<p class=\"fig-paragraph\">Directrice de recherche honoraire de l\u2019Institut national fran\u00e7ais de recherche pour l\u2019agriculture, l\u2019alimentation et l\u2019environnement (Inrae) et responsable scientifique \u00e0 l\u2019Agence nationale de la recherche sur les syst\u00e8mes alimentaires durables, Marie-Jos\u00e8phe Amiot-Carlin est vice-pr\u00e9sidente en charge des relations internationales de la Soci\u00e9t\u00e9 fran\u00e7aise de nutrition et membre du groupe d\u2019experts de haut niveau sur la s\u00e9curit\u00e9 alimentaire et la nutrition pour les Nations unies. Elle nous \u00e9claire sur le concept d\u2019alimentation \u00ab\u00a0holistique\u00a0\u00bb, qui entend prendre en compte \u00e0 la fois les aspects li\u00e9s \u00e0 la sant\u00e9, mais aussi r\u00e9pondre aux nombreux d\u00e9fis \u00e9cologiques pos\u00e9s par la production alimentaire.<\/p>\n<p class=\"fig-paragraph\"><strong>LE FIGARO. &#8211; L\u2019approche holistique, c\u2019est-\u00e0-dire globale, de l\u2019alimentation a le vent en poupe. Pour quelles raisons\u00a0?<\/strong><\/p>\n<p class=\"fig-paragraph\"><strong>Marie-Jos\u00e8phe AMIOT-CARLIN. &#8211; <\/strong>Elle appara\u00eet aujourd\u2019hui n\u00e9cessaire compte tenu des tensions ressenties \u00e0 l\u2019heure actuelle dans nos soci\u00e9t\u00e9s. En particulier, la fa\u00e7on dont\u2026<\/p>\n<p class=\"fig-premium-paywall__infos\">\n        Cet article est r\u00e9serv\u00e9 aux abonn\u00e9s.        Il vous reste 86% \u00e0 d\u00e9couvrir.\n    <\/p>\n<p>                <img  data- alt=\"Le Figaro\" class=\"fig-img--complete fig-img\"\/><\/p>\n<p class=\"fig-premium-paywall__title\">Vente Flash<\/p>\n<p class=\"fig-premium-paywall__subtitle\">4,99\u20ac par mois pendant 12 mois. Sans engagement<\/p>\n<p class=\"fig-premium-paywall__connect\">\n                D\u00e9j\u00e0 abonn\u00e9\u00a0?                <a class=\"fig-premium-paywall__connect-link\" href=\"https:\/\/connect.lefigaro.fr\/login?client=sante_web&amp;type=main&amp;redirect_uri=https%3A%2F%2Fsante.lefigaro.fr%2Fsocial%2Fsante-publique%2Fqu-est-ce-que-l-alimentation-holistique-bonne-pour-la-planete-la-sante-et-le-portefeuille-20250814\" data-js-gtm=\"{&quot;customCategorie&quot;: &quot;conversion&quot;, &quot;customAction&quot;: &quot;before_Landing_Connexion_paywall_auto&quot;, &quot;customLabel&quot;: &quot;c2FudGUubGVmaWdhcm8uZnJfXzFmMDBlZTYxLWI1YzMtNjA4MC1hZmY1LTU1MTRlNWJmOWNkYl9fQXJ0aWNsZQ==_Qu\u2019est-ce que l\u2019alimentation \u00abholistique\u00bb, bonne pour la plan\u00e8te, la sant\u00e9 et le portefeuille?_170&quot;, &quot;customIDSPE&quot;: &quot;c2FudGUubGVmaWdhcm8uZnJfXzFmMDBlZTYxLWI1YzMtNjA4MC1hZmY1LTU1MTRlNWJmOWNkYl9fQXJ0aWNsZQ==&quot;, &quot;event&quot;: &quot;customEventSPE&quot;}\" target=\"_blank\" rel=\"noopener\"><br \/>\n                    Connectez-vous<br \/>\n                <\/a>\n            <\/p>\n","protected":false},"excerpt":{"rendered":"Dans le r\u00e9gime m\u00e9diterran\u00e9en, souvent lou\u00e9 pour son int\u00e9r\u00eat dans le domaine de la sant\u00e9, la viande est&hellip;\n","protected":false},"author":2,"featured_media":318404,"comment_status":"","ping_status":"","sticky":false,"template":"","format":"standard","meta":{"footnotes":""},"categories":[10],"tags":[45674,1011,27,72,71,42521],"class_list":{"0":"post-318403","1":"post","2":"type-post","3":"status-publish","4":"format-standard","5":"has-post-thumbnail","7":"category-sante","8":"tag-alimentation-et-sante","9":"tag-fr","10":"tag-france","11":"tag-health","12":"tag-sante","13":"tag-sport-et-sante"},"share_on_mastodon":{"url":"https:\/\/pubeurope.com\/@fr\/115026686375374013","error":""},"_links":{"self":[{"href":"https:\/\/www.europesays.com\/fr\/wp-json\/wp\/v2\/posts\/318403","targetHints":{"allow":["GET"]}}],"collection":[{"href":"https:\/\/www.europesays.com\/fr\/wp-json\/wp\/v2\/posts"}],"about":[{"href":"https:\/\/www.europesays.com\/fr\/wp-json\/wp\/v2\/types\/post"}],"author":[{"embeddable":true,"href":"https:\/\/www.europesays.com\/fr\/wp-json\/wp\/v2\/users\/2"}],"replies":[{"embeddable":true,"href":"https:\/\/www.europesays.com\/fr\/wp-json\/wp\/v2\/comments?post=318403"}],"version-history":[{"count":0,"href":"https:\/\/www.europesays.com\/fr\/wp-json\/wp\/v2\/posts\/318403\/revisions"}],"wp:featuredmedia":[{"embeddable":true,"href":"https:\/\/www.europesays.com\/fr\/wp-json\/wp\/v2\/media\/318404"}],"wp:attachment":[{"href":"https:\/\/www.europesays.com\/fr\/wp-json\/wp\/v2\/media?parent=318403"}],"wp:term":[{"taxonomy":"category","embeddable":true,"href":"https:\/\/www.europesays.com\/fr\/wp-json\/wp\/v2\/categories?post=318403"},{"taxonomy":"post_tag","embeddable":true,"href":"https:\/\/www.europesays.com\/fr\/wp-json\/wp\/v2\/tags?post=318403"}],"curies":[{"name":"wp","href":"https:\/\/api.w.org\/{rel}","templated":true}]}}