{"id":318408,"date":"2025-08-14T10:40:12","date_gmt":"2025-08-14T10:40:12","guid":{"rendered":"https:\/\/www.europesays.com\/fr\/318408\/"},"modified":"2025-08-14T10:40:12","modified_gmt":"2025-08-14T10:40:12","slug":"cette-decouverte-bouleverse-tout-un-volcan-sous-marin-revele-des-milliers-doeufs-geants-la-science-est-en-emoi-total","status":"publish","type":"post","link":"https:\/\/www.europesays.com\/fr\/318408\/","title":{"rendered":"\u00ab Cette d\u00e9couverte bouleverse tout \u00bb : un volcan sous-marin r\u00e9v\u00e8le des milliers d\u2019\u0153ufs g\u00e9ants, la science est en \u00e9moi total"},"content":{"rendered":"<tr>\n<td><strong>EN BREF<\/strong><\/td>\n<\/tr>\n<tr>\n<td>\n<ul>\n<li>\ud83c\udf0b D\u00e9couverte d\u2019un <strong>volcan sous-marin<\/strong> actif pr\u00e8s de l\u2019\u00eele de Vancouver, r\u00e9v\u00e9lant un \u00e9cosyst\u00e8me riche.<\/li>\n<li>Des milliers d\u2019\u0153ufs de <strong>raie blanche du Pacifique<\/strong>, ou \u00ab bourses de sir\u00e8ne \u00bb, trouv\u00e9s dans cet habitat unique.<\/li>\n<li>La <strong>chaleur g\u00e9othermique<\/strong> du volcan acc\u00e9l\u00e8re le d\u00e9veloppement des \u0153ufs, servant de p\u00e9pini\u00e8re naturelle.<\/li>\n<li>Cette d\u00e9couverte souligne l\u2019importance de la <strong>conservation<\/strong> des habitats volcaniques pour la biodiversit\u00e9 marine.<\/li>\n<\/ul>\n<\/td>\n<\/tr>\n<p>La r\u00e9cente d\u00e9couverte d\u2019un volcan sous-marin actif pr\u00e8s de l\u2019\u00eele de Vancouver a r\u00e9v\u00e9l\u00e9 un \u00e9cosyst\u00e8me \u00e9tonnamment riche et diversifi\u00e9. Cette trouvaille a mis en lumi\u00e8re des milliers d\u2019\u0153ufs de raie blanche du Pacifique, log\u00e9s dans ce milieu unique. Ces \u0153ufs, souvent appel\u00e9s \u00ab bourses de sir\u00e8ne \u00bb, profitent de la chaleur g\u00e9othermique du volcan, qui agit comme une p\u00e9pini\u00e8re naturelle. Ce ph\u00e9nom\u00e8ne souligne l\u2019importance de la conservation des habitats volcaniques pour la biodiversit\u00e9 marine et pourrait transformer notre compr\u00e9hension de ces environnements cach\u00e9s.<\/p>\n<p>La d\u00e9couverte d\u2019un volcan sous-marin actif<\/p>\n<p>En 2019, une \u00e9quipe dirig\u00e9e par la biologiste marine Cherisse Du Preez a d\u00e9couvert un volcan sous-marin actif pr\u00e8s de l\u2019\u00eele de Vancouver. Ce volcan, situ\u00e9 \u00e0 une profondeur de 1,5 \u00e0 1,6 kilom\u00e8tres sous la surface, lib\u00e8re des eaux chaudes et riches en min\u00e9raux. Ces conditions cr\u00e9ent un \u00e9cosyst\u00e8me unique et diversifi\u00e9. La chaleur g\u00e9othermique \u00e9mise par le volcan joue un r\u00f4le crucial dans le d\u00e9veloppement des \u0153ufs de raie blanche du Pacifique. Ces \u0153ufs, mesurant entre 45 et 50 centim\u00e8tres, n\u00e9cessitent une gestation de quatre ans. La chaleur acc\u00e9l\u00e8re ce processus, offrant un avantage aux jeunes raies. Cette relation entre g\u00e9ologie et biologie sous-marine illustre la complexit\u00e9 des interactions dans ces environnements profonds.<\/p>\n<blockquote class=\"wp-embedded-content\" data-secret=\"e86PYhIVcy\">\n<p><a href=\"https:\/\/www.innovant.fr\/2025\/07\/19\/cette-eruption-pourrait-tout-changer-une-super-eruption-volcanique-imminente-menace-le-monde-mais-personne-nest-vraiment-prepare-a-laffronter\/\" rel=\"nofollow noopener\" target=\"_blank\">\u00ab Cette \u00e9ruption pourrait tout changer \u00bb : une super-\u00e9ruption volcanique imminente menace le monde, mais personne n\u2019est vraiment pr\u00e9par\u00e9 \u00e0 l\u2019affronter<\/a><\/p>\n<\/blockquote>\n<p>Caract\u00e9ristiques de la raie blanche du Pacifique<\/p>\n<p>La raie blanche du Pacifique, scientifiquement connue sous le nom de Bathyraja spinosissima, vit dans les eaux froides du Pacifique \u00e0 des profondeurs de 800 \u00e0 2 900 m\u00e8tres. Les femelles pondent de gros \u0153ufs, investissant une \u00e9nergie consid\u00e9rable pour leur prog\u00e9niture. Les raies adultes peuvent mesurer jusqu\u2019\u00e0 2 m\u00e8tres de long, une adaptation aux conditions extr\u00eames des profondeurs. La chaleur du volcan offre un environnement id\u00e9al pour ces \u0153ufs, d\u00e9crit comme un jardin de corail et une p\u00e9pini\u00e8re s\u00e9curis\u00e9e. Un ph\u00e9nom\u00e8ne similaire a \u00e9t\u00e9 observ\u00e9 pr\u00e8s des \u00eeles Gal\u00e1pagos, o\u00f9 des \u0153ufs ont \u00e9t\u00e9 trouv\u00e9s pr\u00e8s des \u00e9vents hydrothermaux, soulignant l\u2019importance des habitats volcaniques pour la reproduction marine.<\/p>\n<blockquote class=\"wp-embedded-content\" data-secret=\"MIuUaWsBXR\">\n<p><a href=\"https:\/\/www.innovant.fr\/2025\/07\/22\/des-creatures-dignes-dun-film-de-fantasy-decouvertes-dans-les-grottes-coreennes-quatre-nouvelles-especes-etonnent-les-scientifiques\/\" rel=\"nofollow noopener\" target=\"_blank\">Des cr\u00e9atures dignes d\u2019un film de fantasy d\u00e9couvertes dans les grottes cor\u00e9ennes : quatre nouvelles esp\u00e8ces \u00e9tonnent les scientifiques<\/a><\/p>\n<\/blockquote>\n<p>Implications pour la recherche marine et la biodiversit\u00e9<\/p>\n<p>La d\u00e9couverte de ce volcan sous-marin actif et de son r\u00f4le en tant que p\u00e9pini\u00e8re naturelle r\u00e9v\u00e8le la complexit\u00e9 des \u00e9cosyst\u00e8mes marins. La chaleur fournie par ces caract\u00e9ristiques g\u00e9othermiques soutient une biodiversit\u00e9 unique. Les chercheurs \u00e9tudient l\u2019influence de ces environnements sur le d\u00e9veloppement de la vie marine. La pr\u00e9sence d\u2019\u0153ufs g\u00e9ants dans un volcan actif sugg\u00e8re que l\u2019activit\u00e9 volcanique sous-marine joue un r\u00f4le plus important dans les cycles de vie marins qu\u2019on ne le pensait. En 2023, une nouvelle exp\u00e9dition a observ\u00e9 une raie blanche pondant un \u0153uf, r\u00e9v\u00e9lant davantage sur les comportements reproductifs de cette esp\u00e8ce. Cela montre l\u2019importance \u00e9cologique de ces habitats uniques.<\/p>\n<blockquote class=\"wp-embedded-content\" data-secret=\"sVuEG8WKm4\">\n<p><a href=\"https:\/\/www.innovant.fr\/2025\/04\/10\/oui-jai-achete-50-avis-google-et-mon-chiffre-daffaires-a-double-la-methode-hallucinante-dacheter-des-fans-com-pour-la-reputation-en-ligne-sur-google\/\" rel=\"nofollow noopener\" target=\"_blank\">\u00ab Oui, j\u2019ai achet\u00e9 50 avis Google et mon chiffre d\u2019affaires a doubl\u00e9 \u00bb : la m\u00e9thode hallucinante d\u2019Acheter-des-Fans.com pour la r\u00e9putation en ligne sur Google<\/a><\/p>\n<\/blockquote>\n<p>Perspectives pour l\u2019exploration oc\u00e9anique et la conservation<\/p>\n<p>Comprendre les dynamiques des \u00e9cosyst\u00e8mes sous-marins est crucial pour la conservation marine. La d\u00e9couverte de ce lieu de reproduction unique souligne la n\u00e9cessit\u00e9 de prot\u00e9ger ces environnements fragiles. Avec le changement climatique affectant les temp\u00e9ratures et les \u00e9cosyst\u00e8mes oc\u00e9aniques, pr\u00e9server ces habitats devient imp\u00e9ratif. Les chercheurs et conservationnistes doivent collaborer pour assurer la durabilit\u00e9 de ces \u00e9cosyst\u00e8mes, qui servent de sanctuaires pour la vie marine. Les futures explorations pourraient r\u00e9v\u00e9ler plus de secrets des profondeurs. Quels autres myst\u00e8res attendent d\u2019\u00eatre d\u00e9couverts sous les vagues ?<\/p>\n<p>Cet article s\u2019appuie sur des sources v\u00e9rifi\u00e9es et l\u2019assistance de technologies \u00e9ditoriales.<\/p>\n<p id=\"rating\">\u00c7a vous a plu ?\u00a04.6\/5 (20)<\/p>\n","protected":false},"excerpt":{"rendered":"EN BREF \ud83c\udf0b D\u00e9couverte d\u2019un volcan sous-marin actif pr\u00e8s de l\u2019\u00eele de Vancouver, r\u00e9v\u00e9lant un \u00e9cosyst\u00e8me riche. Des&hellip;\n","protected":false},"author":2,"featured_media":318409,"comment_status":"","ping_status":"","sticky":false,"template":"","format":"standard","meta":{"footnotes":""},"categories":[7],"tags":[1011,27,43,40,41,39,42,44],"class_list":{"0":"post-318408","1":"post","2":"type-post","3":"status-publish","4":"format-standard","5":"has-post-thumbnail","7":"category-sciences-et-technologies","8":"tag-fr","9":"tag-france","10":"tag-science","11":"tag-science-and-technology","12":"tag-sciences","13":"tag-sciences-et-technologies","14":"tag-technologies","15":"tag-technology"},"share_on_mastodon":{"url":"https:\/\/pubeurope.com\/@fr\/115026698457205726","error":""},"_links":{"self":[{"href":"https:\/\/www.europesays.com\/fr\/wp-json\/wp\/v2\/posts\/318408","targetHints":{"allow":["GET"]}}],"collection":[{"href":"https:\/\/www.europesays.com\/fr\/wp-json\/wp\/v2\/posts"}],"about":[{"href":"https:\/\/www.europesays.com\/fr\/wp-json\/wp\/v2\/types\/post"}],"author":[{"embeddable":true,"href":"https:\/\/www.europesays.com\/fr\/wp-json\/wp\/v2\/users\/2"}],"replies":[{"embeddable":true,"href":"https:\/\/www.europesays.com\/fr\/wp-json\/wp\/v2\/comments?post=318408"}],"version-history":[{"count":0,"href":"https:\/\/www.europesays.com\/fr\/wp-json\/wp\/v2\/posts\/318408\/revisions"}],"wp:featuredmedia":[{"embeddable":true,"href":"https:\/\/www.europesays.com\/fr\/wp-json\/wp\/v2\/media\/318409"}],"wp:attachment":[{"href":"https:\/\/www.europesays.com\/fr\/wp-json\/wp\/v2\/media?parent=318408"}],"wp:term":[{"taxonomy":"category","embeddable":true,"href":"https:\/\/www.europesays.com\/fr\/wp-json\/wp\/v2\/categories?post=318408"},{"taxonomy":"post_tag","embeddable":true,"href":"https:\/\/www.europesays.com\/fr\/wp-json\/wp\/v2\/tags?post=318408"}],"curies":[{"name":"wp","href":"https:\/\/api.w.org\/{rel}","templated":true}]}}