{"id":31841,"date":"2025-04-17T14:16:10","date_gmt":"2025-04-17T14:16:10","guid":{"rendered":"https:\/\/www.europesays.com\/fr\/31841\/"},"modified":"2025-04-17T14:16:10","modified_gmt":"2025-04-17T14:16:10","slug":"le-match-retour-du-prince-william-et-de-son-fils-george-supporters-enflammes-daston-villa-au-stade-de-birmingham","status":"publish","type":"post","link":"https:\/\/www.europesays.com\/fr\/31841\/","title":{"rendered":"Le match retour du prince William et de son fils George, supporters enflamm\u00e9s d\u2019Aston Villa au stade de Birmingham"},"content":{"rendered":"<p>                             Par     <a class=\"fig-content-metas__author\" href=\"https:\/\/www.lefigaro.fr\/auteur\/maelys-decourt\" rel=\"author noopener\" target=\"_blank\">Maelys Decourt<\/a><\/p>\n<p>\n            Publi\u00e9<br \/>\n                le 16 avril 2025 \u00e0 14h06,<br \/>\n                 mis \u00e0 jour le 17 avril 2025 \u00e0 12h00<\/p>\n<p>    Le prince William et son fils George (\u00e0 Birmingham, le 15 avril 2025)<br \/>\n                Fernandez Baptiste\/Icon Sport\/ABACA<\/p>\n<p>Les h\u00e9ritiers de la couronne ont v\u00e9cu des montagnes russes \u00e9motionnelles ce mardi 15 avril au match retour d\u2019Aston Villa face au PSG, en Ligue des Champions \u00e0 Birmingham.<\/p>\n<p class=\"fig-paragraph\">Ce mardi 15 avril, \u00e0 Birmingham en Angleterre, le\u00a0prince\u00a0William<a href=\"http:\/\/madame.lefigaro.fr\/style\/news\/le-prince-william-s-habille-en-sezane-pour-un-match-de-foot-au-parc-des-princes-20250410\" data-fig-type=\"Article\" data-gtm-custom-categorie=\"navigation\" data-gtm-custom-action=\"crossclick\" data-gtm-custom-label=\"Contextuel\" data-gtm-event=\"customEventSPE\" data-fig-domain=\"MADAME\" target=\"_blank\" rel=\"noopener\">\u00a0(v\u00eatu tout en S\u00e9zane, la marque fran\u00e7aise de mode)<\/a> et\u00a0<a href=\"https:\/\/madame.lefigaro.fr\/tag\/george-de-cambridge\" target=\"_blank\" rel=\"noopener\" data-gtm-custom-categorie=\"navigation\" data-gtm-custom-action=\"crossclick\" data-gtm-custom-label=\"Contextuel\" data-gtm-event=\"customEventSPE\">son fils George<\/a>\u00a0ont assist\u00e9\u00a0<a href=\"http:\/\/madame.lefigaro.fr\/celebrites\/actu-people\/au-parc-des-princes-le-prince-william-et-son-fils-george-en-transe-pendant-le-match-psg-vs-aston-villa-20250410\" data-fig-type=\"Article\" data-gtm-custom-categorie=\"navigation\" data-gtm-custom-action=\"crossclick\" data-gtm-custom-label=\"Contextuel\" data-gtm-event=\"customEventSPE\" data-fig-domain=\"MADAME\" target=\"_blank\" rel=\"noopener\">au match retour\u00a0<\/a>des quarts de finale de Ligue des Champions entre Aston Villa et le PSG. Un moment fort pour l\u2019h\u00e9ritier de la couronne et son fils de 11 ans, r\u00e9unis par leur passion commune pour le football et leur \u00e9quipe britannique favorite. Mais malgr\u00e9 une remont\u00e9e spectaculaire de trois buts, l\u2019\u00e9quipe anglaise a \u00e9t\u00e9 \u00e9limin\u00e9e, et le PSG a valid\u00e9 son billet pour les demi-finales.<\/p>\n<p class=\"fig-paragraph\">Aux c\u00f4t\u00e9s des deux supporters royaux se trouvait\u00a0<a href=\"http:\/\/madame.lefigaro.fr\/celebrites\/actu-people\/le-duc-de-westminster-31-ans-27-fois-plus-riche-que-les-windsor-20220915\" data-fig-type=\"Article\" data-gtm-custom-categorie=\"navigation\" data-gtm-custom-action=\"crossclick\" data-gtm-custom-label=\"Contextuel\" data-gtm-event=\"customEventSPE\" data-fig-domain=\"MADAME\" target=\"_blank\" rel=\"noopener\">Hugh Grosvenor<\/a>, le duc de Westminster, parrain de George et bient\u00f4t p\u00e8re, avec son \u00e9pouse Olivia Henson. Le prince William, fid\u00e8le \u00e0 sa r\u00e9putation de fan inconditionnel, n\u2019a pas cach\u00e9 ses \u00e9motions pendant le match. Entre concentration intense et explosions de joie, l\u2019h\u00e9ritier de la couronne y a cru jusqu\u2019au bout.<\/p>\n<p class=\"fig-slideshow__title\">\n                    La d\u00e9route du duo p\u00e8re fils \u00e0 Birmingham\n                <\/p>\n<p>Un prince fan mais discret<\/p>\n<p class=\"fig-paragraph\">Contrairement \u00e0 ce que l\u2019on pourrait attendre d\u2019un membre de la famille royale, lors du match aller au Parc des Princes le 9 avril, le prince William avait fait le choix de ne pas s\u2019installer au premier rang de la tribune pr\u00e9sidentielle, \u00abpour pouvoir admirer son \u00e9quipe en toute discr\u00e9tion\u00bb,\u00a0<a href=\"https:\/\/www.leparisien.fr\/sports\/football\/ligue-des-champions\/psg-aston-villa-le-prince-william-est-bien-present-au-parc-des-princes-avec-son-fils-george-09-04-2025-UGVD6NMR4JHYVKFXG4PC47WG6Q.php\" target=\"_blank\" rel=\"nofollow noopener\" data-gtm-custom-categorie=\"navigation\" data-gtm-custom-action=\"crossclick\" data-gtm-custom-label=\"Contextuel\" data-gtm-event=\"customEventSPE\">rapporte Le Parisien<\/a>. Ce choix ne l\u2019a pourtant pas emp\u00each\u00e9 de pousser des cris d\u2019enthousiasme et d\u2019encourager son \u00e9quipe.<\/p>\n<p class=\"fig-paragraph\">Interrog\u00e9 par\u00a0<a href=\"https:\/\/www.tntsports.co.uk\/football\/champions-league\/2024-2025\/hrh-prince-william-tnt-sports-preview-aston-villa-psg_sto23171762\/story.shtml\" target=\"_blank\" rel=\"nofollow noopener\" data-gtm-custom-categorie=\"navigation\" data-gtm-custom-action=\"crossclick\" data-gtm-custom-label=\"Contextuel\" data-gtm-event=\"customEventSPE\">TNT Sports\u00a0<\/a>le 10 avril, le prince a expliqu\u00e9 son d\u00e9sir de faire vivre une exp\u00e9rience m\u00e9morable \u00e0 George\u00a0: \u00abJe me suis dit que cela faisait 43 ans que rien de tel (\u00eatre en quart de finale de Ligue des Champions, NDLR) ne s\u2019\u00e9tait produit dans ma g\u00e9n\u00e9ration de supporters de Villa et je voulais que George vive une soir\u00e9e loin de chez lui, dans une grande comp\u00e9tition europ\u00e9enne.\u00bb Un moment marquant pour le jeune gar\u00e7on et son p\u00e8re qui esp\u00e8re ne pas devoir attendre \u00ab43 ans avant la prochaine fois, mais je pense que ces souvenirs sont vraiment importants \u00e0 cr\u00e9er et l\u2019emmener comptait pour moi\u00bb.<\/p>\n<p>Fanatique et superstitieux<\/p>\n<p class=\"fig-paragraph\">M\u00eame au c\u0153ur des turbulences qui secouent la famille royale, notamment avec la visite non officielle du prince Harry en Ukraine, le prince William ne manquerait pour rien au monde un match d\u2019Aston Villa. Le 9 avril dernier, lors du match aller, il avait d\u00e9j\u00e0 pris le temps de saluer les joueurs avant la rencontre et de leur rendre visite dans les vestiaires apr\u00e8s leur d\u00e9faite. Lucas Digne, le joueur fran\u00e7ais,\u00a0<a href=\"https:\/\/www.gala.fr\/l_actu\/news_de_stars\/le-prince-william-superstitieux-pour-son-club-de-football-aston-villa-il-ne-laisse-rien-au-hasard-20250415\" target=\"_blank\" data-fig-type=\"Article\" rel=\"noopener\" data-gtm-custom-categorie=\"navigation\" data-gtm-custom-action=\"crossclick\" data-gtm-custom-label=\"Contextuel\" data-gtm-event=\"customEventSPE\" data-fig-domain=\"GALA\">a comment\u00e9 sur Canal+<\/a>.\u00a0: \u00abIl nous a souhait\u00e9 bonne chance, c\u2019est un tr\u00e8s grand fan et \u00e7a fait plaisir de le voir \u00e0 chaque fois\u00bb.<\/p>\n<p class=\"fig-paragraph\">Passionn\u00e9 au point de discuter anonymement avec d\u2019autres fans sur des forums en ligne, le mari de<a href=\"https:\/\/madame.lefigaro.fr\/tag\/kate-middleton\" target=\"_blank\" rel=\"noopener\" data-gtm-custom-categorie=\"navigation\" data-gtm-custom-action=\"crossclick\" data-gtm-custom-label=\"Contextuel\" data-gtm-event=\"customEventSPE\">\u00a0Kate Middleton\u00a0<\/a>confiait dans\u00a0<a href=\"https:\/\/www.thesun.co.uk\/sport\/33843926\/prince-william-aston-villa-match-superstitions\/\" target=\"_blank\" rel=\"nofollow noopener\" data-gtm-custom-categorie=\"navigation\" data-gtm-custom-action=\"crossclick\" data-gtm-custom-label=\"Contextuel\" data-gtm-event=\"customEventSPE\">The Sun<\/a>\u00a0en mars 2025\u00a0: \u00abJ\u2019aime aller sur les forums, je peux y rester des heures. J\u2019\u00e9coute ce que les autres fans ont \u00e0 dire et je leur donne mon avis.\u00bb Un vrai supporter, qui vit chaque match comme si c\u2019\u00e9tait le dernier. Le prince de Galles est \u00e9galement tr\u00e8s superstitieux\u00a0: \u00abSi je suis seul \u00e0 la maison avec les enfants, je ne prendrai probablement pas la pinte d\u2019avant-match, mais j\u2019ai une certaine superstition quant \u00e0 l\u2019endroit o\u00f9 je m\u2019assois quand je les regarde. Si mon \u00e9quipe ne va pas tr\u00e8s bien, je commence \u00e0 bouger dans la maison assez rapidement et je mets les enfants dans diff\u00e9rentes positions en esp\u00e9rant que cela va changer notre chance.\u00bb Un rituel pour attirer la chance, m\u00eame si cela n\u2019a pas port\u00e9 ses fruits cette fois-ci.<\/p>\n","protected":false},"excerpt":{"rendered":"Par Maelys Decourt Publi\u00e9 le 16 avril 2025 \u00e0 14h06, mis \u00e0 jour le 17 avril 2025 \u00e0&hellip;\n","protected":false},"author":2,"featured_media":31842,"comment_status":"","ping_status":"","sticky":false,"template":"","format":"standard","meta":{"footnotes":""},"categories":[1359],"tags":[976,972,58,59,638,1011,27,10801,977,973,975,3936,974],"class_list":{"0":"post-31841","1":"post","2":"type-post","3":"status-publish","4":"format-standard","5":"has-post-thumbnail","7":"category-people","8":"tag-actu-people","9":"tag-celebrite","10":"tag-divertissement","11":"tag-entertainment","12":"tag-figaro","13":"tag-fr","14":"tag-france","15":"tag-george-de-cambridge","16":"tag-madame","17":"tag-people","18":"tag-potain-de-stars","19":"tag-prince-william","20":"tag-star"},"share_on_mastodon":{"url":"https:\/\/pubeurope.com\/@fr\/114353732534635151","error":""},"_links":{"self":[{"href":"https:\/\/www.europesays.com\/fr\/wp-json\/wp\/v2\/posts\/31841","targetHints":{"allow":["GET"]}}],"collection":[{"href":"https:\/\/www.europesays.com\/fr\/wp-json\/wp\/v2\/posts"}],"about":[{"href":"https:\/\/www.europesays.com\/fr\/wp-json\/wp\/v2\/types\/post"}],"author":[{"embeddable":true,"href":"https:\/\/www.europesays.com\/fr\/wp-json\/wp\/v2\/users\/2"}],"replies":[{"embeddable":true,"href":"https:\/\/www.europesays.com\/fr\/wp-json\/wp\/v2\/comments?post=31841"}],"version-history":[{"count":0,"href":"https:\/\/www.europesays.com\/fr\/wp-json\/wp\/v2\/posts\/31841\/revisions"}],"wp:featuredmedia":[{"embeddable":true,"href":"https:\/\/www.europesays.com\/fr\/wp-json\/wp\/v2\/media\/31842"}],"wp:attachment":[{"href":"https:\/\/www.europesays.com\/fr\/wp-json\/wp\/v2\/media?parent=31841"}],"wp:term":[{"taxonomy":"category","embeddable":true,"href":"https:\/\/www.europesays.com\/fr\/wp-json\/wp\/v2\/categories?post=31841"},{"taxonomy":"post_tag","embeddable":true,"href":"https:\/\/www.europesays.com\/fr\/wp-json\/wp\/v2\/tags?post=31841"}],"curies":[{"name":"wp","href":"https:\/\/api.w.org\/{rel}","templated":true}]}}