{"id":318410,"date":"2025-08-14T10:41:12","date_gmt":"2025-08-14T10:41:12","guid":{"rendered":"https:\/\/www.europesays.com\/fr\/318410\/"},"modified":"2025-08-14T10:41:12","modified_gmt":"2025-08-14T10:41:12","slug":"prenez-une-bouffee-dair-frais-avec-ce-forfait-5g-pas-cher","status":"publish","type":"post","link":"https:\/\/www.europesays.com\/fr\/318410\/","title":{"rendered":"prenez une bouff\u00e9e d&rsquo;air frais avec ce forfait 5G pas cher !"},"content":{"rendered":"<p>              <img decoding=\"async\" class=\"article-author__picture webp\" src=\"https:\/\/www.europesays.com\/fr\/wp-content\/uploads\/2025\/08\/1755168070_599_Sans titre.png.webp\" alt=\"Floriane Wittner\"\/><\/p>\n<p class=\"article-author__info--name\"> Par<br \/>\n                      <a href=\"https:\/\/www.echosdunet.net\/equipe\/floriane-wittner\" target=\"_blank\" rel=\"noopener author nofollow\"> Floriane Wittner <\/a><\/p>\n<p class=\"article-author__info--description\"> Charg\u00e9e des actualit\u00e9s Telecom <\/p>\n<p>        Ecrit le<\/p>\n<p>                                14\/08\/2025<\/p>\n<p>            min de lecture\n        <\/p>\n<p class=\"intro\">C&rsquo;est reparti pour un nouvel \u00e9pisode caniculaire en France (et ailleurs). Rien de mieux, dans ces conditions, qu&rsquo;un bon plan t\u00e9l\u00e9com pour all\u00e9ger votre budget et rafra\u00eechir l&rsquo;atmosph\u00e8re ! Donn\u00e9es mobiles ajustables, prix abordable, r\u00e9seau de qualit\u00e9, 5G gratuite&#8230; Ce forfait coche toutes les cases et respecte l&rsquo;environnement. Un bonus non n\u00e9gligeable !<\/p>\n<p class=\"u-display--md-none\"><a class=\"btn btn--lg btn--success u-anim--shake btn--pill\" href=\"https:\/\/www.echosdunet.net\/comparateur-forfait-mobile\/actualites\/tel:+33971078999\" title=\"Appelez-nous gratuitement\" rel=\"nofollow noopener\" target=\"_blank\">Souscription forfait gratuite<br \/>09 71 07 89 99<\/a><br \/>Service gratuit Selectra<\/p>\n<p class=\"u-display--none u-display--md-block\"><a class=\"btn btn--lg btn--success u-anim--shake btn--pill\" href=\"https:\/\/www.echosdunet.net\/comparateur-forfait-mobile\/actualites\/tel:+33971078999\" title=\"Appelez-nous gratuitement\" rel=\"nofollow noopener\" target=\"_blank\">Souscription forfait gratuite au 09 71 07 89 99<\/a><br \/>Service gratuit Selectra<\/p>\n<p>Quel op\u00e9rateur pour supporter la canicule 2025 ?<img decoding=\"async\" class=\"u-img--fluid\" src=\"https:\/\/www.europesays.com\/fr\/wp-content\/uploads\/2025\/08\/prixtel-personne-heureuse-200x280-20.png\" alt=\"femme prixtel\" loading=\"lazy\"\/><\/p>\n<p>Si vous cherchez d\u00e9sesp\u00e9r\u00e9ment \u00e0 vous rafra\u00eechir alors que les temp\u00e9ratures grimpent \u00e0 nouveau, un op\u00e9rateur t\u00e9l\u00e9com peut s&rsquo;av\u00e8rer particuli\u00e8rement utile. Il s&rsquo;agit de <strong>Prixtel<\/strong>, MVNO des <a href=\"https:\/\/www.echosdunet.net\/prixtel\" rel=\"nofollow noopener\" target=\"_blank\">forfaits modulables<\/a> qui s&rsquo;adaptent \u00e0 votre consommation !<\/p>\n<p>Prixtel n\u2019est pas tout nouveau dans le secteur de l&rsquo;abonnement mobile, mais il continue de surprendre avec des <strong>formules qui sortent des sentiers battus<\/strong>.<\/p>\n<p>Dans un march\u00e9 constamment satur\u00e9 de promotions temporaires et de conditions g\u00e9n\u00e9rales parfois obscures, cet op\u00e9rateur mise sur <strong>la simplicit\u00e9 et l\u2019adaptation<\/strong>.<\/p>\n<p>C&rsquo;est notamment le cas du <strong>forfait Oxyg\u00e8ne<\/strong>, qui illustre parfaitement cette philosophie, et affiche un prix \u00e9volutif en fonction de votre <strong>consommation r\u00e9elle<\/strong>. Sans engagement, dot\u00e9 de paliers clairs, l&rsquo;offre mobile Oxyg\u00e8ne fait souffler un v\u00e9ritable vent de fra\u00eecheur sur votre \u00e9t\u00e9 2025 !<\/p>\n<p>Oxyg\u00e8ne : la 5G \u00e0 partir de 8,99 \u20ac<img decoding=\"async\" class=\"u-img--fluid\" src=\"https:\/\/www.europesays.com\/fr\/wp-content\/uploads\/2025\/08\/prixtel-argent-230x200-20.png\" alt=\"argent prixtel\" loading=\"lazy\"\/><\/p>\n<p><strong>Le forfait Oxyg\u00e8ne d\u00e9marre \u00e0 8,99 \u20ac par mois pour 160 Go de data en 5G<\/strong>. Inutile de souscrire une option suppl\u00e9mentaire, elle est incluse d&rsquo;office dans votre offre mobile !<\/p>\n<p>Et si votre consommation d\u00e9passe ce volume, pas d\u2019inqui\u00e9tude : le tarif passe \u00e0 10,99 \u20ac jusqu\u2019\u00e0 180 Go, puis \u00e0 12,99 \u20ac par mois <strong>jusqu\u2019\u00e0 200 Go<\/strong>. Une fois ce seuil franchi, la connexion se poursuit simplement en d\u00e9bit r\u00e9duit, une raison suffisante pour <a href=\"https:\/\/www.echosdunet.net\/aide\/eviter-hors-forfait\" rel=\"nofollow noopener\" target=\"_blank\">\u00e9viter le hors forfait<\/a>.<\/p>\n<p>Ce fonctionnement par paliers est l\u2019une des grandes forces de Prixtel. Il <strong>\u00e9vite les mauvaises surprises sur votre facture t\u00e9l\u00e9com<\/strong>, tout en vous donnant une vraie libert\u00e9 d\u2019usage. Les <strong>appels, SMS et MMS sont illimit\u00e9s<\/strong> en France m\u00e9tropolitaine, mais aussi depuis l\u2019Europe et les DOM. C\u2019est un vrai plus pour ceux qui voyagent ou communiquent souvent avec des proches bas\u00e9s \u00e0 l&rsquo;\u00e9tranger, par exemple.<\/p>\n<p>Forfait Prixtel Oxyg\u00e8ne au 14 ao\u00fbt 2025<\/p>\n<tr>Nom de l&rsquo;offreServices et engagementPrix<\/tr>\n<tr>\n<td><img decoding=\"async\" src=\"https:\/\/www.europesays.com\/fr\/wp-content\/uploads\/2025\/08\/logo-prixtel-100.jpg\" alt=\"Prixtel\" loading=\"lazy\"\/><br \/><strong>Forfait Oxyg\u00e8ne 5G<\/strong><br \/>Neutre en CO2 !<\/td>\n<td>\n<ul class=\"list--check\">\n<li>De <strong>160 \u00e0 200 Go de data 5G <\/strong>en France<\/li>\n<li><strong>15 Go <\/strong>valables en Europe &amp; DOM<\/li>\n<li>Appels, SMS et MMS illimit\u00e9s en France<\/li>\n<li><strong>Qualit\u00e9 du r\u00e9seau SFR<\/strong><\/li>\n<li>Offre sans engagement<\/li>\n<\/ul>\n<\/td>\n<td>\u00c0 partir de <strong>8,99\u20ac par mois<\/strong>\u00a0<br \/><a class=\"btn btn--primary btn--md\" href=\"https:\/\/www.awin1.com\/cread.php?awinmid=7099&amp;awinaffid=287347&amp;clickref=edn&amp;ued=https%3A%2F%2Fwww.prixtel.com%2Fforfait-mobile%2Fforfait-illimite%2F%3Futm_source%3Dselectra-mea%26utm_medium%3Dcpa%26utm_content%3Dselectra-echo%26utm_campaign%3Dselectra-echo\" target=\"_blank\" rel=\"nofollow noopener\">Souscrire\u00a0en\u00a0ligne<\/a><\/td>\n<\/tr>\n<p>Prixtel : un r\u00e9seau de qualit\u00e9<img decoding=\"async\" class=\"u-img--fluid\" src=\"https:\/\/www.europesays.com\/fr\/wp-content\/uploads\/2025\/08\/prixtel-pouce-200x280-20.png\" alt=\"pouce prixtel\" loading=\"lazy\"\/><\/p>\n<p>Souscrire un <a href=\"https:\/\/www.echosdunet.net\/comparateur-forfait-mobile\/forfait-pas-cher\" rel=\"nofollow noopener\" target=\"_blank\">forfait mobile pas cher<\/a>, c&rsquo;est bien. Pouvoir en profiter quoi qu&rsquo;il arrive, c&rsquo;est mieux.<\/p>\n<p>Ce qui tombe \u00e0 pic, puisque l&rsquo;offre Oxyg\u00e8ne de Prixtel vous permet de b\u00e9n\u00e9ficier de la <a href=\"https:\/\/www.echosdunet.net\/sfr\/reseau\" rel=\"nofollow noopener\" target=\"_blank\">qualit\u00e9 de r\u00e9seau SFR<\/a> pour <strong>moins de 10 \u20ac par mois<\/strong> ! Et \u00e7a, ce n&rsquo;est pas donn\u00e9 \u00e0 tout le monde. En effet, Prixtel est partenaire de l&rsquo;op\u00e9rateur au carr\u00e9 rouge.<\/p>\n<p>Or, ce dernier couvre d\u00e9j\u00e0 <strong>plus de 83 % de la population<\/strong> en 5G. L&rsquo;assurance d&rsquo;une qualit\u00e9 d&rsquo;appels et d&rsquo;une navigation fluide un peu partout en France, d\u00e8s lors que vous poss\u00e9dez un <strong>smartphone compatible<\/strong>.<\/p>\n<p>Un engagement \u00e9cologique concret<\/p>\n<p>Pour finir sur ce forfait incontournable, impossible de ne pas mentionner sa <strong>neutralit\u00e9 en CO2<\/strong>.<\/p>\n<p>Prixtel affiche effectivement une volont\u00e9 de <strong>r\u00e9duire l\u2019empreinte carbone<\/strong> de ses activit\u00e9s. L\u2019op\u00e9rateur compense donc les \u00e9missions de CO\u2082 g\u00e9n\u00e9r\u00e9es par ses abonn\u00e9s lors de l\u2019usage de son r\u00e9seau mobile.<\/p>\n<p>Cette d\u00e9marche est transparente et ne n\u00e9cessite aucune action de votre part. Il s&rsquo;agit cependant d&rsquo;un argument int\u00e9ressant pour les <strong>consommateurs soucieux de l\u2019environnement<\/strong> qui ne souhaitent en revanche pas tirer un trait sur leur connectivit\u00e9.<\/p>\n<p>Dans un contexte o\u00f9 les usages num\u00e9riques explosent, cette attention port\u00e9e \u00e0 <strong>l\u2019impact environnemental<\/strong> peut faire la diff\u00e9rence. Peu d\u2019op\u00e9rateurs int\u00e8grent cette dimension dans leur communication, et encore moins dans leurs offres grand public.<\/p>\n<p>Prixtel prouve qu\u2019il est possible de <strong>concilier performance, prix accessible et responsabilit\u00e9 \u00e9cologique<\/strong>.<\/p>\n<p>      Avez-vous trouv\u00e9 cette information utile ?<\/p>\n<p>100% des 1 votes trouvent l&rsquo;information utile.<\/p>\n","protected":false},"excerpt":{"rendered":"Par Floriane Wittner Charg\u00e9e des actualit\u00e9s Telecom Ecrit le 14\/08\/2025 min de lecture C&rsquo;est reparti pour un nouvel&hellip;\n","protected":false},"author":2,"featured_media":318411,"comment_status":"","ping_status":"","sticky":false,"template":"","format":"standard","meta":{"footnotes":""},"categories":[6],"tags":[35,33,34,1011,27],"class_list":{"0":"post-318410","1":"post","2":"type-post","3":"status-publish","4":"format-standard","5":"has-post-thumbnail","7":"category-economie","8":"tag-business","9":"tag-economie","10":"tag-economy","11":"tag-fr","12":"tag-france"},"share_on_mastodon":{"url":"https:\/\/pubeurope.com\/@fr\/115026702604249122","error":""},"_links":{"self":[{"href":"https:\/\/www.europesays.com\/fr\/wp-json\/wp\/v2\/posts\/318410","targetHints":{"allow":["GET"]}}],"collection":[{"href":"https:\/\/www.europesays.com\/fr\/wp-json\/wp\/v2\/posts"}],"about":[{"href":"https:\/\/www.europesays.com\/fr\/wp-json\/wp\/v2\/types\/post"}],"author":[{"embeddable":true,"href":"https:\/\/www.europesays.com\/fr\/wp-json\/wp\/v2\/users\/2"}],"replies":[{"embeddable":true,"href":"https:\/\/www.europesays.com\/fr\/wp-json\/wp\/v2\/comments?post=318410"}],"version-history":[{"count":0,"href":"https:\/\/www.europesays.com\/fr\/wp-json\/wp\/v2\/posts\/318410\/revisions"}],"wp:featuredmedia":[{"embeddable":true,"href":"https:\/\/www.europesays.com\/fr\/wp-json\/wp\/v2\/media\/318411"}],"wp:attachment":[{"href":"https:\/\/www.europesays.com\/fr\/wp-json\/wp\/v2\/media?parent=318410"}],"wp:term":[{"taxonomy":"category","embeddable":true,"href":"https:\/\/www.europesays.com\/fr\/wp-json\/wp\/v2\/categories?post=318410"},{"taxonomy":"post_tag","embeddable":true,"href":"https:\/\/www.europesays.com\/fr\/wp-json\/wp\/v2\/tags?post=318410"}],"curies":[{"name":"wp","href":"https:\/\/api.w.org\/{rel}","templated":true}]}}