{"id":318412,"date":"2025-08-14T10:42:11","date_gmt":"2025-08-14T10:42:11","guid":{"rendered":"https:\/\/www.europesays.com\/fr\/318412\/"},"modified":"2025-08-14T10:42:11","modified_gmt":"2025-08-14T10:42:11","slug":"la-pire-epidemie-de-cholera-depuis-des-annees-fait-au-moins-40-morts","status":"publish","type":"post","link":"https:\/\/www.europesays.com\/fr\/318412\/","title":{"rendered":"la pire \u00e9pid\u00e9mie de chol\u00e9ra depuis des ann\u00e9es fait au moins 40\u00a0morts"},"content":{"rendered":"<p>                          <img loading=\"lazy\" decoding=\"async\" src=\"https:\/\/www.europesays.com\/fr\/wp-content\/uploads\/2025\/08\/5da9563_upload-1-seva97cbhuvr-000-48qn368.jpg\" alt=\"Un m\u00e9decin rend visite \u00e0 un patient atteint du chol\u00e9ra dans une unit\u00e9 d\u2019isolement situ\u00e9e \u00e0 l\u2019ext\u00e9rieur de l\u2019h\u00f4pital Bashayer, au sud de Khartoum, le 31\u00a0mai 2025. \"   width=\"664\" height=\"443\"\/>    Un m\u00e9decin rend visite \u00e0 un patient atteint du chol\u00e9ra dans une unit\u00e9 d\u2019isolement situ\u00e9e \u00e0 l\u2019ext\u00e9rieur de l\u2019h\u00f4pital Bashayer, au sud de Khartoum, le 31\u00a0mai 2025.  &#8211; \/ AFP                        <\/p>\n<p class=\"article__paragraph  \">Au moins 40\u00a0personnes sont mortes en une semaine au Darfour, dans l\u2019ouest du Soudan, dans la pire \u00e9pid\u00e9mie de <a href=\"https:\/\/www.lemonde.fr\/afrique\/article\/2025\/05\/29\/soudan-l-epidemie-de-cholera-s-intensifie-a-khartoum-avec-70-morts-en-deux-jours_6609074_3212.html\" rel=\"nofollow noopener\" target=\"_blank\">chol\u00e9ra <\/a>que ce pays, en proie \u00e0 la guerre civile, ait connue depuis des ann\u00e9es, a annonc\u00e9 le 14\u00a0ao\u00fbt M\u00e9decins sans fronti\u00e8res. Dans la seule r\u00e9gion du Darfour, selon l\u2019organisation, les \u00e9quipes de MSF ont soign\u00e9 \u00ab\u00a0plus de 2\u00a0300\u00a0patients\u00a0\u00bb atteints de cette maladie diarrh\u00e9ique grave transmise par l\u2019eau et la nourriture contamin\u00e9es.<\/p>\n<p class=\"article__paragraph  \">Depuis juillet\u00a02024, environ 100\u00a0000\u00a0cas de chol\u00e9ra ont \u00e9t\u00e9 recens\u00e9s \u00e0 travers le Soudan et la maladie se propage dans tous les Etats du pays, selon l\u2019Organisation mondiale de la sant\u00e9. Selon l\u2019Unicef, plus de 640\u00a0000\u00a0enfants de moins de 5\u00a0ans sont d\u00e9sormais menac\u00e9s par la maladie dans le seul Etat du Darfour-Nord, o\u00f9 les combats font rage entre l\u2019arm\u00e9e soudanaise et les paramilitaires des <a href=\"https:\/\/www.lemonde.fr\/afrique\/article\/2025\/07\/14\/au-soudan-l-armee-repousse-une-attaque-des-paramilitaires-des-forces-de-soutien-rapide-a-el-fasher_6621149_3212.html\" rel=\"nofollow noopener\" target=\"_blank\">Forces de soutien rapide<\/a> (FSR) pour le contr\u00f4le de la ville d\u2019<a href=\"https:\/\/www.lemonde.fr\/afrique\/article\/2025\/08\/10\/soudan-au-moins-63-morts-de-malnutrition-en-une-semaine-a-el-facher-capitale-assiegee-du-nord-darfour_6627955_3212.html\" rel=\"nofollow noopener\" target=\"_blank\">El-Fasher<\/a>.<\/p>\n<p>                  \u00ab\u00a0Seulement 3\u00a0litres d\u2019eau par jour\u00a0\u00bb                  <\/p>\n<p class=\"article__paragraph  \">Dans un pays o\u00f9 les combats verrouillent les axes principaux et paralysent la logistique, l\u2019acheminement de l\u2019aide humanitaire est devenu quasi impossible. Les convois sont \u00e0 l\u2019arr\u00eat et les r\u00e9serves s\u2019\u00e9puisent. La saison des pluies, qui s\u2019intensifie en ao\u00fbt, pourrait aggraver la crise sanitaire.<\/p>\n<p>                                     Lire aussi |  Article r\u00e9serv\u00e9 \u00e0 nos abonn\u00e9s  <a href=\"https:\/\/www.lemonde.fr\/afrique\/article\/2025\/07\/09\/guerre-au-soudan-la-tragedie-humanitaire-des-deplaces-au-darfour_6620232_3212.html\" class=\"js-article-read-also catcher--favoris__link\" data-premium=\"1\" id=\"article-title-3430708\" rel=\"nofollow noopener\" target=\"_blank\">Guerre au Soudan\u00a0: la trag\u00e9die humanitaire des d\u00e9plac\u00e9s au Darfour<\/a>    <\/p>\n<p>   Lire plus tard  <\/p>\n<p class=\"article__paragraph  \">La situation est la plus critique dans la localit\u00e9 de Tawila, au Darfour-Nord, o\u00f9 des centaines de milliers de Soudanais fuyant les combats autour d\u2019El-Fasher ont trouv\u00e9 refuge apr\u00e8s l\u2019attaque en avril du camp voisin de Zamzam par les FSR.<\/p>\n<p class=\"article__paragraph  \">\u00ab\u00a0A Tawila, les habitants survivent avec une moyenne de seulement 3\u00a0litres d\u2019eau par jour, soit moins de la moiti\u00e9 du seuil minimum d\u2019urgence de 7,5 litres par personne et par jour n\u00e9cessaire pour boire, cuisiner et assurer l\u2019hygi\u00e8ne, selon les recommandations de l\u2019OMS\u00a0\u00bb, a fait savoir jeudi MSF.<\/p>\n<p>                  Corps retrouv\u00e9 dans un puits                  <\/p>\n<p class=\"article__paragraph  \">Selon l\u2019ONU, environ 300\u00a0enfants atteints de chol\u00e9ra ont \u00e9t\u00e9 recens\u00e9s dans cette ville depuis avril. Une femme d\u00e9plac\u00e9e \u00e0 Tawila depuis deux mois explique\u00a0: \u00ab\u00a0Nous n\u2019avons pas de toilettes, les enfants d\u00e9f\u00e8quent en plein air.\u00a0\u00bb<\/p>\n<p class=\"article__paragraph  \">\u00ab\u00a0Dans les camps de d\u00e9plac\u00e9s et de r\u00e9fugi\u00e9s, les familles n\u2019ont souvent pas d\u2019autre choix que de boire de l\u2019eau contamin\u00e9e et beaucoup de gens attrapent le chol\u00e9ra\u00a0\u00bb, a d\u00e9clar\u00e9 Sylvain Penicaud, coordinateur de MSF \u00e0 Tawila.<\/p>\n<p> Restez inform\u00e9s  <\/p>\n<p> <a href=\"https:\/\/www.whatsapp.com\/channel\/0029VaDz2VzEVccLxVQSVS3x\" class=\"inread__link js-services-inread-link\" target=\"_blank\" rel=\"nofollow noopener\">  <\/p>\n<p>Suivez-nous sur WhatsApp<\/p>\n<p>Recevez l\u2019essentiel de l\u2019actualit\u00e9 africaine sur WhatsApp avec la cha\u00eene du \u00ab Monde Afrique \u00bb<\/p>\n<p>Rejoindre<\/p>\n<p> <\/a>      <\/p>\n<p> Newsletter  <\/p>\n<p> <a href=\"https:\/\/www.lemonde.fr\/newsletters\/le-monde-afrique\/\" class=\"inread__link js-services-inread-link\" target=\"_blank\" rel=\"nofollow noopener\">  <\/p>\n<p>\u00ab Le Monde Afrique \u00bb<\/p>\n<p>Chaque samedi, retrouvez une semaine d\u2019actualit\u00e9 et de d\u00e9bats, par la r\u00e9daction du \u00ab Monde Afrique \u00bb<\/p>\n<p>S&rsquo;inscrire<\/p>\n<p> <\/a>             <\/p>\n<p class=\"article__paragraph  \">\u00ab\u00a0Il y a deux semaines, un corps a \u00e9t\u00e9 trouv\u00e9 dans un puits dans l\u2019un des camps. Il a \u00e9t\u00e9 enlev\u00e9 mais deux jours apr\u00e8s, les gens ont \u00e9t\u00e9 oblig\u00e9s de boire \u00e0 nouveau cette eau\u00a0\u00bb, a-t-il ajout\u00e9.<\/p>\n<p>                  \u00ab\u00a0Pire crise humanitaire au monde\u00a0\u00bb                  <\/p>\n<p class=\"article__paragraph  \">Les combats se sont intensifi\u00e9s au Darfour depuis que l\u2019arm\u00e9e a repris en mars le contr\u00f4le de Khartoum et les paramilitaires, qui assi\u00e8gent El-Fasher, tentent de s\u2019emparer de cette ville \u2013 la seule capitale provinciale de la r\u00e9gion encore tenue par l\u2019arm\u00e9e.<\/p>\n<p class=\"article__paragraph  \">La guerre au Soudan, qui a \u00e9clat\u00e9 en avril\u00a02023, a tu\u00e9 des dizaines de milliers de personnes, a entra\u00een\u00e9 le d\u00e9placement ou la fuite \u00e0 l\u2019\u00e9tranger de millions de Soudanais et a provoqu\u00e9 ce que l\u2019ONU d\u00e9crit comme \u00ab\u00a0la pire crise humanitaire au monde\u00a0\u00bb.<\/p>\n<p>                                     Lire aussi le d\u00e9cryptage (2024) |  Article r\u00e9serv\u00e9 \u00e0 nos abonn\u00e9s  <a href=\"https:\/\/www.lemonde.fr\/afrique\/article\/2024\/09\/26\/soudan-assiegee-a-el-fasher-au-nord-darfour-l-armee-relance-la-guerre-a-khartoum_6335678_3212.html\" class=\"js-article-read-also catcher--favoris__link\" data-premium=\"1\" id=\"article-title-3390923\" rel=\"nofollow noopener\" target=\"_blank\">Soudan\u00a0: assi\u00e9g\u00e9e \u00e0 El-Fasher dans le Darfour du Nord, l\u2019arm\u00e9e relance la guerre \u00e0 Khartoum<\/a>    <\/p>\n<p>   Lire plus tard  <\/p>\n<p class=\"author__detail\">  Le Monde avec AFP  <\/p>\n","protected":false},"excerpt":{"rendered":"Un m\u00e9decin rend visite \u00e0 un patient atteint du chol\u00e9ra dans une unit\u00e9 d\u2019isolement situ\u00e9e \u00e0 l\u2019ext\u00e9rieur de&hellip;\n","protected":false},"author":2,"featured_media":318413,"comment_status":"","ping_status":"","sticky":false,"template":"","format":"standard","meta":{"footnotes":""},"categories":[5],"tags":[11,1011,27,14,12,28],"class_list":{"0":"post-318412","1":"post","2":"type-post","3":"status-publish","4":"format-standard","5":"has-post-thumbnail","7":"category-international","8":"tag-actualites","9":"tag-fr","10":"tag-france","11":"tag-international","12":"tag-news","13":"tag-world"},"share_on_mastodon":{"url":"https:\/\/pubeurope.com\/@fr\/115026706065255811","error":""},"_links":{"self":[{"href":"https:\/\/www.europesays.com\/fr\/wp-json\/wp\/v2\/posts\/318412","targetHints":{"allow":["GET"]}}],"collection":[{"href":"https:\/\/www.europesays.com\/fr\/wp-json\/wp\/v2\/posts"}],"about":[{"href":"https:\/\/www.europesays.com\/fr\/wp-json\/wp\/v2\/types\/post"}],"author":[{"embeddable":true,"href":"https:\/\/www.europesays.com\/fr\/wp-json\/wp\/v2\/users\/2"}],"replies":[{"embeddable":true,"href":"https:\/\/www.europesays.com\/fr\/wp-json\/wp\/v2\/comments?post=318412"}],"version-history":[{"count":0,"href":"https:\/\/www.europesays.com\/fr\/wp-json\/wp\/v2\/posts\/318412\/revisions"}],"wp:featuredmedia":[{"embeddable":true,"href":"https:\/\/www.europesays.com\/fr\/wp-json\/wp\/v2\/media\/318413"}],"wp:attachment":[{"href":"https:\/\/www.europesays.com\/fr\/wp-json\/wp\/v2\/media?parent=318412"}],"wp:term":[{"taxonomy":"category","embeddable":true,"href":"https:\/\/www.europesays.com\/fr\/wp-json\/wp\/v2\/categories?post=318412"},{"taxonomy":"post_tag","embeddable":true,"href":"https:\/\/www.europesays.com\/fr\/wp-json\/wp\/v2\/tags?post=318412"}],"curies":[{"name":"wp","href":"https:\/\/api.w.org\/{rel}","templated":true}]}}