{"id":318414,"date":"2025-08-14T10:43:09","date_gmt":"2025-08-14T10:43:09","guid":{"rendered":"https:\/\/www.europesays.com\/fr\/318414\/"},"modified":"2025-08-14T10:43:09","modified_gmt":"2025-08-14T10:43:09","slug":"des-crottins-de-chavignol-vendus-partout-en-france-rappeles-a-cause-dune-suspicion-de-contamination","status":"publish","type":"post","link":"https:\/\/www.europesays.com\/fr\/318414\/","title":{"rendered":"des crottins de Chavignol vendus partout en France rappel\u00e9s \u00e0 cause d\u2019une suspicion de contamination"},"content":{"rendered":"<p>Les fromages viennent des \u00e9tablissements Dubois-Boulay, un affineur install\u00e9 \u00e0 Chavignol depuis plus de 120 ans, selon le site de l\u2019entreprise.<\/p>\n<p class=\"fig-paragraph\"><a href=\"http:\/\/www.lefigaro.fr\/conso\/fromages-contamines-apres-une-premiere-alerte-en-juin-aurait-on-pu-eviter-ce-scandale-sanitaire-20250813\" data-fig-type=\"NewsFlash\" data-gtm-custom-categorie=\"navigation\" data-gtm-custom-action=\"crossclick\" data-gtm-custom-label=\"Contextuel\" data-gtm-event=\"customEventSPE\" data-fig-domain=\"LEFIGARO\" rel=\"nofollow noopener\" target=\"_blank\">Des fromages<\/a>\u00a0de nouveau sous les feux des projecteurs. Ce mercredi 13 ao\u00fbt, les autorit\u00e9s sanitaires ont publi\u00e9 quatre rappels visant des crottins de Chavignol, qui ne doivent plus \u00eatre mang\u00e9s par les consommateurs, en raison de la pr\u00e9sence de la bact\u00e9rie E.coli.<\/p>\n<p class=\"fig-paragraph\">Les rappels proviennent des \u00e9tablissements Dubois-Boulay, un affineur install\u00e9 \u00e0 Chavignol depuis plus de 120 ans, selon le site de l\u2019entreprise. Dans le d\u00e9tail, les fromages concern\u00e9s sont des crottins de Chavignol fermier sans marque, des crottins de Chavignol de la marque Pasdeloup ainsi que d\u2019autres vendus directement sous la marque du producteur. Tous ont \u00e9t\u00e9 vendus jusqu\u2019au mercredi 13 ao\u00fbt et peuvent en th\u00e9orie \u00eatre consomm\u00e9s au moins jusqu\u2019en fin septembre.<\/p>\n<tr>\n<td><strong>Nom de la marque<\/strong><\/td>\n<td><strong>Nom des mod\u00e8les<\/strong><\/td>\n<td><strong>Distributeur<\/strong><\/td>\n<td><strong>Zone g\u00e9ographique de vente<\/strong><\/td>\n<td><strong>Date de d\u00e9but et fin de commercialisation<\/strong><\/td>\n<td><strong>Date de durabilit\u00e9 minimale<\/strong><\/td>\n<td><strong>N\u00b0 de lot<\/strong><\/td>\n<\/tr>\n<tr>\n<td>Sans marque<\/td>\n<td>Crottin de Chavignol fermier<\/td>\n<td>Carrefour<\/td>\n<td>France enti\u00e8re<\/td>\n<td>Du 01\/08 au 13\/08<\/td>\n<td>07\/10\/2025<\/td>\n<td>GODO2107<\/td>\n<\/tr>\n<tr>\n<td>Pas deloup<\/td>\n<td>Crottin de Chavignol<\/td>\n<td>SAS Buisson<\/td>\n<td>France enti\u00e8re<\/td>\n<td>Du 11\/08 au 13\/08<\/td>\n<td>27\/09\/2025<\/td>\n<td>GODO2807<\/td>\n<\/tr>\n<tr>\n<td>Dubois-Boulay<\/td>\n<td>Crottin de Chavignol et Crottin de Chavignol fermier<\/td>\n<td>Boutique Dubois-Boulay<\/td>\n<td>France enti\u00e8re<\/td>\n<td>Du 01\/08 au 13\/08<\/td>\n<td>06\/11, 03\/11, 30\/10 et 05\/11<\/td>\n<td>GODO2507, GODO2107, GODO2307, GODO2507, GODO2307 et GODO3007<\/td>\n<\/tr>\n<tr>\n<td>Dubois-Boulay<\/td>\n<td>Crottin de Chavignol fermier<\/td>\n<td>Od\u00e9on<\/td>\n<td>France enti\u00e8re<\/td>\n<td>Du 01\/08 au 13\/08<\/td>\n<td>04\/11<\/td>\n<td>GODO2507<\/td>\n<\/tr>\n<p>                                    <a class=\"fig-a11y-skip a11y-hidden\" href=\"#fig-a11y-skip-main-inarticle\"><br \/>\n        Passer la publicit\u00e9<br \/>\n    <\/a><\/p>\n<p class=\"fig-paragraph\">Ces crottins sont rappel\u00e9s en raison d\u2019une suspicion de contamination par la bact\u00e9rie E.coli, expliquent les autorit\u00e9s sanitaires, qui pr\u00e9cisent que \u00ables Escherichia coli shiga toxinog\u00e8ne (STEC) peuvent entra\u00eener dans la semaine qui suit la consommation de produits contamin\u00e9s, des diarrh\u00e9es parfois sanglantes, des douleurs abdominales et des vomissements, accompagn\u00e9s ou non de fi\u00e8vre\u00bb. En cas d\u2019ingestion, si des sympt\u00f4mes apparaissent dans les quinze jours, il faudra alors contacter son m\u00e9decin traitant.<\/p>\n<p class=\"fig-paragraph\">Les personnes qui auraient achet\u00e9 ces fromages ne doivent plus les consommer. Les produits doivent \u00eatre rapport\u00e9s \u00e0 leur lieu de vente ou d\u00e9truits. Le rappel court jusqu\u2019au 30 ao\u00fbt prochain.<\/p>\n","protected":false},"excerpt":{"rendered":"Les fromages viennent des \u00e9tablissements Dubois-Boulay, un affineur install\u00e9 \u00e0 Chavignol depuis plus de 120 ans, selon le&hellip;\n","protected":false},"author":2,"featured_media":318415,"comment_status":"","ping_status":"","sticky":false,"template":"","format":"standard","meta":{"footnotes":""},"categories":[4],"tags":[11,1011,27,45675,12,19804,25],"class_list":{"0":"post-318414","1":"post","2":"type-post","3":"status-publish","4":"format-standard","5":"has-post-thumbnail","7":"category-france","8":"tag-actualites","9":"tag-fr","10":"tag-france","11":"tag-fromage-de-chevre","12":"tag-news","13":"tag-rappel-conso","14":"tag-republique-francaise"},"share_on_mastodon":{"url":"https:\/\/pubeurope.com\/@fr\/115026710018119738","error":""},"_links":{"self":[{"href":"https:\/\/www.europesays.com\/fr\/wp-json\/wp\/v2\/posts\/318414","targetHints":{"allow":["GET"]}}],"collection":[{"href":"https:\/\/www.europesays.com\/fr\/wp-json\/wp\/v2\/posts"}],"about":[{"href":"https:\/\/www.europesays.com\/fr\/wp-json\/wp\/v2\/types\/post"}],"author":[{"embeddable":true,"href":"https:\/\/www.europesays.com\/fr\/wp-json\/wp\/v2\/users\/2"}],"replies":[{"embeddable":true,"href":"https:\/\/www.europesays.com\/fr\/wp-json\/wp\/v2\/comments?post=318414"}],"version-history":[{"count":0,"href":"https:\/\/www.europesays.com\/fr\/wp-json\/wp\/v2\/posts\/318414\/revisions"}],"wp:featuredmedia":[{"embeddable":true,"href":"https:\/\/www.europesays.com\/fr\/wp-json\/wp\/v2\/media\/318415"}],"wp:attachment":[{"href":"https:\/\/www.europesays.com\/fr\/wp-json\/wp\/v2\/media?parent=318414"}],"wp:term":[{"taxonomy":"category","embeddable":true,"href":"https:\/\/www.europesays.com\/fr\/wp-json\/wp\/v2\/categories?post=318414"},{"taxonomy":"post_tag","embeddable":true,"href":"https:\/\/www.europesays.com\/fr\/wp-json\/wp\/v2\/tags?post=318414"}],"curies":[{"name":"wp","href":"https:\/\/api.w.org\/{rel}","templated":true}]}}