{"id":318417,"date":"2025-08-14T10:45:12","date_gmt":"2025-08-14T10:45:12","guid":{"rendered":"https:\/\/www.europesays.com\/fr\/318417\/"},"modified":"2025-08-14T10:45:12","modified_gmt":"2025-08-14T10:45:12","slug":"saint-etienne-une-jeune-homme-de-19-ans-interpelle-en-possession-dun-pistolet-airsoft","status":"publish","type":"post","link":"https:\/\/www.europesays.com\/fr\/318417\/","title":{"rendered":"Saint-\u00c9tienne. Une jeune homme de 19 ans interpell\u00e9 en possession d\u2019un pistolet airsoft"},"content":{"rendered":"<p>Mardi 12\u00a0ao\u00fbt, \u00e0 16\u00a0h\u00a030, la brigade anticriminalit\u00e9, (BAC) de la police nationale est en patrouille \u00e0 Saint-Etienne dans le quartier de Chavanelle. Les policiers vont contr\u00f4ler un jeune homme de 19 ans.<\/p>\n<p>Sur lui, ils trouvent une faible quantit\u00e9 de r\u00e9sine de cannabis mais aussi une arme de poing. En fait il s\u2019agit d\u2019un pistolet airsoft. Le jeune homme sera plac\u00e9 en garde \u00e0 vue et auditionn\u00e9. Il dit avoir cette arme pour se d\u00e9fendre. Il sera convoqu\u00e9 devant la justice pour r\u00e9pondre de ce port d\u2019arme sans motif.<\/p>\n","protected":false},"excerpt":{"rendered":"Mardi 12\u00a0ao\u00fbt, \u00e0 16\u00a0h\u00a030, la brigade anticriminalit\u00e9, (BAC) de la police nationale est en patrouille \u00e0 Saint-Etienne dans&hellip;\n","protected":false},"author":2,"featured_media":318418,"comment_status":"","ping_status":"","sticky":false,"template":"","format":"standard","meta":{"footnotes":""},"categories":[9653],"tags":[1111,11,2430,271,272,7539,1777,674,274,1011,27,3367,12,25,4001,7538],"class_list":{"0":"post-318417","1":"post","2":"type-post","3":"status-publish","4":"format-standard","5":"has-post-thumbnail","7":"category-saint-etienne","8":"tag-actu","9":"tag-actualites","10":"tag-auvergne-rhone-alpes","11":"tag-crime","12":"tag-delit-et-contravention","13":"tag-edition-loire-sud","14":"tag-eu","15":"tag-europe","16":"tag-faits-divers-justice","17":"tag-fr","18":"tag-france","19":"tag-loire","20":"tag-news","21":"tag-republique-francaise","22":"tag-saint-etienne","23":"tag-saint-etienne-ville"},"share_on_mastodon":{"url":"https:\/\/pubeurope.com\/@fr\/115026717800837570","error":""},"_links":{"self":[{"href":"https:\/\/www.europesays.com\/fr\/wp-json\/wp\/v2\/posts\/318417","targetHints":{"allow":["GET"]}}],"collection":[{"href":"https:\/\/www.europesays.com\/fr\/wp-json\/wp\/v2\/posts"}],"about":[{"href":"https:\/\/www.europesays.com\/fr\/wp-json\/wp\/v2\/types\/post"}],"author":[{"embeddable":true,"href":"https:\/\/www.europesays.com\/fr\/wp-json\/wp\/v2\/users\/2"}],"replies":[{"embeddable":true,"href":"https:\/\/www.europesays.com\/fr\/wp-json\/wp\/v2\/comments?post=318417"}],"version-history":[{"count":0,"href":"https:\/\/www.europesays.com\/fr\/wp-json\/wp\/v2\/posts\/318417\/revisions"}],"wp:featuredmedia":[{"embeddable":true,"href":"https:\/\/www.europesays.com\/fr\/wp-json\/wp\/v2\/media\/318418"}],"wp:attachment":[{"href":"https:\/\/www.europesays.com\/fr\/wp-json\/wp\/v2\/media?parent=318417"}],"wp:term":[{"taxonomy":"category","embeddable":true,"href":"https:\/\/www.europesays.com\/fr\/wp-json\/wp\/v2\/categories?post=318417"},{"taxonomy":"post_tag","embeddable":true,"href":"https:\/\/www.europesays.com\/fr\/wp-json\/wp\/v2\/tags?post=318417"}],"curies":[{"name":"wp","href":"https:\/\/api.w.org\/{rel}","templated":true}]}}