{"id":318419,"date":"2025-08-14T10:46:14","date_gmt":"2025-08-14T10:46:14","guid":{"rendered":"https:\/\/www.europesays.com\/fr\/318419\/"},"modified":"2025-08-14T10:46:14","modified_gmt":"2025-08-14T10:46:14","slug":"compositions-chaine-tv-heure-et-cotes","status":"publish","type":"post","link":"https:\/\/www.europesays.com\/fr\/318419\/","title":{"rendered":"Compositions, Cha\u00eene TV, Heure et Cotes"},"content":{"rendered":"<p>\t\t\t\t\t\t\t\t\t\t\t\t\t\tLIGUE 2 2025-2026<b> \u2013 <\/b>\u00c0 quelle heure et sur quelle cha\u00eene TV suivre le match de Ligue 2 entre Saint-\u00c9tienne et Rodez ? Retrouvez \u00e9galement les compositions des deux \u00e9quipes.<\/p>\n<p style=\"text-align: justify;\">Pour son retour en Ligue 2, <strong>Saint-\u00c9tienne<\/strong> a conc\u00e9d\u00e9 le nul face \u00e0 <strong>Laval<\/strong> la semaine pass\u00e9e. Les <strong>St\u00e9phanois<\/strong> \u00e9taient men\u00e9s deux \u00e0 z\u00e9ro avant de revenir \u00e0 hauteur et m\u00eame de prendre l\u2019avantage. Ils sont finalement conc\u00e9d\u00e9s l\u2019\u00e9galisation pour un match nul trois partout. Les <strong>Verts<\/strong> ont de l\u2019ambition cette saison et veulent retrouver la <strong>Ligue 1<\/strong> seulement 12 mois apr\u00e8s l\u2019avoir quitt\u00e9.<\/p>\n<p style=\"text-align: justify;\">Rodez a termin\u00e9 quatorzi\u00e8me de la derni\u00e8re saison de Ligue 2 et aimerait ne pas de nouveau \u00eatre en course pour le maintien lors de ce nouvel exercice. Lors de la premi\u00e8re journ\u00e9e, les Aveyronais ont fait match nul \u00e0 la maison face \u00e0 Nancy. Bien que dominateur, Rodez n\u2019a pas trouv\u00e9 la faille dans cette rencontre de la 1\u00e8re journ\u00e9e de Ligue 2.<\/p>\n<p style=\"text-align: justify;\">La derni\u00e8re rencontre entre les deux formations remonte \u00e0 2024 et les <strong>Verts<\/strong> s\u2019\u00e9taient impos\u00e9s 2 \u00e0 0 face \u00e0 Rodez. Chez les bookmakers, les <strong>St\u00e9phanois<\/strong> sont favoris pour ce match de la 2\u00e8me journ\u00e9e de Ligue 2.<\/p>\n<p>Ligue 1 : Le programme TV de Saint-\u00c9tienne \u2013 Rodez<br \/>\nSamedi 16 ao\u00fbt 2025<\/p>\n<p style=\"text-align: justify;\"><b>Match diffus\u00e9 sur beIN SPORTS<\/b><b>\u00a0: <\/b>D\u00e9but du match \u00e0<strong> 20h00.<\/strong><\/p>\n<p>Les compositions de Saint-\u00c9tienne \u2013 Rodez<br \/>\nLa composition de Saint-\u00c9tienne<\/p>\n<p style=\"text-align: justify;\">\u00c0 venir<\/p>\n<p>La composition de Rodez<\/p>\n<p style=\"text-align: justify;\">\u00c0 venir<\/p>\n<p>Les cotes de Saint-\u00c9tienne \u2013 Rodez<\/p>\n<tr style=\"height: 16px;\">\n<td style=\"background-color: #404040; border-color: #ededed; width: 840px; text-align: left;\" colspan=\"3\"><strong><img loading=\"lazy\" decoding=\"async\" class=\"alignnone wp-image-512842 perfmatters-lazy\" alt=\"\" width=\"14\" height=\"13\" src=\"https:\/\/www.europesays.com\/fr\/wp-content\/uploads\/2025\/05\/Logo-Winamax.png\"  data-\/> Samedi 16 ao\u00fbt, 20h00<\/strong><\/td>\n<\/tr>\n<tr style=\"height: 24px;\">\n<td style=\"background-color: #ffffff; border-color: #ededed; vertical-align: middle; text-align: center; width: 266px;\"><strong>Saint-\u00c9tienne<br \/><\/strong><a href=\"https:\/\/www.winamax.fr\/paris-sportifs\/match\/61527378?banid=33423\" class=\"su-button su-button-style-flat su-button-wide\" style=\"color:#fff;background-color:#0860ff;border-color:#074dcc;border-radius:5px\" target=\"_blank\" rel=\"noopener noreferrer\"> 1.68<\/a><\/td>\n<td style=\"background-color: #ffffff; border-color: #ededed; vertical-align: middle; text-align: center; width: 266px;\"><strong>Match nul<\/strong><br \/><a href=\"https:\/\/www.winamax.fr\/paris-sportifs\/match\/61527378?banid=33423\" class=\"su-button su-button-style-flat su-button-wide\" style=\"color:#fff;background-color:#0860ff;border-color:#074dcc;border-radius:5px\" target=\"_blank\" rel=\"noopener noreferrer\"> 3.70<\/a><\/td>\n<td style=\"background-color: #ffffff; border-color: #ededed; vertical-align: middle; text-align: center; width: 266px;\"><strong>Rodez<\/strong><br \/><a href=\"https:\/\/www.winamax.fr\/paris-sportifs\/match\/61527378?banid=33423\" class=\"su-button su-button-style-flat su-button-wide\" style=\"color:#fff;background-color:#0860ff;border-color:#074dcc;border-radius:5px\" target=\"_blank\" rel=\"noopener noreferrer\"> 4.50<\/a><\/td>\n<\/tr>\n<p style=\"text-align: justify;\">Tentez votre chance en profitant de votre <a href=\"https:\/\/www.winamax.fr\/registration\/landing\/affiliation_Bonus100?banid=33423\" target=\"_blank\" rel=\"noopener\">1er d\u00e9p\u00f4t doubl\u00e9 jusqu\u2019\u00e0 100 \u20ac<\/a> direct en paris gratuits sur Winamax !<\/p>\n","protected":false},"excerpt":{"rendered":"LIGUE 2 2025-2026 \u2013 \u00c0 quelle heure et sur quelle cha\u00eene TV suivre le match de Ligue 2&hellip;\n","protected":false},"author":2,"featured_media":318420,"comment_status":"","ping_status":"","sticky":false,"template":"","format":"standard","meta":{"footnotes":""},"categories":[9653],"tags":[1111,11,461,2430,2113,1777,674,63,1011,27,12,502,25,26119,4001],"class_list":{"0":"post-318419","1":"post","2":"type-post","3":"status-publish","4":"format-standard","5":"has-post-thumbnail","7":"category-saint-etienne","8":"tag-actu","9":"tag-actualites","10":"tag-asse","11":"tag-auvergne-rhone-alpes","12":"tag-breve","13":"tag-eu","14":"tag-europe","15":"tag-football","16":"tag-fr","17":"tag-france","18":"tag-news","19":"tag-programme-tv","20":"tag-republique-francaise","21":"tag-rodez","22":"tag-saint-etienne"},"share_on_mastodon":{"url":"https:\/\/pubeurope.com\/@fr\/115026721785612203","error":""},"_links":{"self":[{"href":"https:\/\/www.europesays.com\/fr\/wp-json\/wp\/v2\/posts\/318419","targetHints":{"allow":["GET"]}}],"collection":[{"href":"https:\/\/www.europesays.com\/fr\/wp-json\/wp\/v2\/posts"}],"about":[{"href":"https:\/\/www.europesays.com\/fr\/wp-json\/wp\/v2\/types\/post"}],"author":[{"embeddable":true,"href":"https:\/\/www.europesays.com\/fr\/wp-json\/wp\/v2\/users\/2"}],"replies":[{"embeddable":true,"href":"https:\/\/www.europesays.com\/fr\/wp-json\/wp\/v2\/comments?post=318419"}],"version-history":[{"count":0,"href":"https:\/\/www.europesays.com\/fr\/wp-json\/wp\/v2\/posts\/318419\/revisions"}],"wp:featuredmedia":[{"embeddable":true,"href":"https:\/\/www.europesays.com\/fr\/wp-json\/wp\/v2\/media\/318420"}],"wp:attachment":[{"href":"https:\/\/www.europesays.com\/fr\/wp-json\/wp\/v2\/media?parent=318419"}],"wp:term":[{"taxonomy":"category","embeddable":true,"href":"https:\/\/www.europesays.com\/fr\/wp-json\/wp\/v2\/categories?post=318419"},{"taxonomy":"post_tag","embeddable":true,"href":"https:\/\/www.europesays.com\/fr\/wp-json\/wp\/v2\/tags?post=318419"}],"curies":[{"name":"wp","href":"https:\/\/api.w.org\/{rel}","templated":true}]}}