{"id":318422,"date":"2025-08-14T10:48:11","date_gmt":"2025-08-14T10:48:11","guid":{"rendered":"https:\/\/www.europesays.com\/fr\/318422\/"},"modified":"2025-08-14T10:48:11","modified_gmt":"2025-08-14T10:48:11","slug":"nancy-ce-restaurant-de-poutines-quebecoises-quitte-le-quartier-gare-voici-sa-nouvelle-adresse","status":"publish","type":"post","link":"https:\/\/www.europesays.com\/fr\/318422\/","title":{"rendered":"Nancy. Ce restaurant de poutines qu\u00e9b\u00e9coises quitte le quartier Gare : voici sa nouvelle adresse"},"content":{"rendered":"<p>            Par<br \/>\n        <strong><br \/>\n            <a href=\"https:\/\/actu.fr\/auteur\/emil-vautrin\" title=\"Consulter tous les articles de Emil Vautrin\" target=\"_blank\" rel=\"noopener\">Emil Vautrin<\/a><br \/>\n        <\/strong><\/p>\n<p>        Publi\u00e9 le<\/p>\n<p>            14 ao\u00fbt 2025 \u00e0 12h45        <\/p>\n<p>Situ\u00e9 \u00e0 quelques m\u00e8tres de la <a href=\"https:\/\/actu.fr\/tag\/gare-de-nancy\" target=\"_blank\" rel=\"noopener\">gare de Nancy<\/a>, <strong>Mon Caribou<\/strong>, <a href=\"https:\/\/actu.fr\/grand-est\/nancy_54395\/voici-nouveau-restaurant-100-poutine-ouvert-nancy-caribou_25989694.html\" target=\"_blank\" rel=\"noopener\">ce restaurant 100\u2009% poutine<\/a>, change \u00e0 nouveau d\u2019adresse.<\/p>\n<p class=\" wall-content\">Apr\u00e8s avoir <a href=\"https:\/\/actu.fr\/grand-est\/nancy_54395\/nancy-mon-caribou-restaurant-de-poutines-demenage-et-agrandit-sa-carte_46578443.html\" target=\"_blank\" rel=\"noopener\">quitt\u00e9 la rue des Michottes pour le quartier Gare en 2021<\/a>, l\u2019enseigne s\u2019\u00e9loigne du centre-ville et <strong>a rouvert dans un nouveau local ce jeudi 14\u00a0ao\u00fbt<\/strong>.<\/p>\n<p>Une nouvelle adresse en dehors du centre-ville<\/p>\n<p class=\" wall-content\">Sur ses r\u00e9seaux sociaux, <strong>Mon Caribou a annonc\u00e9 rejoindre Food\u2019Lab<\/strong>, cet \u00e9tablissement o\u00f9 vous pouvez manger dans <a href=\"https:\/\/actu.fr\/grand-est\/nancy_54395\/dans-cet-etablissement-a-nancy-vous-pouvez-manger-dans-10-restaurants-differents_61212060.html\" target=\"_blank\" rel=\"noopener\">plusieurs restaurants diff\u00e9rents<\/a>.<\/p>\n<p class=\" wall-content\">Situ\u00e9 au 61 avenue du 20e Corps \u00e0 Nancy, pr\u00e8s de la station Deux-Rives \u2013 Olympe de Gouges du <a href=\"https:\/\/actu.fr\/tag\/trolleybus\" target=\"_blank\" rel=\"noopener\">trolleybus<\/a>, le restaurant est ouvert depuis ce jeudi avec les m\u00eames plats.<\/p>\n<p class=\" wall-content\">Pour l\u2019occasion, une <strong>soir\u00e9e sp\u00e9ciale avec un DJ<\/strong> est organis\u00e9e de 19h30 \u00e0 21h.<\/p>\n<p>    <a href=\"https:\/\/www.facebook.com\/plugins\/post.php?href=https%3A%2F%2Fwww.facebook.com%2Fmoncaribou.fr%2Fposts%2Fpfbid02rfbLH5im5Na4fAUV4matvDZGgdipBTu2zxRTHM9HAMkD76USjygwSx9zmiAg23ail&amp;show_text=true&amp;width=350\" title=\"Ouvrie le lien\" target=\"_blank\" rel=\"noopener\">Cliquez ici pour visualiser le contenu<\/a><\/p>\n<p>Bient\u00f4t un nouveau restaurant pr\u00e8s de la gare de Nancy<\/p>\n<p class=\" wall-content\">N\u00e9anmoins, l\u2019ancien local du quartier Gare ne va pas \u00eatre \u00e0 l\u2019abandon. \u00ab<strong>\u2009Un tout nouveau restaurant \u00e0 table ouvrira bient\u00f4t<\/strong> \u00e0 cette adresse\u2009\u00bb, peut-on lire sur l\u2019ancienne devanture.<\/p>\n<p class=\" wall-content\">Celui-ci proposera \u00ab\u2009une cuisine d\u2019antan g\u00e9n\u00e9reuse et <strong>des plats faits maison \u00e0 prix tout doux<\/strong>\u2009\u00bb.<\/p>\n<p class=\" wall-content\">Suivez toute l\u2019actualit\u00e9 de vos villes et m\u00e9dias favoris en vous inscrivant \u00e0 <a href=\"https:\/\/moncompte.actu.fr\" title=\"D\u00e9couvez Mon Actu\" rel=\"nofollow noopener\" data-trk=\"{&quot;cta&quot;:{&quot;action&quot;:&quot;https:\\\/\\\/moncompte.actu.fr&quot;,&quot;category&quot;:&quot;mon compte&quot;,&quot;from&quot;:&quot;article footer&quot;,&quot;name&quot;:&quot;Mon actu&quot;,&quot;type&quot;:&quot;cta&quot;}}\" target=\"_blank\">Mon Actu<\/a>.<\/p>\n","protected":false},"excerpt":{"rendered":"Par Emil Vautrin Publi\u00e9 le 14 ao\u00fbt 2025 \u00e0 12h45 Situ\u00e9 \u00e0 quelques m\u00e8tres de la gare de&hellip;\n","protected":false},"author":2,"featured_media":318423,"comment_status":"","ping_status":"","sticky":false,"template":"","format":"standard","meta":{"footnotes":""},"categories":[9635],"tags":[1111,11,215,902,1777,674,1011,27,775,1702,12,25,1340,104],"class_list":{"0":"post-318422","1":"post","2":"type-post","3":"status-publish","4":"format-standard","5":"has-post-thumbnail","7":"category-nancy","8":"tag-actu","9":"tag-actualites","10":"tag-commerce","11":"tag-cuisine","12":"tag-eu","13":"tag-europe","14":"tag-fr","15":"tag-france","16":"tag-grand-est","17":"tag-nancy","18":"tag-news","19":"tag-republique-francaise","20":"tag-restaurant","21":"tag-societe"},"share_on_mastodon":{"url":"https:\/\/pubeurope.com\/@fr\/115026729680753578","error":""},"_links":{"self":[{"href":"https:\/\/www.europesays.com\/fr\/wp-json\/wp\/v2\/posts\/318422","targetHints":{"allow":["GET"]}}],"collection":[{"href":"https:\/\/www.europesays.com\/fr\/wp-json\/wp\/v2\/posts"}],"about":[{"href":"https:\/\/www.europesays.com\/fr\/wp-json\/wp\/v2\/types\/post"}],"author":[{"embeddable":true,"href":"https:\/\/www.europesays.com\/fr\/wp-json\/wp\/v2\/users\/2"}],"replies":[{"embeddable":true,"href":"https:\/\/www.europesays.com\/fr\/wp-json\/wp\/v2\/comments?post=318422"}],"version-history":[{"count":0,"href":"https:\/\/www.europesays.com\/fr\/wp-json\/wp\/v2\/posts\/318422\/revisions"}],"wp:featuredmedia":[{"embeddable":true,"href":"https:\/\/www.europesays.com\/fr\/wp-json\/wp\/v2\/media\/318423"}],"wp:attachment":[{"href":"https:\/\/www.europesays.com\/fr\/wp-json\/wp\/v2\/media?parent=318422"}],"wp:term":[{"taxonomy":"category","embeddable":true,"href":"https:\/\/www.europesays.com\/fr\/wp-json\/wp\/v2\/categories?post=318422"},{"taxonomy":"post_tag","embeddable":true,"href":"https:\/\/www.europesays.com\/fr\/wp-json\/wp\/v2\/tags?post=318422"}],"curies":[{"name":"wp","href":"https:\/\/api.w.org\/{rel}","templated":true}]}}