{"id":318424,"date":"2025-08-14T10:49:12","date_gmt":"2025-08-14T10:49:12","guid":{"rendered":"https:\/\/www.europesays.com\/fr\/318424\/"},"modified":"2025-08-14T10:49:12","modified_gmt":"2025-08-14T10:49:12","slug":"faux-ministre-de-bayrou-mais-vrai-escroc-eddie-goujit-recidive-dans-un-camping-et-se-fait-arreter","status":"publish","type":"post","link":"https:\/\/www.europesays.com\/fr\/318424\/","title":{"rendered":"Faux ministre de Bayrou mais vrai escroc, Eddie Goujit r\u00e9cidive dans un camping et se fait arr\u00eater"},"content":{"rendered":"<p>Les gendarmes <a href=\"https:\/\/www.20minutes.fr\/societe\/ardeche\/\" class=\"c-link c-link--is-underlined\" target=\"_blank\" rel=\"noopener\">d\u2019Ard\u00e8che <\/a>l\u2019ont cueilli alors qu\u2019il s\u2019appr\u00eatait \u00e0 quitter les lieux de sa derni\u00e8re escroquerie en date avant de le ramener au commissariat de <a href=\"https:\/\/www.20minutes.fr\/dossier\/toulon\" class=\"c-link c-link--is-underlined\" target=\"_blank\" rel=\"noopener\">Toulon<\/a>. Eddie Gougit, ex-membre du Parlement r\u00e9gional de la jeunesse de la r\u00e9gion Paca, a \u00e9t\u00e9 plac\u00e9 en garde \u00e0 vue ce lundi, a appris 20 Minutes aupr\u00e8s du parquet de Toulon, d\u2019apr\u00e8s une information initiale de <a href=\"https:\/\/www.bfmtv.com\/var\/accusations-d-escroquerie-d-usurpation-de-fonction-eddie-goujit-candidat-a-la-mairie-de-toulon-en-garde-a-vue_AN-202508120302.html\" rel=\"nofollow noopener\" target=\"_blank\" class=\"c-link c-link--is-underlined\">BFM Toulon Var.<\/a><\/p>\n<p>Un coup d\u2019arr\u00eat pour le jeune homme de 18 ans, qui \u00e9tait d\u00e9j\u00e0 recherch\u00e9 par les autorit\u00e9s pour divers faits d\u2019escroqueries pour lesquelles il ne s\u2019\u00e9tait jamais pr\u00e9sent\u00e9 aux convocations de la police.<\/p>\n<p>Alors qu\u2019il avait d\u00e9j\u00e0 fait adresser des factures de train, d\u2019h\u00f4tellerie ou de restauration directement \u00e0 la r\u00e9gion se faisant passer pour un \u00e9lu, <a href=\"https:\/\/www.20minutes.fr\/faits_divers\/4139815-20250220-paca-faux-cheques-vraie-facture-individu-fait-passer-elu-region\" class=\"c-link c-link--is-underlined\" target=\"_blank\" rel=\"noopener\">comme 20 Minutes a d\u00e9j\u00e0 pu vous le raconter,<\/a> le jeune homme a poursuivi ces derniers temps son activit\u00e9 d\u2019escroc malgr\u00e9 les plaintes d\u00e9j\u00e0 d\u00e9pos\u00e9es.<\/p>\n<p>Il escroquait des enfants du camping<\/p>\n<p>Il a pouss\u00e9 le vice jusqu\u2019\u00e0 se faire passer pour un ministre de Bayrou pour abuser un h\u00f4telier des Pyr\u00e9n\u00e9es-Atlantiques, rapporte <a href=\"https:\/\/www.varmatin.com\/justice\/-c-est-arsene-lupin-il-vole-tout-le-monde-meme-des-enfants-eddie-goujit-le-faux-elu-de-la-region-en-garde-a-vue-997855\" rel=\"nofollow noopener\" target=\"_blank\" class=\"c-link c-link--is-underlined\">Var-Matin<\/a>, avant de se mettre au vert en Ard\u00e8che o\u00f9 il avait trouv\u00e9 \u00e0 travailler pour cette saison estivale en qualit\u00e9 d\u2019animateur dans un camping de Bourg-Saint-And\u00e9ol.<\/p>\n<\/p>\n<p>Mais l\u2019escroquerie semble \u00eatre maladive chez Eddie Goujit, qui a vu l\u2019opportunit\u00e9 trop belle de faire du cash en faisant payer l\u2019acc\u00e8s au city stade du camping \u00e0 des enfants en vacances. Une installation pourtant gratuite, a expliqu\u00e9 au quotidien varois la directrice du camping, abasourdie par tant d\u2019audace et de malhonn\u00eatet\u00e9.<\/p>\n<p>Celui qui se pr\u00e9sente sur les r\u00e9seaux comme candidat \u00e0 la mairie de Toulon, a \u00e9galement mis \u00e0 l\u2019amende quelques r\u00e9sidents du camping, leur assurant que ceux-ci devaient s\u2019acquitter d\u2019une amende de 100 euros pour s\u2019\u00e9viter un retrait de points, pr\u00e9textant que la police les avait flash\u00e9s alors qu\u2019ils auraient roul\u00e9 trop vite dans l\u2019enceinte du camping.<\/p>\n<p>Si le jeune homme ne s\u2019\u00e9tait jusqu\u2019alors jamais pr\u00e9sent\u00e9 \u00e0 ses convocations, il n\u2019a \u00e0 pr\u00e9sent plus d\u2019autres choix que de s\u2019expliquer lors de sa garde \u00e0 vue sur ses agissements.<\/p>\n","protected":false},"excerpt":{"rendered":"Les gendarmes d\u2019Ard\u00e8che l\u2019ont cueilli alors qu\u2019il s\u2019appr\u00eatait \u00e0 quitter les lieux de sa derni\u00e8re escroquerie en date&hellip;\n","protected":false},"author":2,"featured_media":318425,"comment_status":"","ping_status":"","sticky":false,"template":"","format":"standard","meta":{"footnotes":""},"categories":[9619],"tags":[1111,47,11,4646,3514,2430,3513,1777,674,118,1011,27,12,883,882,25,2431,2310,7506],"class_list":{"0":"post-318424","1":"post","2":"type-post","3":"status-publish","4":"format-standard","5":"has-post-thumbnail","7":"category-toulon","8":"tag-actu","9":"tag-actualite","10":"tag-actualites","11":"tag-ardeche","12":"tag-arnaque","13":"tag-auvergne-rhone-alpes","14":"tag-escroquerie","15":"tag-eu","16":"tag-europe","17":"tag-faits-divers","18":"tag-fr","19":"tag-france","20":"tag-news","21":"tag-paca","22":"tag-provence-alpes-cote-dazur","23":"tag-republique-francaise","24":"tag-rhone-alpes","25":"tag-toulon","26":"tag-var"},"share_on_mastodon":{"url":"https:\/\/pubeurope.com\/@fr\/115026733630990060","error":""},"_links":{"self":[{"href":"https:\/\/www.europesays.com\/fr\/wp-json\/wp\/v2\/posts\/318424","targetHints":{"allow":["GET"]}}],"collection":[{"href":"https:\/\/www.europesays.com\/fr\/wp-json\/wp\/v2\/posts"}],"about":[{"href":"https:\/\/www.europesays.com\/fr\/wp-json\/wp\/v2\/types\/post"}],"author":[{"embeddable":true,"href":"https:\/\/www.europesays.com\/fr\/wp-json\/wp\/v2\/users\/2"}],"replies":[{"embeddable":true,"href":"https:\/\/www.europesays.com\/fr\/wp-json\/wp\/v2\/comments?post=318424"}],"version-history":[{"count":0,"href":"https:\/\/www.europesays.com\/fr\/wp-json\/wp\/v2\/posts\/318424\/revisions"}],"wp:featuredmedia":[{"embeddable":true,"href":"https:\/\/www.europesays.com\/fr\/wp-json\/wp\/v2\/media\/318425"}],"wp:attachment":[{"href":"https:\/\/www.europesays.com\/fr\/wp-json\/wp\/v2\/media?parent=318424"}],"wp:term":[{"taxonomy":"category","embeddable":true,"href":"https:\/\/www.europesays.com\/fr\/wp-json\/wp\/v2\/categories?post=318424"},{"taxonomy":"post_tag","embeddable":true,"href":"https:\/\/www.europesays.com\/fr\/wp-json\/wp\/v2\/tags?post=318424"}],"curies":[{"name":"wp","href":"https:\/\/api.w.org\/{rel}","templated":true}]}}