{"id":318426,"date":"2025-08-14T10:50:09","date_gmt":"2025-08-14T10:50:09","guid":{"rendered":"https:\/\/www.europesays.com\/fr\/318426\/"},"modified":"2025-08-14T10:50:09","modified_gmt":"2025-08-14T10:50:09","slug":"un-jeune-escroc-futur-candidat-aux-municipales-qui-se-faisait-passer-pour-un-responsable-politique-mis-en-examen-liberation","status":"publish","type":"post","link":"https:\/\/www.europesays.com\/fr\/318426\/","title":{"rendered":"un jeune escroc, futur candidat aux municipales, qui se faisait passer pour un responsable politique mis en examen \u2013 Lib\u00e9ration"},"content":{"rendered":"<p class=\"sc-ksZaOG ehjQrN text-element\">De t\u00eate de liste aux municipales de\u00a02026 \u00e0 Toulon (Var) \u00e0 la d\u00e9tention provisoire. Eddie G., 18\u00a0ans, devenu ma\u00eetre dans l\u2019art de la griv\u00e8lerie, a \u00e9t\u00e9 mis en examen et \u00e9crou\u00e9 mercredi 13\u00a0ao\u00fbt, <a href=\"https:\/\/www.varmatin.com\/faits-divers\/eddie-goujit-le-faux-elu-de-la-region-poursuivi-pour-escroqueries-mis-en-examen-997988\" target=\"_blank\" rel=\"noreferrer noopener\" title=\"https:\/\/www.varmatin.com\/faits-divers\/eddie-goujit-le-faux-elu-de-la-region-poursuivi-pour-escroqueries-mis-en-examen-997988\">comme le rapportent plusieurs m\u00e9dias<\/a>. Il est notamment reproch\u00e9 au jeune homme d\u2019avoir menti et usurp\u00e9 l\u2019identit\u00e9 de responsables politiques pour escroquer des restaurants et des h\u00f4tels.<\/p>\n<p class=\"sc-ksZaOG ehjQrN text-element\">Selon le parquet, cet ancien membre du parlement r\u00e9gional de la jeunesse a \u00e9t\u00e9 \u00abmis en examen des chefs de faux et usage de faux, usurpation de titres, tentatives d\u2019escroqueries, escroqueries, vols commis entre f\u00e9vrier\u00a02023 et juillet\u00a02025\u00bb.<\/p>\n<p class=\"sc-ksZaOG ehjQrN text-element\">Eddie G. a \u00e9t\u00e9 interpell\u00e9 lundi 11\u00a0ao\u00fbt \u00e0 Bourg-Saint-And\u00e9ol (Ard\u00e8che), alors qu\u2019il travaillait comme saisonnier dans un camping, comme r\u00e9v\u00e9l\u00e9 par nos confr\u00e8res de <a href=\"https:\/\/www.bfmtv.com\/var\/accusations-d-escroquerie-d-usurpation-de-fonction-eddie-goujit-candidat-a-la-mairie-de-toulon-en-garde-a-vue_AN-202508120302.html\" target=\"_blank\" rel=\"noreferrer noopener\" title=\"https:\/\/www.bfmtv.com\/var\/accusations-d-escroquerie-d-usurpation-de-fonction-eddie-goujit-candidat-a-la-mairie-de-toulon-en-garde-a-vue_AN-202508120302.html\">BFMTV<\/a>. \u00abJ\u2019ai appris des choses par les clients, raconte la directrice du camping aupr\u00e8s de <a href=\"https:\/\/france3-regions.franceinfo.fr\/provence-alpes-cote-d-azur\/var\/temoignage-quand-j-ai-tape-son-nom-sur-google-j-ai-compris-qu-il-etait-recherche-la-directrice-du-camping-ou-eddie-goujit-travaillait-raconte-3201354.html\" target=\"_blank\" rel=\"noreferrer noopener\" title=\"https:\/\/france3-regions.franceinfo.fr\/provence-alpes-cote-d-azur\/var\/temoignage-quand-j-ai-tape-son-nom-sur-google-j-ai-compris-qu-il-etait-recherche-la-directrice-du-camping-ou-eddie-goujit-travaillait-raconte-3201354.html\">France 3<\/a>. Notamment qu\u2019il organisait des soir\u00e9es o\u00f9 il demandait des sous aux enfants.\u00bb Elle se d\u00e9cide alors \u00e0 googler Eddie G.\u00a0: \u00abC\u2019est quand j\u2019ai tap\u00e9 son nom sur Google que j\u2019ai compris qu\u2019il \u00e9tait recherch\u00e9.\u00bb<\/p>\n<p class=\"sc-ksZaOG ehjQrN text-element\">Le mis en cause faisait en effet l\u2019objet d\u2019une commission rogatoire, apr\u00e8s plusieurs plaintes \u00e9mises, p\u00eale-m\u00eale, par la r\u00e9gion Provence-Alpes-C\u00f4te d\u2019Azur, d\u2019associations, de professionnels ou de particuliers, d\u2019apr\u00e8s <a href=\"https:\/\/france3-regions.franceinfo.fr\/provence-alpes-cote-d-azur\/var\/un-usurpateur-presume-d-identites-recherche-depuis-plusieurs-mois-pour-escroqueries-est-en-garde-a-vue-a-toulon-3201246.html\" target=\"_blank\" rel=\"noreferrer noopener\" title=\"https:\/\/france3-regions.franceinfo.fr\/provence-alpes-cote-d-azur\/var\/un-usurpateur-presume-d-identites-recherche-depuis-plusieurs-mois-pour-escroqueries-est-en-garde-a-vue-a-toulon-3201246.html\">France 3<\/a>. Le jeune homme s\u2019\u00e9tait en autre fait passer pour un repr\u00e9sentant de Renaud Muselier, un proche de la maire de Toulon Jos\u00e9e Massi, ou un secr\u00e9taire d\u2019Etat du gouvernement Bayrou.<\/p>\n<p class=\"sc-ksZaOG ehjQrN text-element\">Comme l\u2019expliquait <a href=\"https:\/\/www.radiofrance.fr\/francebleu\/podcasts\/si-j-osais\/si-j-osais-le-faux-ministre-est-parti-sans-payer-4705945\" target=\"_blank\" rel=\"noreferrer noopener\" title=\"https:\/\/www.radiofrance.fr\/francebleu\/podcasts\/si-j-osais\/si-j-osais-le-faux-ministre-est-parti-sans-payer-4705945\">Ici<\/a> en avril dernier, Eddie G. a par exemple s\u00e9journ\u00e9 dans un h\u00f4tel b\u00e9arnais de la commune de Navarrenx. Treize nuit\u00e9es dans une chambre \u00abdouble confort\u00bb, des repas, des boissons, pour une facture totale de pr\u00e8s de 2\u00a0000\u00a0euros. Selon le patron de cet \u00e9tablissement, l\u2019escroc lui a demand\u00e9 d\u2019\u00abenvoyer la facture \u00e0 Matignon, rue de Varenne \u00e0 Paris\u00bb.<\/p>\n<p class=\"sc-ksZaOG ehjQrN text-element\"><a href=\"https:\/\/www.lefigaro.fr\/marseille\/usurpation-d-identite-escroquerie-et-mensonges-un-faux-elu-de-la-region-paca-en-garde-a-vue-20250813\" target=\"_blank\" rel=\"noreferrer noopener\" title=\"https:\/\/www.lefigaro.fr\/marseille\/usurpation-d-identite-escroquerie-et-mensonges-un-faux-elu-de-la-region-paca-en-garde-a-vue-20250813\">Le Figaro<\/a> rapporte de son c\u00f4t\u00e9 qu\u2019Eddie G. a \u00abusurp\u00e9 le titre de vice-pr\u00e9sident de la r\u00e9gion pour faire signer un faux contrat de partenariat \u00e0 un sportif de haut niveau\u00bb, ou \u00abassist\u00e9 \u00e0 un spectacle organis\u00e9 par une association \u00e0 Vence, dans les Alpes-Maritimes, se faisant passer pour un repr\u00e9sentant officiel de Renaud Muselier\u00bb. Encore une fois, il aurait demand\u00e9 que la facture soit adress\u00e9e \u00e0 la r\u00e9gion.<\/p>\n<p class=\"sc-ksZaOG ehjQrN text-element\">Autre fait d\u2019arme retrac\u00e9 par <a href=\"https:\/\/www.bfmtv.com\/marseille\/faux-cheque-geant-fausse-medaille-un-pretendu-elu-de-la-region-provence-alpes-cote-d-azur-accuse-d-escroqueries_AV-202502190390.html\" target=\"_blank\" rel=\"noreferrer noopener\" title=\"https:\/\/www.bfmtv.com\/marseille\/faux-cheque-geant-fausse-medaille-un-pretendu-elu-de-la-region-provence-alpes-cote-d-azur-accuse-d-escroqueries_AV-202502190390.html\">BFMTV<\/a>\u00a0: \u00e0 Mazan, le jeune homme, pass\u00e9 par les Jeunes avec Macron et le RN selon Var Matin, s\u2019est rendu \u00e0 un concours de beaut\u00e9 avec un faux ch\u00e8que d\u2019un montant de 175\u00a0000\u00a0euros, assurant accorder une subvention r\u00e9gionale. Et d\u00e9cern\u00e9 une pr\u00e9tendue m\u00e9daille de l\u2019Ordre National du M\u00e9rite au fondateur du concours.<\/p>\n","protected":false},"excerpt":{"rendered":"De t\u00eate de liste aux municipales de\u00a02026 \u00e0 Toulon (Var) \u00e0 la d\u00e9tention provisoire. Eddie G., 18\u00a0ans, devenu&hellip;\n","protected":false},"author":2,"featured_media":318427,"comment_status":"","ping_status":"","sticky":false,"template":"","format":"standard","meta":{"footnotes":""},"categories":[9619],"tags":[1111,11,1777,674,1011,27,431,12,882,17003,6697,25,2310],"class_list":{"0":"post-318426","1":"post","2":"type-post","3":"status-publish","4":"format-standard","5":"has-post-thumbnail","7":"category-toulon","8":"tag-actu","9":"tag-actualites","10":"tag-eu","11":"tag-europe","12":"tag-fr","13":"tag-france","14":"tag-francois-bayrou","15":"tag-news","16":"tag-provence-alpes-cote-dazur","17":"tag-provence-alpes-cote-d-azur","18":"tag-renaud-muselier","19":"tag-republique-francaise","20":"tag-toulon"},"share_on_mastodon":{"url":"https:\/\/pubeurope.com\/@fr\/115026737493997825","error":""},"_links":{"self":[{"href":"https:\/\/www.europesays.com\/fr\/wp-json\/wp\/v2\/posts\/318426","targetHints":{"allow":["GET"]}}],"collection":[{"href":"https:\/\/www.europesays.com\/fr\/wp-json\/wp\/v2\/posts"}],"about":[{"href":"https:\/\/www.europesays.com\/fr\/wp-json\/wp\/v2\/types\/post"}],"author":[{"embeddable":true,"href":"https:\/\/www.europesays.com\/fr\/wp-json\/wp\/v2\/users\/2"}],"replies":[{"embeddable":true,"href":"https:\/\/www.europesays.com\/fr\/wp-json\/wp\/v2\/comments?post=318426"}],"version-history":[{"count":0,"href":"https:\/\/www.europesays.com\/fr\/wp-json\/wp\/v2\/posts\/318426\/revisions"}],"wp:featuredmedia":[{"embeddable":true,"href":"https:\/\/www.europesays.com\/fr\/wp-json\/wp\/v2\/media\/318427"}],"wp:attachment":[{"href":"https:\/\/www.europesays.com\/fr\/wp-json\/wp\/v2\/media?parent=318426"}],"wp:term":[{"taxonomy":"category","embeddable":true,"href":"https:\/\/www.europesays.com\/fr\/wp-json\/wp\/v2\/categories?post=318426"},{"taxonomy":"post_tag","embeddable":true,"href":"https:\/\/www.europesays.com\/fr\/wp-json\/wp\/v2\/tags?post=318426"}],"curies":[{"name":"wp","href":"https:\/\/api.w.org\/{rel}","templated":true}]}}