{"id":31843,"date":"2025-04-17T14:17:25","date_gmt":"2025-04-17T14:17:25","guid":{"rendered":"https:\/\/www.europesays.com\/fr\/31843\/"},"modified":"2025-04-17T14:17:25","modified_gmt":"2025-04-17T14:17:25","slug":"un-appartement-est-a-vendre-dans-le-plus-haut-gratte-ciel-du-monde","status":"publish","type":"post","link":"https:\/\/www.europesays.com\/fr\/31843\/","title":{"rendered":"Un appartement est \u00e0 vendre dans le plus haut gratte-ciel du monde"},"content":{"rendered":"<p>Le Burj Khalifa a \u00e9t\u00e9 con\u00e7u par Adrian Smith, alors qu\u2019il \u00e9tait architecte chez Skidmore, Owings &amp; Merrill.<\/p>\n<p>Photo: Lu Shao Ji\/Getty Images<\/p>\n<p>Depuis sa mise en <a href=\"https:\/\/www.admagazine.fr\/article\/chateau-xviie-vendre-2-2-millions\" target=\"_blank\" rel=\"noopener\">vente<\/a> officielle en septembre dernier, la r\u00e9sidence a suscit\u00e9 l\u2019int\u00e9r\u00eat de nombreux Am\u00e9ricains fortun\u00e9s. Asad Khan affirme m\u00eame qu\u2019il ne serait pas surpris que l\u2019acheteur final soit originaire des \u00c9tats-Unis. \u00ab Nous avons re\u00e7u un vif int\u00e9r\u00eat de la part d\u2019Am\u00e9ricains, en particulier de figures influentes du monde des affaires, d\u2019agents sportifs et de repr\u00e9sentants d\u2019Hollywood \u00bb, pr\u00e9cise-t-il.<\/p>\n<p>Le rendu d\u2019une chambre montre \u00e0 quoi pourrait ressembler le penthouse une fois termin\u00e9.<\/p>\n<p>Photo: Courtesy of GT&amp;I Limited<\/p>\n<p>Bien que la r\u00e9sidence ne soit pas encore achev\u00e9e, les rendus donnent un aper\u00e7u du potentiel d\u2019am\u00e9nagement de l\u2019espace. Dans tous les cas, les fen\u00eatres restent l\u2019\u00e9l\u00e9ment central du penthouse. \u00ab Les fen\u00eatres, qui s\u2019\u00e9tendent souvent du sol au plafond, offrent une vue presque ininterrompue sur le monde en contrebas \u00bb, explique l\u2019agent immobilier. \u00ab On a l\u2019impression de flotter au-dessus de la ville, \u00e0 l\u2019\u00e9cart de son agitation. \u00bb<\/p>\n<p>Le penthouse du Burj Khalifa est-il le bien le plus cher de Duba\u00ef ?<\/p>\n<p>Ce duplex est l\u2019unit\u00e9 la plus ch\u00e8re du Burj Khalifa, mais il est loin d\u2019\u00eatre le plus cher de la ville. Selon l\u2019agence immobili\u00e8re de luxe Engel &amp; V\u00f6lkers, la propri\u00e9t\u00e9 la plus ch\u00e8re jamais vendue dans la ville est un <a href=\"https:\/\/www.admagazine.fr\/article\/petit-espace-charmant-penthouse-espagnol-accents-californiens\" target=\"_blank\" rel=\"noopener\">penthouse<\/a> situ\u00e9 \u00e0 Como Residences, c\u00e9d\u00e9 pour environ 136 millions de dollars (119,5 millions d\u2019euros). Parmi les autres transactions remarquables, on trouve le Marble Palace, mis en vente \u00e0 204 millions de dollars (179,2 millions d\u2019euros) en 2023 et qui aurait \u00e9t\u00e9 vendu d\u00e9but 2025 pour un peu moins de 116 millions de dollars (101,9 millions d\u2019euros).<\/p>\n<p>Qu\u2019est-ce qui est plus haut que le penthouse du Burj Khalifa ?<\/p>\n<p>Bien que le penthouse du Burj Khalifa soit la r\u00e9sidence la plus haute du b\u00e2timent, 50 \u00e9tages suppl\u00e9mentaires se trouvent au-dessus. Certains de ces \u00e9tages abritent des <a href=\"https:\/\/www.admagazine.fr\/article\/salone-del-mobile-2025-installations-milan\" target=\"_blank\" rel=\"noopener\">installations<\/a> techniques et des bureaux d\u2019entreprise, mais il existe \u00e9galement des espaces accessibles au public. At.mosphere, le restaurant le plus \u00e9lev\u00e9 du monde, se situe au 122e \u00e9tage, tandis que les terrasses d\u2019observation occupent les 124e et 125e \u00e9tages.<\/p>\n","protected":false},"excerpt":{"rendered":"Le Burj Khalifa a \u00e9t\u00e9 con\u00e7u par Adrian Smith, alors qu\u2019il \u00e9tait architecte chez Skidmore, Owings &amp; Merrill.&hellip;\n","protected":false},"author":2,"featured_media":31844,"comment_status":"","ping_status":"","sticky":false,"template":"","format":"standard","meta":{"footnotes":""},"categories":[1358],"tags":[1348,1384,1385,1386,58,5017,59,1011,27,7922],"class_list":{"0":"post-31843","1":"post","2":"type-post","3":"status-publish","4":"format-standard","5":"has-post-thumbnail","7":"category-arts-et-design","8":"tag-arts","9":"tag-arts-and-design","10":"tag-arts-et-design","11":"tag-design","12":"tag-divertissement","13":"tag-dubai","14":"tag-entertainment","15":"tag-fr","16":"tag-france","17":"tag-gratte-ciel"},"share_on_mastodon":{"url":"https:\/\/pubeurope.com\/@fr\/114353736491132314","error":""},"_links":{"self":[{"href":"https:\/\/www.europesays.com\/fr\/wp-json\/wp\/v2\/posts\/31843","targetHints":{"allow":["GET"]}}],"collection":[{"href":"https:\/\/www.europesays.com\/fr\/wp-json\/wp\/v2\/posts"}],"about":[{"href":"https:\/\/www.europesays.com\/fr\/wp-json\/wp\/v2\/types\/post"}],"author":[{"embeddable":true,"href":"https:\/\/www.europesays.com\/fr\/wp-json\/wp\/v2\/users\/2"}],"replies":[{"embeddable":true,"href":"https:\/\/www.europesays.com\/fr\/wp-json\/wp\/v2\/comments?post=31843"}],"version-history":[{"count":0,"href":"https:\/\/www.europesays.com\/fr\/wp-json\/wp\/v2\/posts\/31843\/revisions"}],"wp:featuredmedia":[{"embeddable":true,"href":"https:\/\/www.europesays.com\/fr\/wp-json\/wp\/v2\/media\/31844"}],"wp:attachment":[{"href":"https:\/\/www.europesays.com\/fr\/wp-json\/wp\/v2\/media?parent=31843"}],"wp:term":[{"taxonomy":"category","embeddable":true,"href":"https:\/\/www.europesays.com\/fr\/wp-json\/wp\/v2\/categories?post=31843"},{"taxonomy":"post_tag","embeddable":true,"href":"https:\/\/www.europesays.com\/fr\/wp-json\/wp\/v2\/tags?post=31843"}],"curies":[{"name":"wp","href":"https:\/\/api.w.org\/{rel}","templated":true}]}}