{"id":318432,"date":"2025-08-14T10:53:10","date_gmt":"2025-08-14T10:53:10","guid":{"rendered":"https:\/\/www.europesays.com\/fr\/318432\/"},"modified":"2025-08-14T10:53:10","modified_gmt":"2025-08-14T10:53:10","slug":"cest-un-cycliste-qui-linterpelle","status":"publish","type":"post","link":"https:\/\/www.europesays.com\/fr\/318432\/","title":{"rendered":"c&rsquo;est un cycliste qui l&rsquo;interpelle"},"content":{"rendered":"<p>            Par<br \/>\n        <strong><br \/>\n            <a href=\"https:\/\/actu.fr\/auteur\/yann-rivallan\" title=\"Consulter tous les articles de Yann Rivallan\" rel=\"nofollow noopener\" target=\"_blank\">Yann Rivallan<\/a><br \/>\n        <\/strong><\/p>\n<p>        Publi\u00e9 le<\/p>\n<p>            14 ao\u00fbt 2025 \u00e0 11h47        <\/p>\n<p><strong>Tous les h\u00e9ros ne portent pas de cape<\/strong>. Ou m\u00eame un uniforme. La preuve, c\u2019est <strong>un cycliste<\/strong> qui a aid\u00e9 les policiers de <a href=\"https:\/\/actu.fr\/normandie\/rouen_76540\" rel=\"nofollow noopener\" target=\"_blank\">Rouen<\/a> \u00e0 coincer un voleur, dans la soir\u00e9e du mercredi 13 ao\u00fbt 2025, apprend-on de source polici\u00e8re.<\/p>\n<p>Le voleur se cache et prend la fuite<\/p>\n<p class=\" wall-content\">Il est 19h10 quand des policiers en patrouille au niveau du quai du Havre rep\u00e8rent quelque chose d\u2019anormal. La porte avant droite d\u2019une voiture stationn\u00e9e est ouverte. Mais surtout, <strong>la vitre est bris\u00e9e<\/strong>.<\/p>\n<p class=\" wall-content\">Les forces de l\u2019ordre s\u2019approchent doucement et ils voient un homme se mettre \u00ab\u2009accroupi derri\u00e8re la voiture pour se dissimuler\u2009\u00bb, nous explique notre source. Quand l\u2019homme suspect voit les gardiens de la paix mettre pied \u00e0 terre et s\u2019approcher du v\u00e9hicule, <strong>il prend la fuite<\/strong> en courant en direction de la rue Saint-\u00c9loi.<\/p>\n<p>Un cycliste aide les policiers<\/p>\n<p class=\" wall-content\">Ni une, ni deux, les policiers le pourchassent \u00e0 pied. Dans leur course-poursuite, ils <strong>croisent un cycliste<\/strong> au niveau de la rue Saint-Jacques. Les policiers lui demandent de l\u2019aide et ce dernier se met \u00e0 pourchasser \u00e0 son tour le voleur.<\/p>\n<p class=\" wall-content\">Le cycliste finit par devancer le fuyard et <strong>lui barrer la route<\/strong> pour que \u00ab\u2009les policiers le prennent en tenaille\u2009\u00bb, poursuit notre source. Le voleur, un homme de 29\u00a0ans, est aussit\u00f4t interpell\u00e9 et conduit en garde \u00e0 vue. En plus d\u2019avoir \u00e9t\u00e9 surpris en plein m\u00e9fait, il faisait aussi l\u2019objet d\u2019une fiche de recherche. Il a une interdiction judiciaire de se pr\u00e9senter sur le territoire de Rouen.<\/p>\n<p>Suivez l\u2019actualit\u00e9 de Rouen sur <a href=\"https:\/\/www.whatsapp.com\/channel\/0029VaKfnf99hXF2ddApFB1D\" rel=\"nofollow noopener\" target=\"_blank\">notre cha\u00eene WhatsApp<\/a> et sur <a href=\"https:\/\/www.tiktok.com\/@76actu.fr?lang=fr\" rel=\"nofollow noopener\" target=\"_blank\">notre compte TikTok<\/a><\/p>\n<p class=\" wall-content\">Suivez toute l\u2019actualit\u00e9 de vos villes et m\u00e9dias favoris en vous inscrivant \u00e0 <a href=\"https:\/\/moncompte.actu.fr\" title=\"D\u00e9couvez Mon Actu\" rel=\"nofollow noopener\" data-trk=\"{&quot;cta&quot;:{&quot;action&quot;:&quot;https:\\\/\\\/moncompte.actu.fr&quot;,&quot;category&quot;:&quot;mon compte&quot;,&quot;from&quot;:&quot;article footer&quot;,&quot;name&quot;:&quot;Mon actu&quot;,&quot;type&quot;:&quot;cta&quot;}}\" target=\"_blank\">Mon Actu<\/a>.<\/p>\n<p>                    <script async src=\"\/\/www.tiktok.com\/embed.js\"><\/script><\/p>\n","protected":false},"excerpt":{"rendered":"Par Yann Rivallan Publi\u00e9 le 14 ao\u00fbt 2025 \u00e0 11h47 Tous les h\u00e9ros ne portent pas de cape.&hellip;\n","protected":false},"author":2,"featured_media":318433,"comment_status":"","ping_status":"","sticky":false,"template":"","format":"standard","meta":{"footnotes":""},"categories":[9587],"tags":[1111,11,1777,674,118,1011,27,12,5161,1072,25,9590,208],"class_list":{"0":"post-318432","1":"post","2":"type-post","3":"status-publish","4":"format-standard","5":"has-post-thumbnail","7":"category-rouen","8":"tag-actu","9":"tag-actualites","10":"tag-eu","11":"tag-europe","12":"tag-faits-divers","13":"tag-fr","14":"tag-france","15":"tag-news","16":"tag-normandie","17":"tag-police","18":"tag-republique-francaise","19":"tag-rouen","20":"tag-velo"},"share_on_mastodon":{"url":"https:\/\/pubeurope.com\/@fr\/115026749175306229","error":""},"_links":{"self":[{"href":"https:\/\/www.europesays.com\/fr\/wp-json\/wp\/v2\/posts\/318432","targetHints":{"allow":["GET"]}}],"collection":[{"href":"https:\/\/www.europesays.com\/fr\/wp-json\/wp\/v2\/posts"}],"about":[{"href":"https:\/\/www.europesays.com\/fr\/wp-json\/wp\/v2\/types\/post"}],"author":[{"embeddable":true,"href":"https:\/\/www.europesays.com\/fr\/wp-json\/wp\/v2\/users\/2"}],"replies":[{"embeddable":true,"href":"https:\/\/www.europesays.com\/fr\/wp-json\/wp\/v2\/comments?post=318432"}],"version-history":[{"count":0,"href":"https:\/\/www.europesays.com\/fr\/wp-json\/wp\/v2\/posts\/318432\/revisions"}],"wp:featuredmedia":[{"embeddable":true,"href":"https:\/\/www.europesays.com\/fr\/wp-json\/wp\/v2\/media\/318433"}],"wp:attachment":[{"href":"https:\/\/www.europesays.com\/fr\/wp-json\/wp\/v2\/media?parent=318432"}],"wp:term":[{"taxonomy":"category","embeddable":true,"href":"https:\/\/www.europesays.com\/fr\/wp-json\/wp\/v2\/categories?post=318432"},{"taxonomy":"post_tag","embeddable":true,"href":"https:\/\/www.europesays.com\/fr\/wp-json\/wp\/v2\/tags?post=318432"}],"curies":[{"name":"wp","href":"https:\/\/api.w.org\/{rel}","templated":true}]}}