{"id":318434,"date":"2025-08-14T10:56:10","date_gmt":"2025-08-14T10:56:10","guid":{"rendered":"https:\/\/www.europesays.com\/fr\/318434\/"},"modified":"2025-08-14T10:56:10","modified_gmt":"2025-08-14T10:56:10","slug":"batir-demain-avec-les-pierres-dhier","status":"publish","type":"post","link":"https:\/\/www.europesays.com\/fr\/318434\/","title":{"rendered":"B\u00e2tir demain avec les pierres d&rsquo;hier"},"content":{"rendered":"<p>&#13;<br \/>\n&#13;<br \/>\n\t&#13;<br \/>\n\t&#13;<br \/>\n&#13;<br \/>\n\t&#13;<br \/>\n\t&#13;<br \/>\n&#13;<\/p>\n<p>Un couvent transform\u00e9 en bar, une usine reconvertie en centre commercial, une maison devenue un mus\u00e9e\u2026 L\u2019Is\u00e8re ne manque pas d\u2019exemples de lieux historiques qui abritent une nouvelle activit\u00e9.<\/p>\n<p>Reconvertir un b\u00e2timent patrimonial n\u2019est pas une mince affaire\u00a0: au-del\u00e0 du d\u00e9fi architectural, un tel chantier s\u2019accompagne parfois d\u2019un budget \u00e9lev\u00e9 et de surprises, bonnes ou mauvaises. Citons les fresques mises \u00e0 jour dans la maison des Champollion, \u00e0 Vif, ou le plomb d\u00e9couvert dans le palais du Parlement du Dauphin\u00e9, \u00e0 Grenoble.<\/p>\n<p>Un patrimoine plus ou moins r\u00e9cent<\/p>\n<p>Avec 319 monuments historiques et 128\u00a0sites patrimoniaux reconnus, le d\u00e9partement regorge de lieux remarquables. \u00abPour qu\u2019un b\u00e2ti ancien soit consid\u00e9r\u00e9 comme patrimonial, il faut qu\u2019il ait une technique de construction originale, la pr\u00e9sence d\u2019\u00e9l\u00e9ments anciens et bien conserv\u00e9s ou un int\u00e9r\u00eat parce qu\u2019il appartenait \u00e0 une figure locale\u00a0\u00bb, explique Jacques Henry, directeur du Conseil d\u2019architecture, d\u2019urbanisme et de l\u2019environnement de l\u2019Is\u00e8re. Si certains \u00e9difices historiques conservent leur fonction initiale, nombreux sont ceux qui abritent aujourd\u2019hui un mus\u00e9e, \u00e0 Grenoble, Saint-Antoine-l\u2019Abbaye ou Bourgoin-Jallieu. D\u2019autres b\u00e2timents, plus r\u00e9cents, connaissent une seconde vie \u00e9loign\u00e9e de la premi\u00e8re, \u00e0 l\u2019image du centre commercial install\u00e9 dans les anciennes usines Neyrpic, \u00e0 Saint-Martin-d\u2019H\u00e8res. \u00ab\u00a0Les Is\u00e9rois n\u2019ont pas forc\u00e9ment conscience de la richesse du patrimoine qui les entoure\u00a0\u00bb, poursuit Jacques Henry. Loin d\u2019\u00eatre fig\u00e9e, l\u2019histoire de ces sites continue de s\u2019\u00e9crire.<\/p>\n<p>Retrouvez ce dossier en int\u00e9gralit\u00e9 dans l\u2019\u00e9dition des Affiches de Grenoble et du Dauphin\u00e9 du <a href=\"https:\/\/mozzoportal.publishingcenter.net\/compagnie-des-medias\/\" rel=\"nofollow noopener\" target=\"_blank\">15 ao\u00fbt 2025<\/a>.<br \/>Les contenus de ce grand format :<br \/>&#8211; Jacques Henry, directeur du Conseil d&rsquo;architecture, d&rsquo;urbanisme et de l&rsquo;environnement (CAUE) de l&rsquo;Is\u00e8re : \u00ab\u00a0Entretenir le patrimoine a un co\u00fbt qui rapporte socialement et \u00e9conomiquement\u00a0\u00bb<br \/>&#8211; R\u00e9habiliter plut\u00f4t que d\u00e9truire : la politique de Grenoble<br \/>&#8211; Le patrimoine historique, un atout pour l&rsquo;art<br \/>&#8211; \u00c0 Vienne, un h\u00e9ritage industriel bien portant<\/p>\n<p>\t\t&#13;<br \/>\n&#13;<\/p>\n","protected":false},"excerpt":{"rendered":"&#13; &#13; &#13; &#13; &#13; &#13; &#13; &#13; Un couvent transform\u00e9 en bar, une usine reconvertie en centre&hellip;\n","protected":false},"author":2,"featured_media":318435,"comment_status":"","ping_status":"","sticky":false,"template":"","format":"standard","meta":{"footnotes":""},"categories":[9566],"tags":[1111,11,2430,1777,674,1011,27,2731,12,25],"class_list":{"0":"post-318434","1":"post","2":"type-post","3":"status-publish","4":"format-standard","5":"has-post-thumbnail","7":"category-grenoble","8":"tag-actu","9":"tag-actualites","10":"tag-auvergne-rhone-alpes","11":"tag-eu","12":"tag-europe","13":"tag-fr","14":"tag-france","15":"tag-grenoble","16":"tag-news","17":"tag-republique-francaise"},"share_on_mastodon":{"url":"https:\/\/pubeurope.com\/@fr\/115026761048429465","error":""},"_links":{"self":[{"href":"https:\/\/www.europesays.com\/fr\/wp-json\/wp\/v2\/posts\/318434","targetHints":{"allow":["GET"]}}],"collection":[{"href":"https:\/\/www.europesays.com\/fr\/wp-json\/wp\/v2\/posts"}],"about":[{"href":"https:\/\/www.europesays.com\/fr\/wp-json\/wp\/v2\/types\/post"}],"author":[{"embeddable":true,"href":"https:\/\/www.europesays.com\/fr\/wp-json\/wp\/v2\/users\/2"}],"replies":[{"embeddable":true,"href":"https:\/\/www.europesays.com\/fr\/wp-json\/wp\/v2\/comments?post=318434"}],"version-history":[{"count":0,"href":"https:\/\/www.europesays.com\/fr\/wp-json\/wp\/v2\/posts\/318434\/revisions"}],"wp:featuredmedia":[{"embeddable":true,"href":"https:\/\/www.europesays.com\/fr\/wp-json\/wp\/v2\/media\/318435"}],"wp:attachment":[{"href":"https:\/\/www.europesays.com\/fr\/wp-json\/wp\/v2\/media?parent=318434"}],"wp:term":[{"taxonomy":"category","embeddable":true,"href":"https:\/\/www.europesays.com\/fr\/wp-json\/wp\/v2\/categories?post=318434"},{"taxonomy":"post_tag","embeddable":true,"href":"https:\/\/www.europesays.com\/fr\/wp-json\/wp\/v2\/tags?post=318434"}],"curies":[{"name":"wp","href":"https:\/\/api.w.org\/{rel}","templated":true}]}}