{"id":318440,"date":"2025-08-14T10:59:13","date_gmt":"2025-08-14T10:59:13","guid":{"rendered":"https:\/\/www.europesays.com\/fr\/318440\/"},"modified":"2025-08-14T10:59:13","modified_gmt":"2025-08-14T10:59:13","slug":"rennes-sur-le-point-de-boucler-la-vente-darnaud-kalimuendo-a-nottingham-forest","status":"publish","type":"post","link":"https:\/\/www.europesays.com\/fr\/318440\/","title":{"rendered":"Rennes sur le point de boucler la vente d\u2019Arnaud Kalimuendo \u00e0 Nottingham Forest !"},"content":{"rendered":"<p>C\u2019est l\u2019\u00e9t\u00e9 du grand chamboulement pour <a href=\"https:\/\/www.footmercato.net\/joueur\/arnaud-kalimuendo\/\" rel=\"nofollow noopener\" target=\"_blank\">Arnaud Kalimuendo<\/a>. \u00c2g\u00e9 de 23 ans, le jeune attaquant fran\u00e7ais est devenu une figure incontournable de notre <a href=\"https:\/\/www.footmercato.net\/france\/ligue-1\/\" rel=\"nofollow noopener\" target=\"_blank\">Ligue 1<\/a>. Form\u00e9 au Paris Saint-Germain et r\u00e9v\u00e9l\u00e9 avec deux pr\u00eats int\u00e9ressants au Racing Club de Lens entre 2020 et 2022, le jeune attaquant avait finalement \u00e9t\u00e9 vendu \u00e0 <a href=\"https:\/\/www.footmercato.net\/club\/stade-rennais-fc\/\" rel=\"nofollow noopener\" target=\"_blank\">Rennes<\/a> contre 20 millions d\u2019euros. <\/p>\n<p>            La suite apr\u00e8s cette publicit\u00e9<\/p>\n<p>Apr\u00e8s deux saisons int\u00e9ressantes, mais o\u00f9 il pouvait faire mieux, le natif de Suresnes a mont\u00e9 le curseur lors du dernier exercice. Si Rennes a d\u00e9\u00e7u en terminant seulement douzi\u00e8me de Ligue 1, Arnaud Kalimuendo a lui totalement crev\u00e9 l\u2019\u00e9cran. Inscrivant pas moins de 18 buts tout en d\u00e9livrant 4 offrandes en 34 rencontres, l\u2019international U21 fran\u00e7ais avait une multitude de pr\u00e9tendants devant sa porte. <\/p>\n<p>            La suite apr\u00e8s cette publicit\u00e9<\/p>\n<p>        Nottingham Forest rafle la mise<\/p>\n<p>On pouvait ainsi compter l\u2019AC Milan, la Juventus et l\u2019AS Roma en Italie ou bien Stuttgart et l\u2019Eintracht Francfort en Bundesliga. Mais c\u2019\u00e9tait bien la <a href=\"https:\/\/www.footmercato.net\/angleterre\/premier-league\/\" rel=\"nofollow noopener\" target=\"_blank\">Premier League<\/a> la plus insistante. En effet, le promu Leeds a formul\u00e9 une offre de 25 millions d\u2019euros, mais le transfert n\u2019avait pas abouti. Brentford qui cherchait ainsi un rempla\u00e7ant \u00e0 Bryan Mbeumo tandis que Newcastle prospectait aussi pour un renfort offensif. <\/p>\n<p>Finalement, c\u2019est Nottingham Forest qui a pr\u00e9sent\u00e9 une offre de 30 millions d\u2019euros au Stade Rennais selon <a href=\"https:\/\/www.leparisien.fr\/sports\/football\/ligue-1\/\" rel=\"nofollow noopener\" target=\"_blank\">Le Parisien<\/a>. Une proposition en passe d\u2019\u00eatre accept\u00e9e par le club breton qui est en n\u00e9gociation pour boucler l\u2019op\u00e9ration. \u00c0 la veille de la reprise de la Ligue 1, Rennes est donc proche de s\u2019offrir une jolie vente.<\/p>\n<p>\n    Pub. le 14\/08\/2025 12:02<br \/>\n            &#8211; MAJ le 14\/08\/2025 12:56\n    <\/p>\n","protected":false},"excerpt":{"rendered":"C\u2019est l\u2019\u00e9t\u00e9 du grand chamboulement pour Arnaud Kalimuendo. \u00c2g\u00e9 de 23 ans, le jeune attaquant fran\u00e7ais est devenu&hellip;\n","protected":false},"author":2,"featured_media":135712,"comment_status":"","ping_status":"","sticky":false,"template":"","format":"standard","meta":{"footnotes":""},"categories":[2821],"tags":[1111,11,829,1777,674,1011,27,12,584,25],"class_list":{"0":"post-318440","1":"post","2":"type-post","3":"status-publish","4":"format-standard","5":"has-post-thumbnail","7":"category-rennes","8":"tag-actu","9":"tag-actualites","10":"tag-bretagne","11":"tag-eu","12":"tag-europe","13":"tag-fr","14":"tag-france","15":"tag-news","16":"tag-rennes","17":"tag-republique-francaise"},"share_on_mastodon":{"url":"https:\/\/pubeurope.com\/@fr\/115026772948759181","error":""},"_links":{"self":[{"href":"https:\/\/www.europesays.com\/fr\/wp-json\/wp\/v2\/posts\/318440","targetHints":{"allow":["GET"]}}],"collection":[{"href":"https:\/\/www.europesays.com\/fr\/wp-json\/wp\/v2\/posts"}],"about":[{"href":"https:\/\/www.europesays.com\/fr\/wp-json\/wp\/v2\/types\/post"}],"author":[{"embeddable":true,"href":"https:\/\/www.europesays.com\/fr\/wp-json\/wp\/v2\/users\/2"}],"replies":[{"embeddable":true,"href":"https:\/\/www.europesays.com\/fr\/wp-json\/wp\/v2\/comments?post=318440"}],"version-history":[{"count":0,"href":"https:\/\/www.europesays.com\/fr\/wp-json\/wp\/v2\/posts\/318440\/revisions"}],"wp:featuredmedia":[{"embeddable":true,"href":"https:\/\/www.europesays.com\/fr\/wp-json\/wp\/v2\/media\/135712"}],"wp:attachment":[{"href":"https:\/\/www.europesays.com\/fr\/wp-json\/wp\/v2\/media?parent=318440"}],"wp:term":[{"taxonomy":"category","embeddable":true,"href":"https:\/\/www.europesays.com\/fr\/wp-json\/wp\/v2\/categories?post=318440"},{"taxonomy":"post_tag","embeddable":true,"href":"https:\/\/www.europesays.com\/fr\/wp-json\/wp\/v2\/tags?post=318440"}],"curies":[{"name":"wp","href":"https:\/\/api.w.org\/{rel}","templated":true}]}}