{"id":318441,"date":"2025-08-14T11:00:12","date_gmt":"2025-08-14T11:00:12","guid":{"rendered":"https:\/\/www.europesays.com\/fr\/318441\/"},"modified":"2025-08-14T11:00:12","modified_gmt":"2025-08-14T11:00:12","slug":"trouve-en-mauvais-etat-dans-la-rue-le-chouette-lapin-fondue-a-besoin-dune-famille","status":"publish","type":"post","link":"https:\/\/www.europesays.com\/fr\/318441\/","title":{"rendered":"trouv\u00e9 en mauvais \u00e9tat dans la rue, le chouette lapin Fondue a besoin d&rsquo;une famille"},"content":{"rendered":"<p>N\u00e9 en novembre\u00a02024, Fondue est un lapin nain m\u00e2le, trouv\u00e9 dans la rue, dans un mauvais \u00e9tat. Il a fait fondre le c\u0153ur des b\u00e9n\u00e9voles de <a href=\"https:\/\/www.dna.fr\/societe\/2025\/06\/06\/crise-a-la-spa-20-salaries-refusent-que-la-directrice-soit-poussee-vers-la-sortie\" target=\"_blank\" rel=\"noopener\">la SPA de Strasbourg<\/a> et est doux comme un c\u0153ur de fromage. On pourrait le d\u00e9crire comme un lapin magicien, capable de transformer une simple soir\u00e9e en moment fondu de tendresse. Chaque fois qu\u2019il pose ses pattes quelque part, le bonheur gratine (comme sur une flammekueche bien dor\u00e9e, pour les Alsaciens\u2026). Chaque c\u00e2lin avec lui a le go\u00fbt d\u2019un vieux comt\u00e9 affin\u00e9 24 mois\u00a0: puissant, intense, inoubliable. <\/p>\n<p>Ce contenu est bloqu\u00e9 car vous n&rsquo;avez pas accept\u00e9 les cookies et autres traceurs.<\/p>\n<p>En cliquant sur \u00ab J\u2019accepte \u00bb, les cookies et autres traceurs seront d\u00e9pos\u00e9s et vous pourrez visualiser les contenus  (<a href=\"\" class=\"consentModule_policy\" target=\"_blank\" title=\"Consulter la politique de protection des donn\u00e9es du fournisseur\">plus d&rsquo;informations<\/a>).<\/p>\n<p>En cliquant sur \u00ab J\u2019accepte tous les cookies \u00bb, vous autorisez des d\u00e9p\u00f4ts de cookies et autres traceurs pour le stockage de vos donn\u00e9es sur nos sites et applications \u00e0 des fins de personnalisation et de ciblage publicitaire.<\/p>\n<p class=\"consentModule_secondaryText\">Vous gardez la possibilit\u00e9 de retirer votre consentement \u00e0 tout moment en consultant notre <a href=\"https:\/\/www.dna.fr\/protection-des-donnees\" target=\"_blank\" title=\"Consulter notre politique de protection des donn\u00e9es\" rel=\"noopener\">politique de protection des donn\u00e9es<\/a>. <br \/>&#13;<br \/>\n            <a href=\"https:\/\/www.dna.fr\/societe\/2025\/08\/14\/javascript:Didomi.notice.show()\" class=\"consentModule_cmp\" target=\"_blank\" rel=\"noopener\">G\u00e9rer mes choix<\/a>&#13;\n        <\/p>\n<p>&#13;<br \/>\n                        J&rsquo;accepte&#13;<br \/>\n            J&rsquo;accepte tous les cookies&#13;\n        <\/p>\n<p>On dit que celui qui adoptera Fondue se mettra \u00e0 rire plus souvent, \u00e0 parler aux fleurs et \u00e0 red\u00e9couvrir le go\u00fbt de l\u2019instant. C\u2019est peut-\u00eatre une l\u00e9gende\u2026 Ou peut-\u00eatre pas. \u00c0 vous de le d\u00e9couvrir. Alors, pr\u00eat \u00e0 faire fondre vos habitudes pour un amour cr\u00e9meux et craquant\u00a0? Fondue vous attend. Et il n\u2019a besoin que d\u2019un foyer\u2026 et d\u2019un peu de vous.<\/p>\n<p>La SPA recherche \u00e9videmment un foyer pouvant lui offrir une vie en semi-libert\u00e9 ou libert\u00e9 totale et, dans l\u2019id\u00e9al, une colocation avec une lagomorphe femelle st\u00e9rilis\u00e9e.<\/p>\n<p class=\"note\">SPA, 7 rue de l\u2019Entenloch \u00e0 Strasbourg-Cronenbourg, 03\u00a088\u00a034\u00a067\u00a067, mail nacs@spa-strasbourg.org. Web www.spa-strasbourg.org<\/p>\n","protected":false},"excerpt":{"rendered":"N\u00e9 en novembre\u00a02024, Fondue est un lapin nain m\u00e2le, trouv\u00e9 dans la rue, dans un mauvais \u00e9tat. Il&hellip;\n","protected":false},"author":2,"featured_media":318442,"comment_status":"","ping_status":"","sticky":false,"template":"","format":"standard","meta":{"footnotes":""},"categories":[2820],"tags":[1111,11,2389,1867,2649,2880,1777,674,107,1011,27,775,12,25,104,640,2879],"class_list":{"0":"post-318441","1":"post","2":"type-post","3":"status-publish","4":"format-standard","5":"has-post-thumbnail","7":"category-strasbourg","8":"tag-actu","9":"tag-actualites","10":"tag-alsace","11":"tag-animaux","12":"tag-bas-rhin","13":"tag-edition-strasbourg","14":"tag-eu","15":"tag-europe","16":"tag-fil-info","17":"tag-fr","18":"tag-france","19":"tag-grand-est","20":"tag-news","21":"tag-republique-francaise","22":"tag-societe","23":"tag-strasbourg","24":"tag-strasbourg-ville"},"share_on_mastodon":{"url":"https:\/\/pubeurope.com\/@fr\/115026776967174055","error":""},"_links":{"self":[{"href":"https:\/\/www.europesays.com\/fr\/wp-json\/wp\/v2\/posts\/318441","targetHints":{"allow":["GET"]}}],"collection":[{"href":"https:\/\/www.europesays.com\/fr\/wp-json\/wp\/v2\/posts"}],"about":[{"href":"https:\/\/www.europesays.com\/fr\/wp-json\/wp\/v2\/types\/post"}],"author":[{"embeddable":true,"href":"https:\/\/www.europesays.com\/fr\/wp-json\/wp\/v2\/users\/2"}],"replies":[{"embeddable":true,"href":"https:\/\/www.europesays.com\/fr\/wp-json\/wp\/v2\/comments?post=318441"}],"version-history":[{"count":0,"href":"https:\/\/www.europesays.com\/fr\/wp-json\/wp\/v2\/posts\/318441\/revisions"}],"wp:featuredmedia":[{"embeddable":true,"href":"https:\/\/www.europesays.com\/fr\/wp-json\/wp\/v2\/media\/318442"}],"wp:attachment":[{"href":"https:\/\/www.europesays.com\/fr\/wp-json\/wp\/v2\/media?parent=318441"}],"wp:term":[{"taxonomy":"category","embeddable":true,"href":"https:\/\/www.europesays.com\/fr\/wp-json\/wp\/v2\/categories?post=318441"},{"taxonomy":"post_tag","embeddable":true,"href":"https:\/\/www.europesays.com\/fr\/wp-json\/wp\/v2\/tags?post=318441"}],"curies":[{"name":"wp","href":"https:\/\/api.w.org\/{rel}","templated":true}]}}