{"id":318443,"date":"2025-08-14T11:01:12","date_gmt":"2025-08-14T11:01:12","guid":{"rendered":"https:\/\/www.europesays.com\/fr\/318443\/"},"modified":"2025-08-14T11:01:12","modified_gmt":"2025-08-14T11:01:12","slug":"strasbourg-en-pole-pour-recruter-valentin-atangana","status":"publish","type":"post","link":"https:\/\/www.europesays.com\/fr\/318443\/","title":{"rendered":"Strasbourg en pole pour recruter Valentin Atangana"},"content":{"rendered":"<p>Int\u00e9ress\u00e9 par <a href=\"https:\/\/africafoot.com\/tag\/valentin-atangana-edoa\/\" data-wpel-link=\"internal\" rel=\"nofollow noopener\" target=\"_blank\">Valentin Atangana<\/a> depuis des semaines, le RC Strasbourg est d\u00e9termin\u00e9 \u00e0 obtenir la signature du joueur de 19 ans. Ce dernier est sur le radar de plusieurs autres clubs et le Stade de Reims a fix\u00e9 son prix \u00e0 plus de 10 millions d\u2019euros, <a href=\"https:\/\/africafoot.com\/reims-a-fixe-le-prix-pour-valentin-atangana\/\" data-wpel-link=\"internal\" rel=\"nofollow noopener\" target=\"_blank\">selon les informations exclusives d\u2019Africafoot<\/a>.\u00a0<\/p>\n<p><a href=\"https:\/\/www.footmercato.net\/a5835939452898755321-valentin-atangana-se-rapproche-de-strasbourg\" data-wpel-link=\"external\" rel=\"nofollow external noopener noreferrer\" target=\"_blank\">Selon Foot Mercato<\/a>, Strasbourg a fait une deuxi\u00e8me offre \u00e0 Reims pour recruter Valentin Atangana Edoa, milieu central fran\u00e7ais d\u2019origine camerounaise, consid\u00e9r\u00e9 comme priorit\u00e9 de l\u2019entra\u00eeneur Liam Rosenior. Les discussions entre les deux clubs avancent dans le bon sens et pourraient aboutir prochainement \u00e0 un transfert.<\/p>\n<blockquote class=\"twitter-tweet\" data-width=\"500\" data-dnt=\"true\">\n<p lang=\"fr\" dir=\"ltr\">\ud83d\udea8\ud83d\udd35\ud83c\uddeb\ud83c\uddf7\ud83c\udde8\ud83c\uddf2 <a href=\"https:\/\/twitter.com\/hashtag\/Ligue1?src=hash&amp;ref_src=twsrc%5Etfw\" data-wpel-link=\"external\" rel=\"nofollow external noopener noreferrer\" target=\"_blank\">#Ligue1<\/a> |<\/p>\n<p>\u2757\ufe0fLe RC Strasbourg a formul\u00e9 une seconde offre aujourd&rsquo;hui pour Valentin Atangana <\/p>\n<p>\u27a1\ufe0f Comme r\u00e9v\u00e9l\u00e9 sur <a href=\"https:\/\/twitter.com\/footmercato?ref_src=twsrc%5Etfw\" data-wpel-link=\"external\" rel=\"nofollow external noopener noreferrer\" target=\"_blank\">@footmercato<\/a> en juillet, Atangana est la priorit\u00e9 de Liam Rosenior<\/p>\n<p>\ud83d\udd10\u23f3\ufe0f Les positions se rapprochent et le RCSA est confiant pour finaliser l&rsquo;arriv\u00e9e du\u2026 <a href=\"https:\/\/t.co\/7YEhE9Plvv\" data-wpel-link=\"external\" rel=\"nofollow external noopener noreferrer\">https:\/\/t.co\/7YEhE9Plvv<\/a> <a href=\"https:\/\/t.co\/7dv7WTDnaM\" data-wpel-link=\"external\" rel=\"nofollow external noopener noreferrer\">pic.twitter.com\/7dv7WTDnaM<\/a><\/p>\n<p>\u2014 Santi Aouna (@Santi_J_FM) <a href=\"https:\/\/twitter.com\/Santi_J_FM\/status\/1955733513308700778?ref_src=twsrc%5Etfw\" data-wpel-link=\"external\" rel=\"nofollow external noopener noreferrer\" target=\"_blank\">August 13, 2025<\/a><\/p>\n<\/blockquote>\n<p>Sous contrat jusqu\u2019au 30 juin 2027 avec le Stade de Reims, son club formateur, Valentin Atangana dispose d\u2019une valeur marchande estim\u00e9e \u00e0 10 millions d\u2019euros. Il a disput\u00e9 63 matchs au total jusqu\u2019\u00e0 pr\u00e9sent pour les Rouge et Blanc.<\/p>\n<p>Tr\u00e8s bient\u00f4t, Strasbourg disputera son match de la 1\u00e8re journ\u00e9e du championnat de France face au FC Metz. La soci\u00e9t\u00e9 de paris 1xbet (vous pouvez <a href=\"https:\/\/africafoot.com\/telecharger-1xbet\/\" data-wpel-link=\"internal\" rel=\"nofollow noopener\" target=\"_blank\">t\u00e9l\u00e9charger 1xbet<\/a> ici) propose les cotes suivantes pour ce match \u2013 Strasbourg gagne \u00e0 2,25, un match nul est \u00e9valu\u00e9 \u00e0 3,40 et le FC Metz gagne \u00e0 2,95.<\/p>\n<p>\t\t\t\t\t\t\t\t\t\t\t\t\t\t\t<script async src=\"https:\/\/platform.twitter.com\/widgets.js\" charset=\"utf-8\"><\/script><\/p>\n","protected":false},"excerpt":{"rendered":"Int\u00e9ress\u00e9 par Valentin Atangana depuis des semaines, le RC Strasbourg est d\u00e9termin\u00e9 \u00e0 obtenir la signature du joueur&hellip;\n","protected":false},"author":2,"featured_media":318444,"comment_status":"","ping_status":"","sticky":false,"template":"","format":"standard","meta":{"footnotes":""},"categories":[2820],"tags":[1111,11,1777,674,1011,27,775,12,25,640],"class_list":{"0":"post-318443","1":"post","2":"type-post","3":"status-publish","4":"format-standard","5":"has-post-thumbnail","7":"category-strasbourg","8":"tag-actu","9":"tag-actualites","10":"tag-eu","11":"tag-europe","12":"tag-fr","13":"tag-france","14":"tag-grand-est","15":"tag-news","16":"tag-republique-francaise","17":"tag-strasbourg"},"share_on_mastodon":{"url":"https:\/\/pubeurope.com\/@fr\/115026780631768707","error":""},"_links":{"self":[{"href":"https:\/\/www.europesays.com\/fr\/wp-json\/wp\/v2\/posts\/318443","targetHints":{"allow":["GET"]}}],"collection":[{"href":"https:\/\/www.europesays.com\/fr\/wp-json\/wp\/v2\/posts"}],"about":[{"href":"https:\/\/www.europesays.com\/fr\/wp-json\/wp\/v2\/types\/post"}],"author":[{"embeddable":true,"href":"https:\/\/www.europesays.com\/fr\/wp-json\/wp\/v2\/users\/2"}],"replies":[{"embeddable":true,"href":"https:\/\/www.europesays.com\/fr\/wp-json\/wp\/v2\/comments?post=318443"}],"version-history":[{"count":0,"href":"https:\/\/www.europesays.com\/fr\/wp-json\/wp\/v2\/posts\/318443\/revisions"}],"wp:featuredmedia":[{"embeddable":true,"href":"https:\/\/www.europesays.com\/fr\/wp-json\/wp\/v2\/media\/318444"}],"wp:attachment":[{"href":"https:\/\/www.europesays.com\/fr\/wp-json\/wp\/v2\/media?parent=318443"}],"wp:term":[{"taxonomy":"category","embeddable":true,"href":"https:\/\/www.europesays.com\/fr\/wp-json\/wp\/v2\/categories?post=318443"},{"taxonomy":"post_tag","embeddable":true,"href":"https:\/\/www.europesays.com\/fr\/wp-json\/wp\/v2\/tags?post=318443"}],"curies":[{"name":"wp","href":"https:\/\/api.w.org\/{rel}","templated":true}]}}