{"id":318447,"date":"2025-08-14T11:04:10","date_gmt":"2025-08-14T11:04:10","guid":{"rendered":"https:\/\/www.europesays.com\/fr\/318447\/"},"modified":"2025-08-14T11:04:10","modified_gmt":"2025-08-14T11:04:10","slug":"a-nantes-un-important-reseau-de-trafic-de-drogue-demantele","status":"publish","type":"post","link":"https:\/\/www.europesays.com\/fr\/318447\/","title":{"rendered":"\u00e0 Nantes, un important r\u00e9seau de trafic de drogue d\u00e9mantel\u00e9"},"content":{"rendered":"<p>Apr\u00e8s dix mois d\u2019enqu\u00eate, les policiers ont interpell\u00e9 cinq individus apr\u00e8s un trajet d\u2019approvisionnement dont ils \u00e9taient coutumiers. Lors des perquisitions, des kilos de drogue, des armes et de l\u2019argent liquide ont \u00e9t\u00e9 d\u00e9couverts.<\/p>\n<p class=\"fig-paragraph\">Un important r\u00e9seau de trafic de stup\u00e9fiants a \u00e9t\u00e9 d\u00e9mantel\u00e9 \u00e0\u00a0<a href=\"http:\/\/www.lefigaro.fr\/nantes\/pres-de-nantes-apres-des-actes-de-vandalisme-repetes-la-navette-fluviale-menant-au-chateau-de-la-fremoire-definitivement-fermee-20250814\" target=\"_blank\" data-fig-type=\"NewsFlash\" rel=\"noopener\" data-gtm-custom-categorie=\"navigation\" data-gtm-custom-action=\"crossclick\" data-gtm-custom-label=\"Contextuel\" data-gtm-event=\"customEventSPE\" data-fig-domain=\"LEFIGARO\">Nantes<\/a>. Cinq personnes ont \u00e9t\u00e9 d\u00e9f\u00e9r\u00e9es devant le juge d\u2019instruction jeudi matin. Comme relat\u00e9 par le procureur de la R\u00e9publique de\u00a0<a href=\"http:\/\/www.lefigaro.fr\/nantes\/tirs-et-coups-de-couteau-a-nantes-trois-jeunes-places-en-garde-a-vue-pour-tentative-de-meurtre-20250813\" target=\"_blank\" data-fig-type=\"NewsFlash\" rel=\"noopener\" data-gtm-custom-categorie=\"navigation\" data-gtm-custom-action=\"crossclick\" data-gtm-custom-label=\"Contextuel\" data-gtm-event=\"customEventSPE\" data-fig-domain=\"LEFIGARO\">Nantes<\/a>, Antoine Leroy, ces mis en cause ont \u00e9t\u00e9 interpell\u00e9s dans la nuit de dimanche \u00e0 lundi, \u00e0 l\u2019occasion d\u2019un trajet dont ils \u00e9taient coutumiers. D\u00e8s octobre 2024, les enqu\u00eateurs ont \u00e9t\u00e9 intrigu\u00e9s par les d\u00e9placements de deux fr\u00e8res \u00e2g\u00e9s de 23 et 26 ans.<\/p>\n<p class=\"fig-paragraph\">Originaires du quartier de la\u00a0<a href=\"http:\/\/www.lefigaro.fr\/nantes\/coups-de-feu-repetes-a-nantes-la-mairie-contrainte-de-fermer-un-gymnase-en-soiree-20241016\" target=\"_blank\" data-fig-type=\"NewsFlash\" rel=\"noopener\" data-gtm-custom-categorie=\"navigation\" data-gtm-custom-action=\"crossclick\" data-gtm-custom-label=\"Contextuel\" data-gtm-event=\"customEventSPE\" data-fig-domain=\"LEFIGARO\">Botti\u00e8re<\/a>, \u00e0 Nantes, ces derniers \u00abse rendaient sur des aires de repos autorouti\u00e8res ou sur des sorties de p\u00e9age sur l\u2019ensemble du territoire m\u00e9tropolitain\u00bb. \u00c0 Agen, Brest, Toulouse, Poitiers ou encore la r\u00e9gion parisienne, \u00abils r\u00e9cup\u00e9raient le chargement de r\u00e9sine de cannabis en quantit\u00e9 importante et faisaient leur retour sur l\u2019agglom\u00e9ration nantaise au cours de la m\u00eame nuit\u00bb. Et ce, \u00abau volant de puissants v\u00e9hicules (qu\u2019ils changeaient chaque semaine), roulant en convoi de type \u201cgo-fast\u201d\u00bb, souligne le magistrat dans un communiqu\u00e9.<\/p>\n<p>                                    <a class=\"fig-a11y-skip a11y-hidden\" href=\"#fig-a11y-skip-main-inarticle\"><br \/>\n        Passer la publicit\u00e9<br \/>\n    <\/a><\/p>\n<p>350 kilos de r\u00e9sine de cannabis cach\u00e9s dans des valises<\/p>\n<p class=\"fig-paragraph\">Le coup de filet op\u00e9r\u00e9 apr\u00e8s dix mois d\u2019investigations s\u2019est d\u00e9roul\u00e9 au terme d\u2019un convoi provenant de Marcoussis, en \u00cele-de-France. Dans la nuit du 10 au 11 ao\u00fbt, une fois le chargement d\u00e9pos\u00e9 au domicile familial des deux fr\u00e8res \u00e0 Basse-Goulaine, les policiers ont frapp\u00e9. Trois personnes ont \u00e9t\u00e9 interpell\u00e9es, dont l\u2019un des fr\u00e8res \u00abau domicile duquel ont \u00e9t\u00e9 d\u00e9couvertes dix valises contenant un total de 350 kilos de r\u00e9sine de cannabis, 12.600 euros et trois armes \u00e0 feu\u00bb. Six kilos d\u2019herbe ont aussi \u00e9t\u00e9 retrouv\u00e9s chez les deux autres complices arr\u00eat\u00e9s.<\/p>\n<p class=\"fig-paragraph\">En parall\u00e8le, un appartement \u00abnourrice\u00bb situ\u00e9 pr\u00e8s d\u2019un point de deal r\u00e9put\u00e9 du quartier Botti\u00e8re a \u00e9t\u00e9 investi par les enqu\u00eateurs. \u00abDeux personnes y ont \u00e9t\u00e9 interpell\u00e9es et ont \u00e9t\u00e9 saisis quatre kilos de r\u00e9sine cannabis, plusieurs dizaines de doses de coca\u00efne pr\u00eates \u00e0 la vente ainsi que tout le mat\u00e9riel de conditionnement des produits stup\u00e9fiants\u00bb, souligne le procureur. Les substances conserv\u00e9es dans ce logement provenaient bien des convois nocturnes men\u00e9s par la fratrie. Dans ce contexte, apr\u00e8s des \u00abinvestigations sur le terrain particuli\u00e8rement difficiles\u00bb reconnues, le parquet de Nantes a requis le placement en d\u00e9tention provisoire des cinq mis en cause.<\/p>\n","protected":false},"excerpt":{"rendered":"Apr\u00e8s dix mois d\u2019enqu\u00eate, les policiers ont interpell\u00e9 cinq individus apr\u00e8s un trajet d\u2019approvisionnement dont ils \u00e9taient coutumiers.&hellip;\n","protected":false},"author":2,"featured_media":318448,"comment_status":"","ping_status":"","sticky":false,"template":"","format":"standard","meta":{"footnotes":""},"categories":[2818],"tags":[1111,11,1777,674,1011,27,766,12,2636,25,887],"class_list":{"0":"post-318447","1":"post","2":"type-post","3":"status-publish","4":"format-standard","5":"has-post-thumbnail","7":"category-nantes","8":"tag-actu","9":"tag-actualites","10":"tag-eu","11":"tag-europe","12":"tag-fr","13":"tag-france","14":"tag-nantes","15":"tag-news","16":"tag-pays-de-la-loire","17":"tag-republique-francaise","18":"tag-trafic-de-drogue"},"share_on_mastodon":{"url":"https:\/\/pubeurope.com\/@fr\/115026792520085716","error":""},"_links":{"self":[{"href":"https:\/\/www.europesays.com\/fr\/wp-json\/wp\/v2\/posts\/318447","targetHints":{"allow":["GET"]}}],"collection":[{"href":"https:\/\/www.europesays.com\/fr\/wp-json\/wp\/v2\/posts"}],"about":[{"href":"https:\/\/www.europesays.com\/fr\/wp-json\/wp\/v2\/types\/post"}],"author":[{"embeddable":true,"href":"https:\/\/www.europesays.com\/fr\/wp-json\/wp\/v2\/users\/2"}],"replies":[{"embeddable":true,"href":"https:\/\/www.europesays.com\/fr\/wp-json\/wp\/v2\/comments?post=318447"}],"version-history":[{"count":0,"href":"https:\/\/www.europesays.com\/fr\/wp-json\/wp\/v2\/posts\/318447\/revisions"}],"wp:featuredmedia":[{"embeddable":true,"href":"https:\/\/www.europesays.com\/fr\/wp-json\/wp\/v2\/media\/318448"}],"wp:attachment":[{"href":"https:\/\/www.europesays.com\/fr\/wp-json\/wp\/v2\/media?parent=318447"}],"wp:term":[{"taxonomy":"category","embeddable":true,"href":"https:\/\/www.europesays.com\/fr\/wp-json\/wp\/v2\/categories?post=318447"},{"taxonomy":"post_tag","embeddable":true,"href":"https:\/\/www.europesays.com\/fr\/wp-json\/wp\/v2\/tags?post=318447"}],"curies":[{"name":"wp","href":"https:\/\/api.w.org\/{rel}","templated":true}]}}