{"id":31845,"date":"2025-04-17T14:18:14","date_gmt":"2025-04-17T14:18:14","guid":{"rendered":"https:\/\/www.europesays.com\/fr\/31845\/"},"modified":"2025-04-17T14:18:14","modified_gmt":"2025-04-17T14:18:14","slug":"desherbage-de-printemps-a-la-mediatheque-dissoudun","status":"publish","type":"post","link":"https:\/\/www.europesays.com\/fr\/31845\/","title":{"rendered":"D\u00e9sherbage de printemps \u00e0 la m\u00e9diath\u00e8que d\u2019Issoudun"},"content":{"rendered":"<p>Cinquante centimes le document, 1\u00a0\u20ac les trois. Vendredi\u00a025 et samedi 26\u00a0avril 2025, la m\u00e9diath\u00e8que Albert-Camus, \u00e0 Issoudun, fait sa braderie. Un \u00e9v\u00e9nement qui revient tous les deux ans, \u00ab\u00a0\u00e0 condition d\u2019avoir suffisamment \u00e0 vendre\u00a0\u00bb. Livres de fiction ou documentaire, bandes dessin\u00e9es, CD et revues seront en vente dans le hall d\u2019accueil du Centre Albert-Camus. \u00ab\u00a0\u00c0 la louche, nous avons une cinquantaine de cartons \u00e0 d\u00e9baller\u00a0\u00bb, estime <a target=\"_self\" href=\"https:\/\/www.lanouvellerepublique.fr\/issoudun\/issoudun-a-la-mediatheque-des-platines-portables-pour-ecouter-les-vinyles-partout\" rel=\"nofollow noopener\">le directeur, Fabien Moricet<\/a>.<\/p>\n<p>Pas d\u2019estimation pr\u00e9cise, car c\u2019est le fruit d\u2019un travail au long cours. \u00ab\u00a0La braderie est aliment\u00e9e par les titres qu\u2019on a d\u00e9sherb\u00e9s \u2013 qu\u2019on a enlev\u00e9s des collections.\u00a0\u00bb Les onze biblioth\u00e9caires de <a target=\"_self\" href=\"https:\/\/www.lanouvellerepublique.fr\/issoudun\/issoudun-la-mediatheque-transforme-l-espace-adulte\" rel=\"nofollow noopener\">la m\u00e9diath\u00e8que<\/a> s\u2019appuient sur plusieurs crit\u00e8res pour effectuer ce d\u00e9sherbage. L\u2019\u00e9tat g\u00e9n\u00e9ral, bien s\u00fbr. \u00ab\u00a0Parfois, nous avons des documents qui ne sont pas adapt\u00e9s au public. Par exemple, un titre de m\u00e9canique quantique destin\u00e9 aux bac +\u00a012 n\u2019est pas adapt\u00e9 \u00e0 une biblioth\u00e8que municipale. Il y a aussi l\u2019obsolescence des titres documentaires. Quand Pluton a \u00e9t\u00e9 retir\u00e9 des plan\u00e8tes du syst\u00e8me solaire pour \u00eatre class\u00e9 en plan\u00e8te naine, il a fallu sortir tous les ouvrages traitant du syst\u00e8me solaire, qui n\u2019\u00e9taient plus valides.\u00a0\u00bb<\/p>\n<p>\u00ab\u00a0Donner davantage de visibilit\u00e9s\u00a0\u00bb aux autres documents<\/p>\n<p>Dernier crit\u00e8re, \u00ab\u00a0moins utilis\u00e9\u00a0: les livres qui ne sont pas emprunt\u00e9s. On peut le voir de mani\u00e8re syst\u00e9matique avec des exports de la base de donn\u00e9es\u00a0: de quand date la derni\u00e8re sortie\u00a0? Combien de fois l\u2019ouvrage sort\u00a0? Apr\u00e8s, on regarde si c\u2019est pertinent de retirer le document ou non.\u00a0\u00bb<\/p>\n<p>Dans une biblioth\u00e8que, \u00ab\u00a0le d\u00e9sherbage est indispensable pour que les collections restent attractives, souligne Fabien Moricet. On fait de la place pour que des nouveaut\u00e9s int\u00e8grent le fonds. Et \u00e7a permet de donner davantage de visibilit\u00e9 aux documents les plus adapt\u00e9s.\u00a0\u00bb<\/p>\n<p>Le nettoyage se fait au quotidien, \u00ab\u00a0quand des ouvrages en mauvais \u00e9tat nous passent dans les mains, au retour\u00a0\u00bb. Mais pas en trop mauvais \u00e9tat. Sur sa table des retours, mardi 15\u00a0avril, Fabien Moricet a mis des romans de Georges Arnaud de c\u00f4t\u00e9. La reliure l\u00e2che, des pages se d\u00e9tachent. \u00ab\u00a0L\u00e0, on ne le met pas \u00e0 la braderie. On n\u2019est m\u00eame pas s\u00fbr que tous les feuillets sont l\u00e0.\u00a0\u00bb Pourtant, les feuilles de cette \u00e9dition de 2000 sont encore belles, blanches et tr\u00e8s peu pli\u00e9es.<\/p>\n<p>\u00ab\u00a0Dans les \u00e9ditions plus r\u00e9centes, la qualit\u00e9 du papier a chang\u00e9, constate le directeur de la m\u00e9diath\u00e8que. Les feuilles jaunissent et s\u2019ab\u00eement plus vite.\u00a0\u00bb De quoi augmenter la fr\u00e9quence du d\u00e9sherbage, ce n\u2019est pas forc\u00e9ment une bonne nouvelle. \u00ab\u00a0Acheter des livres, c\u2019est aussi un gros budget.\u00a0\u00bb<\/p>\n<p>Braderie de la m\u00e9diath\u00e8que, vendredi 25\u00a0avril 2025, de 13\u00a0h\u00a030 \u00e0 18\u00a0h\u00a0; samedi\u00a026, de 10\u00a0h \u00e0 17\u00a0h.<\/p>\n<p>Pas de DVD en vente<\/p>\n<p>Les cin\u00e9philes seront d\u00e9\u00e7us, \u00ab\u00a0nous ne vendons pas de DVD \u00e0 la braderie\u00a0\u00bb. Pourtant, dans ce rayon aussi des films sortent de la collection. \u00ab\u00a0Nous achetons les DVD avec des droits particuliers pour pouvoir faire des pr\u00eats, explique Fabien Moricet. Par contre, nous avons l\u2019interdiction de les vendre. M\u00eame pour les donner, on ne peut pas.\u00a0\u00bb<\/p>\n","protected":false},"excerpt":{"rendered":"Cinquante centimes le document, 1\u00a0\u20ac les trois. Vendredi\u00a025 et samedi 26\u00a0avril 2025, la m\u00e9diath\u00e8que Albert-Camus, \u00e0 Issoudun, fait&hellip;\n","protected":false},"author":2,"featured_media":31846,"comment_status":"","ping_status":"","sticky":false,"template":"","format":"standard","meta":{"footnotes":""},"categories":[1357],"tags":[1392,1379,10804,58,59,1011,27,5052,10802,10803,1380,1393,1698],"class_list":{"0":"post-31845","1":"post","2":"type-post","3":"status-publish","4":"format-standard","5":"has-post-thumbnail","7":"category-livres","8":"tag-a-la-une-local","9":"tag-books","10":"tag-braderies","11":"tag-divertissement","12":"tag-entertainment","13":"tag-fr","14":"tag-france","15":"tag-indre","16":"tag-issoudun","17":"tag-lectures","18":"tag-livres","19":"tag-loisirs","20":"tag-musiques"},"share_on_mastodon":{"url":"https:\/\/pubeurope.com\/@fr\/114353740441340230","error":""},"_links":{"self":[{"href":"https:\/\/www.europesays.com\/fr\/wp-json\/wp\/v2\/posts\/31845","targetHints":{"allow":["GET"]}}],"collection":[{"href":"https:\/\/www.europesays.com\/fr\/wp-json\/wp\/v2\/posts"}],"about":[{"href":"https:\/\/www.europesays.com\/fr\/wp-json\/wp\/v2\/types\/post"}],"author":[{"embeddable":true,"href":"https:\/\/www.europesays.com\/fr\/wp-json\/wp\/v2\/users\/2"}],"replies":[{"embeddable":true,"href":"https:\/\/www.europesays.com\/fr\/wp-json\/wp\/v2\/comments?post=31845"}],"version-history":[{"count":0,"href":"https:\/\/www.europesays.com\/fr\/wp-json\/wp\/v2\/posts\/31845\/revisions"}],"wp:featuredmedia":[{"embeddable":true,"href":"https:\/\/www.europesays.com\/fr\/wp-json\/wp\/v2\/media\/31846"}],"wp:attachment":[{"href":"https:\/\/www.europesays.com\/fr\/wp-json\/wp\/v2\/media?parent=31845"}],"wp:term":[{"taxonomy":"category","embeddable":true,"href":"https:\/\/www.europesays.com\/fr\/wp-json\/wp\/v2\/categories?post=31845"},{"taxonomy":"post_tag","embeddable":true,"href":"https:\/\/www.europesays.com\/fr\/wp-json\/wp\/v2\/tags?post=31845"}],"curies":[{"name":"wp","href":"https:\/\/api.w.org\/{rel}","templated":true}]}}