{"id":318451,"date":"2025-08-14T11:06:20","date_gmt":"2025-08-14T11:06:20","guid":{"rendered":"https:\/\/www.europesays.com\/fr\/318451\/"},"modified":"2025-08-14T11:06:20","modified_gmt":"2025-08-14T11:06:20","slug":"vivement-critique-par-les-opposants-le-surfpark-de-canejan-trouve-un-surprenant-allie-pour-defendre-le-projet","status":"publish","type":"post","link":"https:\/\/www.europesays.com\/fr\/318451\/","title":{"rendered":"Vivement critiqu\u00e9 par les opposants, le surfpark de Can\u00e9jan trouve un surprenant alli\u00e9 pour d\u00e9fendre le projet"},"content":{"rendered":"<p>            Par<br \/>\n        <strong><br \/>\n            <a href=\"https:\/\/actu.fr\/auteur\/julian-doubax\" title=\"Consulter tous les articles de Julian Doubax\" rel=\"nofollow noopener\" target=\"_blank\">Julian Doubax<\/a><br \/>\n        <\/strong><\/p>\n<p>        Publi\u00e9 le<\/p>\n<p>            14 ao\u00fbt 2025 \u00e0 6h34        <\/p>\n<p>Depuis plusieurs mois, ce sujet est au centre des d\u00e9bats. \u00c0 <a href=\"https:\/\/actu.fr\/bordeaux\/\" rel=\"nofollow noopener\" target=\"_blank\">Can\u00e9jan<\/a> (Gironde), ce <a href=\"https:\/\/actu.fr\/nouvelle-aquitaine\/canejan_33090\/contre-le-projet-de-surf-park-de-canejan-des-associations-saisissent-la-justice_59985039.html\" rel=\"nofollow noopener\" target=\"_blank\">projet de surfpark<\/a> avec <strong>vague artificielle<\/strong> ne cesse de faire parler de lui. Un <a href=\"https:\/\/www.nonausurfenboite.fr\/\" rel=\"nofollow noopener\" target=\"_blank\">collectif de riverains<\/a> oppos\u00e9s \u00e0 sa construction continue d\u2019alerter sur les possibles cons\u00e9quences n\u00e9gatives d\u2019un tel projet sur les points d\u2019eau voisins. De son c\u00f4t\u00e9, l\u2019Association agr\u00e9\u00e9e pour la p\u00eache et la protection du milieu aquatique (AAPPMA) a <strong>tranch\u00e9 sur le sujet.\u00a0<\/strong><\/p>\n<p>Des inqui\u00e9tudes sur la rivi\u00e8re<\/p>\n<p class=\" wall-content\">D\u00e9but juillet 2025, le collectif Can\u00e9jan en transition, qui s\u2019oppose au <a href=\"https:\/\/actu.fr\/nouvelle-aquitaine\/bordeaux_33063\/le-premier-surf-park-de-france-en-projet-aux-portes-de-bordeaux-sa-vague-artificielle-fait-debat_59844416.html\" rel=\"nofollow noopener\" target=\"_blank\">projet<\/a>, a adress\u00e9 une <strong>lettre<\/strong> \u00e0 la Communaut\u00e9 des communes Jalle-Eau Bourde. Dans ce manuscrit, les riverains font part de leurs <strong>inqui\u00e9tudes<\/strong> sur les \u00ab\u00a0effets potentiels sur la qualit\u00e9 de l\u2019eau et l\u2019\u00e9tat des zones humides du secteur, en raison des vidanges, des trop-pleins, et de la fr\u00e9quentation massive du site\u00a0\u00bb que pourraient avoir le surfpark sur <strong>l\u2019Eau Bourde<\/strong>. En effet, la rivi\u00e8re, affluent de la rive gauche de la Garonne, se trouve \u00e0<strong> 200 m\u00e8tres<\/strong> du site en construction.\u00a0<\/p>\n<p class=\" wall-content\">Alert\u00e9e, l\u2019AAPPMA s\u2019est alors pench\u00e9e sur le sujet : \u00ab\u00a0Pour commencer, lorsque le projet a \u00e9t\u00e9 d\u00e9pos\u00e9, nous n\u2019avons pas \u00e9t\u00e9 consult\u00e9s et cela est regrettable.\u00a0\u00bb Les membres de l\u2019association ont alors enlev\u00e9 leur casquette de riverains pour enfiler celle de <strong>protecteur des milieux aquatiques<\/strong> pour juger l\u2019impact du surfpark.\u00a0<\/p>\n<p class=\" wall-content\">\u00ab\u00a0Nous avons surveill\u00e9 ce dossier de pr\u00e8s. Apr\u00e8s avoir lu les documents, r\u00e9alis\u00e9 des rendez-vous avec la mairie et les porteurs du projet, <strong>nous estimons que l\u2019Eau Bourde n\u2019est pas impact\u00e9e<\/strong>\u00ab\u00a0, explique l\u2019AAPPMA qui se base sur des faits techniques et scientifiques.<\/p>\n<p class=\" wall-content\">\u00ab\u00a0Aucun pompage ni rejet d\u2019eau us\u00e9e n\u2019est pr\u00e9vu dans la rivi\u00e8re. La seule chose autoris\u00e9e est le <strong>d\u00e9versement d\u2019eaux pluviales<\/strong> par un foss\u00e9 naturel qui se jettera ensuite dans l\u2019Eau Bourde\u00a0\u00bb, indique l\u2019organisme qui per\u00e7oit les doutes des opposants.<\/p>\n<p class=\" wall-content\">\u00ab\u00a0On entend diff\u00e9rents sons de cloche mais avec les choses pr\u00e9sent\u00e9es, on n\u2019a aucune raison de s\u2019opposer au projet. Par contre, si des d\u00e9rives sont constat\u00e9es, on saura agir.\u00a0\u00bb Une <strong>surveillance<\/strong> \u00ab\u00a0accrue\u00a0\u00bb de la rivi\u00e8re est d\u00e9j\u00e0 en place.\u00a0<\/p>\n<p>L\u2019autonomie du site en cause<\/p>\n<p class=\" wall-content\">De son c\u00f4t\u00e9, le collectif de riverains continue d\u2019alerter sur la gestion de l\u2019eau et<strong> l\u2019autonomie du surfpark<\/strong>. Pour eux, le site ne peut pas se passer d\u2019eau potable. Un expert avait alors \u00e9t\u00e9 nomm\u00e9 par le tribunal administratif de Bordeaux et son rapport a \u00e9t\u00e9 livr\u00e9 en mai dernier.<\/p>\n<p class=\" wall-content\">Cette \u00e9tude conclut que le site pourrait s\u2019av\u00e9rer autonome <strong>en cas de cr\u00e9ation d\u2019un bassin de stockage suppl\u00e9mentaire<\/strong>. Un r\u00e9sultat loin des pr\u00e9visions du rapport de Denis Lousteau, ex-chercheur de l\u2019Inrae (institut national de recherches pour l\u2019agriculture, l\u2019alimentation et l\u2019environnement) mandat\u00e9 par le collectif. Dans son \u00e9tude, il estimait un gaspillage de plus de <strong>150 000 m3 d\u2019eau par an.<\/strong><\/p>\n<p class=\" wall-content\">M\u00eame si le rapport d\u2019expertise ne confirme pas les chiffres avanc\u00e9s par le chercheur, le collectif reste satisfait. \u00ab\u00a0Le point positif, c\u2019est que la non-autonomie du site est confirm\u00e9e.\u00a0\u00bb\u00a0<\/p>\n<p class=\" wall-content\">Malgr\u00e9 les contestations, le projet avance. En mai dernier, le <strong>chantier de terrassement<\/strong> prenait forme sur le site d\u00e9di\u00e9 au surfpark mais la mobilisation des riverains va continuer contre <strong>vents et mar\u00e9es.\u00a0<\/strong><\/p>\n<p class=\" wall-content\">Contact\u00e9s par <a href=\"https:\/\/actu.fr\/bordeaux\/\" rel=\"nofollow noopener\" target=\"_blank\">actu Bordeaux<\/a>, les porteurs du projet n\u2019ont pas donn\u00e9 suite \u00e0 nos sollicitations.\u00a0<\/p>\n<p class=\" wall-content\">Suivez toute l\u2019actualit\u00e9 de vos villes et m\u00e9dias favoris en vous inscrivant \u00e0 <a href=\"https:\/\/moncompte.actu.fr\" title=\"D\u00e9couvez Mon Actu\" rel=\"nofollow noopener\" data-trk=\"{&quot;cta&quot;:{&quot;action&quot;:&quot;https:\\\/\\\/moncompte.actu.fr&quot;,&quot;category&quot;:&quot;mon compte&quot;,&quot;from&quot;:&quot;article footer&quot;,&quot;name&quot;:&quot;Mon actu&quot;,&quot;type&quot;:&quot;cta&quot;}}\" target=\"_blank\">Mon Actu<\/a>.<\/p>\n","protected":false},"excerpt":{"rendered":"Par Julian Doubax Publi\u00e9 le 14 ao\u00fbt 2025 \u00e0 6h34 Depuis plusieurs mois, ce sujet est au centre&hellip;\n","protected":false},"author":2,"featured_media":318452,"comment_status":"","ping_status":"","sticky":false,"template":"","format":"standard","meta":{"footnotes":""},"categories":[2817],"tags":[1111,11,1130,1997,1777,674,1011,27,12,2219,4838,52,25,30372],"class_list":{"0":"post-318451","1":"post","2":"type-post","3":"status-publish","4":"format-standard","5":"has-post-thumbnail","7":"category-bordeaux","8":"tag-actu","9":"tag-actualites","10":"tag-biodiversite","11":"tag-bordeaux","12":"tag-eu","13":"tag-europe","14":"tag-fr","15":"tag-france","16":"tag-news","17":"tag-nouvelle-aquitaine","18":"tag-peche","19":"tag-planete","20":"tag-republique-francaise","21":"tag-surf"},"share_on_mastodon":{"url":"https:\/\/pubeurope.com\/@fr\/115026800406751158","error":""},"_links":{"self":[{"href":"https:\/\/www.europesays.com\/fr\/wp-json\/wp\/v2\/posts\/318451","targetHints":{"allow":["GET"]}}],"collection":[{"href":"https:\/\/www.europesays.com\/fr\/wp-json\/wp\/v2\/posts"}],"about":[{"href":"https:\/\/www.europesays.com\/fr\/wp-json\/wp\/v2\/types\/post"}],"author":[{"embeddable":true,"href":"https:\/\/www.europesays.com\/fr\/wp-json\/wp\/v2\/users\/2"}],"replies":[{"embeddable":true,"href":"https:\/\/www.europesays.com\/fr\/wp-json\/wp\/v2\/comments?post=318451"}],"version-history":[{"count":0,"href":"https:\/\/www.europesays.com\/fr\/wp-json\/wp\/v2\/posts\/318451\/revisions"}],"wp:featuredmedia":[{"embeddable":true,"href":"https:\/\/www.europesays.com\/fr\/wp-json\/wp\/v2\/media\/318452"}],"wp:attachment":[{"href":"https:\/\/www.europesays.com\/fr\/wp-json\/wp\/v2\/media?parent=318451"}],"wp:term":[{"taxonomy":"category","embeddable":true,"href":"https:\/\/www.europesays.com\/fr\/wp-json\/wp\/v2\/categories?post=318451"},{"taxonomy":"post_tag","embeddable":true,"href":"https:\/\/www.europesays.com\/fr\/wp-json\/wp\/v2\/tags?post=318451"}],"curies":[{"name":"wp","href":"https:\/\/api.w.org\/{rel}","templated":true}]}}