{"id":318455,"date":"2025-08-14T11:08:09","date_gmt":"2025-08-14T11:08:09","guid":{"rendered":"https:\/\/www.europesays.com\/fr\/318455\/"},"modified":"2025-08-14T11:08:09","modified_gmt":"2025-08-14T11:08:09","slug":"un-bal-digne-dun-conte-de-fees-sinstalle-pres-de-toulouse","status":"publish","type":"post","link":"https:\/\/www.europesays.com\/fr\/318455\/","title":{"rendered":"Un bal digne d&rsquo;un conte de f\u00e9es s&rsquo;installe pr\u00e8s de Toulouse"},"content":{"rendered":"<p>            Par<br \/>\n        <strong><br \/>\n            <a href=\"https:\/\/actu.fr\/auteur\/lea-afonso\" title=\"Consulter tous les articles de L\u00e9a Afonso\" target=\"_blank\" rel=\"noopener\">L\u00e9a Afonso<\/a><br \/>\n        <\/strong><\/p>\n<p>        Publi\u00e9 le<\/p>\n<p>            14 ao\u00fbt 2025 \u00e0 13h02        <\/p>\n<p>Des robes somptueuses, des valses qui semblent ne jamais s\u2019arr\u00eater et un cadre idyllique\u2026 Une sc\u00e8ne tout droit sortie d\u2019un r\u00eave, qui deviendra pourtant r\u00e9alit\u00e9 le <strong>samedi 20\u00a0septembre<\/strong> <strong>2025<\/strong> \u00e0 <strong><a href=\"https:\/\/actu.fr\/occitanie\/buzet-sur-tarn_31094\" target=\"_blank\" rel=\"noopener\">Buzet-sur-Tarn<\/a><\/strong><a href=\"https:\/\/actu.fr\/occitanie\/buzet-sur-tarn_31094\" target=\"_blank\" rel=\"noopener\"> (Haute-Garonne)<\/a>, \u00e0 quelques kilom\u00e8tres de <strong><a href=\"https:\/\/actu.fr\/toulouse\/\" target=\"_blank\" rel=\"noopener\">Toulouse<\/a><\/strong>. Ce soir-l\u00e0, le <strong>Bal des L\u00e9gendes<\/strong>, c\u00e9l\u00e8bre dans toute la France pour ses soir\u00e9es d\u2019exception, posera ses valises en Haute-Garonne pour un<strong> grand bal f\u00e9erique<\/strong> qui promet d\u2019immerger ses invit\u00e9s dans la magie du XVIII\u1d49 si\u00e8cle.<\/p>\n<p>Un bal comme dans une s\u00e9rie \u00e0 succ\u00e8s<\/p>\n<p class=\" wall-content\">Inspir\u00e9 de l\u2019univers raffin\u00e9 de la s\u00e9rie \u00e0 succ\u00e8s <strong>Les Bridgerton<\/strong>, le Bal des L\u00e9gendes recr\u00e9e depuis plusieurs \u00e9ditions<strong> l\u2019\u00e9l\u00e9gance et la grandeur des f\u00eates aristocratiques<\/strong> d\u2019antan. Chaque \u00e9dition transporte les participants dans une \u00e9poque men\u00e9e par la danse et les soir\u00e9es gargantuesques.<\/p>\n<p class=\" wall-content\">En septembre, c\u2019est au<strong> ch\u00e2teau de Laurentie<\/strong> que la magie op\u00e9rera. Nich\u00e9 au c\u0153ur d\u2019un domaine de <strong>sept hectares,<\/strong> ce joyau architectural offrira ses salles majestueuses, son orangerie, sa chapelle et ses jardins \u00e0 une soir\u00e9e o\u00f9 <strong>ailes de f\u00e9e, robes de princesse et costumes d\u2019\u00e9poque<\/strong> seront la norme.<\/p>\n<p class=\" wall-content\"><a href=\"https:\/\/www.instagram.com\/p\/DItxH4UqwsH\/embed\" title=\"Ouvrir le lien sur Instagram\" target=\"_blank\" rel=\"noopener\">Visualiser le contenu sur Instagram<\/a><\/p>\n<p>Une immersion totale dans la f\u00e9\u00e9rie<\/p>\n<p class=\" wall-content\">D\u00e8s 18 heures, les portes du ch\u00e2teau s\u2019ouvriront pour accueillir les invit\u00e9s dans une ambiance o\u00f9 chaque d\u00e9tail comptera. D\u00e9cors somptueux, \u00e9clairages immersifs, musiciens en costumes, quatuor \u00e0 cordes, cours de danse historique, march\u00e9 d\u2019artisans, espaces photo\u2026 Tout a \u00e9t\u00e9 pens\u00e9.<\/p>\n<blockquote class=\"ac-article-quote wall-content\">\n<p>Cet \u00e9v\u00e9nement est inspir\u00e9 par les univers royal core et fairy core. Valsez dans la salle de bal au son de notre quatuor, apprenez la danse historique avec nos danseurs puis dansez jusqu&rsquo;au bout de la nuit avec notre DJ.\u00a0<\/p>\n<p>    <strong>Le bal des l\u00e9gendes<\/strong>\n            <\/p><\/blockquote>\n<p class=\" wall-content\">C\u00f4t\u00e9 <strong>gastronomie<\/strong>, un <strong>buffet \u00e0 volont\u00e9<\/strong> et des <strong>boissons<\/strong> seront propos\u00e9s tout au long de la soir\u00e9e, pour que l\u2019exp\u00e9rience soit aussi d\u00e9licieuse pour les papilles que pour les yeux.<\/p>\n<p>Vid\u00e9os : en ce moment sur ActuUn week-end royal pour les passionn\u00e9s<\/p>\n<p class=\" wall-content\">Pour ceux qui voudraient prolonger l\u2019exp\u00e9rience, un <strong>forfait week-end<\/strong> est \u00e9galement disponible. Outre l\u2019acc\u00e8s privil\u00e9gi\u00e9 au bal, il comprend un s\u00e9jour complet au ch\u00e2teau avec shooting photo fantasy, projections de films et goodies exclusifs. De quoi vivre, le temps de deux jours, dans la peau d\u2019un personnage tout droit sorti d\u2019un conte.<\/p>\n<p class=\" wall-content\">Ne tardez pas \u00e0 r\u00e9server, il reste peu de places.<\/p>\n<p><strong>Infos pratiques\u2009:<\/strong><br \/>Le bal des l\u00e9gendes 2025<br \/>\nChemin de Laurentie, 31660, Buzet-sur-Tarn<br \/>\nOuverture le 20\u00a0septembre \u00e0 18h<br \/>\nBilletterie sur <a href=\"https:\/\/www.lebaldeslegendes.com\/event-details\/le-grand-bal-feerique-1\" target=\"_blank\" rel=\"noopener\">ce lien<\/a><\/p>\n<p class=\" wall-content\">Suivez toute l\u2019actualit\u00e9 de vos villes et m\u00e9dias favoris en vous inscrivant \u00e0 <a href=\"https:\/\/moncompte.actu.fr\" title=\"D\u00e9couvez Mon Actu\" rel=\"nofollow noopener\" data-trk=\"{&quot;cta&quot;:{&quot;action&quot;:&quot;https:\\\/\\\/moncompte.actu.fr&quot;,&quot;category&quot;:&quot;mon compte&quot;,&quot;from&quot;:&quot;article footer&quot;,&quot;name&quot;:&quot;Mon actu&quot;,&quot;type&quot;:&quot;cta&quot;}}\" target=\"_blank\">Mon Actu<\/a>.<\/p>\n<p>                    <script async src=\"\/\/www.instagram.com\/embed.js\"><\/script><\/p>\n","protected":false},"excerpt":{"rendered":"Par L\u00e9a Afonso Publi\u00e9 le 14 ao\u00fbt 2025 \u00e0 13h02 Des robes somptueuses, des valses qui semblent ne&hellip;\n","protected":false},"author":2,"featured_media":318456,"comment_status":"","ping_status":"","sticky":false,"template":"","format":"standard","meta":{"footnotes":""},"categories":[2816],"tags":[1111,11,1777,674,1011,27,1652,12,2680,25,1341,2312],"class_list":{"0":"post-318455","1":"post","2":"type-post","3":"status-publish","4":"format-standard","5":"has-post-thumbnail","7":"category-toulouse","8":"tag-actu","9":"tag-actualites","10":"tag-eu","11":"tag-europe","12":"tag-fr","13":"tag-france","14":"tag-loisirs-culture","15":"tag-news","16":"tag-occitanie","17":"tag-republique-francaise","18":"tag-sortir-a-toulouse","19":"tag-toulouse"},"share_on_mastodon":{"url":"https:\/\/pubeurope.com\/@fr\/115026808293115197","error":""},"_links":{"self":[{"href":"https:\/\/www.europesays.com\/fr\/wp-json\/wp\/v2\/posts\/318455","targetHints":{"allow":["GET"]}}],"collection":[{"href":"https:\/\/www.europesays.com\/fr\/wp-json\/wp\/v2\/posts"}],"about":[{"href":"https:\/\/www.europesays.com\/fr\/wp-json\/wp\/v2\/types\/post"}],"author":[{"embeddable":true,"href":"https:\/\/www.europesays.com\/fr\/wp-json\/wp\/v2\/users\/2"}],"replies":[{"embeddable":true,"href":"https:\/\/www.europesays.com\/fr\/wp-json\/wp\/v2\/comments?post=318455"}],"version-history":[{"count":0,"href":"https:\/\/www.europesays.com\/fr\/wp-json\/wp\/v2\/posts\/318455\/revisions"}],"wp:featuredmedia":[{"embeddable":true,"href":"https:\/\/www.europesays.com\/fr\/wp-json\/wp\/v2\/media\/318456"}],"wp:attachment":[{"href":"https:\/\/www.europesays.com\/fr\/wp-json\/wp\/v2\/media?parent=318455"}],"wp:term":[{"taxonomy":"category","embeddable":true,"href":"https:\/\/www.europesays.com\/fr\/wp-json\/wp\/v2\/categories?post=318455"},{"taxonomy":"post_tag","embeddable":true,"href":"https:\/\/www.europesays.com\/fr\/wp-json\/wp\/v2\/tags?post=318455"}],"curies":[{"name":"wp","href":"https:\/\/api.w.org\/{rel}","templated":true}]}}