{"id":318463,"date":"2025-08-14T11:12:16","date_gmt":"2025-08-14T11:12:16","guid":{"rendered":"https:\/\/www.europesays.com\/fr\/318463\/"},"modified":"2025-08-14T11:12:16","modified_gmt":"2025-08-14T11:12:16","slug":"une-mere-de-famille-et-son-enfant-4-ans-sequestres-dans-une-cite-du-13e-arrondissement","status":"publish","type":"post","link":"https:\/\/www.europesays.com\/fr\/318463\/","title":{"rendered":"Une m\u00e8re de famille et son enfant 4\u00a0ans s\u00e9questr\u00e9s dans une cit\u00e9 du 13e arrondissement"},"content":{"rendered":"<p>S\u00e9questr\u00e9e avec son fils dans l\u2019appartement d\u2019un homme qu\u2019elle connaissait depuis seulement quelques jours, une jeune m\u00e8re de famille est parvenue \u00e0 donner l\u2019alerte. Elle a \u00e9t\u00e9 lib\u00e9r\u00e9e par la police mardi soir.<\/p>\n<p>C\u2019est \u00e0 la suite d\u2019une <a href=\"https:\/\/www.laprovence.com\/article\/region\/13807572242618\/alpes-de-haute-provence-ivre-il-incendie-cinq-voitures-apres-une-dispute-familiale\" target=\"_blank\" rel=\"noopener\">dispute familiale<\/a> qu\u2019une jeune femme de 22\u00a0ans aurait quitt\u00e9 la r\u00e9gion lyonnaise, dont elle est originaire, pour gagner Marseille avec son petit gar\u00e7on de 4\u00a0ans, et attendre que l\u2019orage passe au domicile d\u2019un homme qu\u2019elle connaissait depuis seulement quelques jours.<\/p>\n<p>Retenue avec son fils dans un appartement de la cit\u00e9 de la B\u00e9gude<\/p>\n<p>Une d\u00e9cision qui a tr\u00e8s vite tourn\u00e9 au vinaigre. Dans l\u2019appartement de la cit\u00e9 de la <a href=\"https:\/\/www.laprovence.com\/article\/edition-marseille\/6438146\/un-assassinat-sous-les-yeux-des-minots.html\" target=\"_blank\" rel=\"noopener\">B\u00e9gude<\/a> o\u00f9 elle pensait avoir trouv\u00e9 refuge, le temps passe, mais la jeune femme ne conna\u00eet de l\u2019<a href=\"https:\/\/www.laprovence.com\/article\/faits-divers-justice\/17207689078984\/marseille-les-marins-pompiers-decouvrent-une-arme-sur-la-victime-dun-accident-de-la-route\" target=\"_blank\" rel=\"noopener\">avenue de la Croix Rouge<\/a> que ce qu\u2019elle peut observer depuis la fen\u00eatre. Son h\u00f4te s\u2019est en effet rapidement transform\u00e9 en ravisseur, lui interdisant d\u2019aller et venir en la frappant et en la mena\u00e7ant d\u2019un couteau.<\/p>\n<p>S\u00e9questr\u00e9e, interdite de communiquer avec l\u2019ext\u00e9rieur et surveill\u00e9e, la jeune m\u00e8re de famille parvient n\u00e9anmoins \u00e0 donner l\u2019alerte en envoyant un message au <a href=\"https:\/\/www.laprovence.com\/article\/edition-marseille\/27491\/numero-utiles.html\" target=\"_blank\" rel=\"noopener\">114<\/a>, le num\u00e9ro d\u2019appel d\u2019urgence fran\u00e7ais pour les personnes sourdes et malentendantes. L\u2019appel au secours qu\u2019elle passe via ce num\u00e9ro unique, national, gratuit et accessible en permanence par visiophonie, tchat ou SMS concorde avec les signalements inquiets de ses amis qui contactent de leur c\u00f4t\u00e9 la police marseillaise et corroborent les soup\u00e7ons de s\u00e9questration.<\/p>\n<p>\u00c2g\u00e9 de 28\u00a0ans, l\u2019auteur a \u00e9t\u00e9 interpell\u00e9<\/p>\n<p>Mardi en fin de journ\u00e9e, \u00e0 force de recoupements et de g\u00e9olocalisations, des \u00e9quipes de la CDI (<a href=\"https:\/\/www.laprovence.com\/article\/region\/1767677020345514\/le-sang-froid-des-policiers-apres-larrestation-de-tireurs-recompense-a-martigues\" target=\"_blank\" rel=\"noopener\">compagnie d\u00e9partementale d\u2019intervention<\/a>), parviennent \u00e0 localiser pr\u00e9cis\u00e9ment l\u2019appartement dans lequel la jeune femme et son fils seraient retenus contre leur gr\u00e9.<\/p>\n<p>Quelques minutes plus tard, ils interviennent et lib\u00e8rent les deux otages. Le petit gar\u00e7on est indemne. Sa m\u00e8re s\u2019en tire avec des traces de coups. \u00c2g\u00e9 de 28\u00a0ans, l\u2019auteur pr\u00e9sum\u00e9 de cette double s\u00e9questration a \u00e9t\u00e9 interpell\u00e9 et plac\u00e9 en garde \u00e0 vue.<\/p>\n","protected":false},"excerpt":{"rendered":"S\u00e9questr\u00e9e avec son fils dans l\u2019appartement d\u2019un homme qu\u2019elle connaissait depuis seulement quelques jours, une jeune m\u00e8re de&hellip;\n","protected":false},"author":2,"featured_media":318464,"comment_status":"","ping_status":"","sticky":false,"template":"","format":"standard","meta":{"footnotes":""},"categories":[2814],"tags":[17,45676,1111,11,1102,847,1777,674,274,652,1011,27,884,5875,12,882,25,45677,3711,96],"class_list":{"0":"post-318463","1":"post","2":"type-post","3":"status-publish","4":"format-standard","5":"has-post-thumbnail","7":"category-marseille","8":"tag-17","9":"tag-4-ans","10":"tag-actu","11":"tag-actualites","12":"tag-breakingnews","13":"tag-enfant","14":"tag-eu","15":"tag-europe","16":"tag-faits-divers-justice","17":"tag-famille","18":"tag-fr","19":"tag-france","20":"tag-marseille","21":"tag-mere","22":"tag-news","23":"tag-provence-alpes-cote-dazur","24":"tag-republique-francaise","25":"tag-sequestres","26":"tag-son","27":"tag-une"},"share_on_mastodon":{"url":"https:\/\/pubeurope.com\/@fr\/115026824013910763","error":""},"_links":{"self":[{"href":"https:\/\/www.europesays.com\/fr\/wp-json\/wp\/v2\/posts\/318463","targetHints":{"allow":["GET"]}}],"collection":[{"href":"https:\/\/www.europesays.com\/fr\/wp-json\/wp\/v2\/posts"}],"about":[{"href":"https:\/\/www.europesays.com\/fr\/wp-json\/wp\/v2\/types\/post"}],"author":[{"embeddable":true,"href":"https:\/\/www.europesays.com\/fr\/wp-json\/wp\/v2\/users\/2"}],"replies":[{"embeddable":true,"href":"https:\/\/www.europesays.com\/fr\/wp-json\/wp\/v2\/comments?post=318463"}],"version-history":[{"count":0,"href":"https:\/\/www.europesays.com\/fr\/wp-json\/wp\/v2\/posts\/318463\/revisions"}],"wp:featuredmedia":[{"embeddable":true,"href":"https:\/\/www.europesays.com\/fr\/wp-json\/wp\/v2\/media\/318464"}],"wp:attachment":[{"href":"https:\/\/www.europesays.com\/fr\/wp-json\/wp\/v2\/media?parent=318463"}],"wp:term":[{"taxonomy":"category","embeddable":true,"href":"https:\/\/www.europesays.com\/fr\/wp-json\/wp\/v2\/categories?post=318463"},{"taxonomy":"post_tag","embeddable":true,"href":"https:\/\/www.europesays.com\/fr\/wp-json\/wp\/v2\/tags?post=318463"}],"curies":[{"name":"wp","href":"https:\/\/api.w.org\/{rel}","templated":true}]}}