{"id":318465,"date":"2025-08-14T11:13:11","date_gmt":"2025-08-14T11:13:11","guid":{"rendered":"https:\/\/www.europesays.com\/fr\/318465\/"},"modified":"2025-08-14T11:13:11","modified_gmt":"2025-08-14T11:13:11","slug":"om-le-budget-de-lolympique-de-marseille-cette-saison-2025-2026","status":"publish","type":"post","link":"https:\/\/www.europesays.com\/fr\/318465\/","title":{"rendered":"OM. Le budget de l&rsquo;Olympique de Marseille cette saison 2025-2026"},"content":{"rendered":"<p><img fetchpriority=\"high\" decoding=\"async\" width=\"620\" height=\"413\" src=\"https:\/\/www.europesays.com\/fr\/wp-content\/uploads\/2025\/05\/OM-Olympique-de-Marseille-illustration-620x413.jpg\" alt=\"OM. Le budget de l'Olympique de Marseille cette saison 2025-2026\" class=\"wp-image-341200\"  \/>L\u2019Olympique de Marseille retrouve la Ligue des champions et de l\u2019ambition avec elle.<\/p>\n<p>La saison 2024-2025 a marqu\u00e9 un coup d\u2019arr\u00eat pour l\u2019<a href=\"https:\/\/sportune.20minutes.fr\/olympique-de-marseille-om\" target=\"_blank\" rel=\"noopener\">Olympique de Marseille<\/a>, un an apr\u00e8s que le club phoc\u00e9en a battu son record historique de chiffre d\u2019affaires (CA). L\u2019explication est simple : Marseille n\u2019a pas \u00e9t\u00e9 convi\u00e9 \u00e0 la table des \u00e9quipes europ\u00e9ennes, et la <a href=\"https:\/\/sportune.20minutes.fr\/ligue-1-l1\" target=\"_blank\" rel=\"noopener\">Ligue 1<\/a> a souffert pour tous les clubs, d\u2019une r\u00e9partition des droits TV \u00e0 la baisse, due \u00e0 l\u2019arriv\u00e9e de DAZN en tant que diffuseur.<\/p>\n<p>L\u2019avenir n\u2019est pas plus r\u00e9jouissant sur la question de l\u2019audiovisuel, alors que la Ligue de football professionnel a fait le choix de son autonomie en lan\u00e7ant sa propre plateforme Ligue1+. Mais l\u2019<a href=\"https:\/\/sportune.20minutes.fr\/olympique-de-marseille-om\" target=\"_blank\" rel=\"noopener\">OM<\/a> en sera moins impact\u00e9 puisqu\u2019il va retrouver la Ligue des champions, quand celle-ci propose des primes sup\u00e9rieures depuis que l\u2019UEFA a corrig\u00e9 le format de 32 \u00e0 36 \u00e9quipes, <a href=\"https:\/\/sportune.20minutes.fr\/luefa-devoile-les-primes-de-la-ligue-des-champions-2025-2026-370339\" target=\"_blank\" rel=\"noopener\">en augmentant le prize money de sa comp\u00e9tition<\/a>.<\/p>\n<p>Un club chroniquement d\u00e9ficitaire<\/p>\n<p>En cons\u00e9quence, l\u2019<a href=\"https:\/\/sportune.20minutes.fr\/olympique-de-marseille-om\" target=\"_blank\" rel=\"noopener\">Olympique de Marseille<\/a> devrait avoir pour l\u2019exercice 2025-2026 un budget estim\u00e9 \u00e0 pr\u00e8s de 280 millions d\u2019euros, sinon moins selon les directives de la Direction nationale de contr\u00f4le et de gestion (DNCG) qui souhaite des clubs se pr\u00e9sentant \u00e0 elle, qu\u2019ils retirent de leur pr\u00e9visionnel les b\u00e9n\u00e9fices de la part de march\u00e9.<\/p>\n<p>Marseille doit poursuivre l\u2019objectif plus vertueux d\u2019un retour \u00e0 plus d\u2019\u00e9quilibre financier. Car depuis que Frank McCourt en a la propri\u00e9t\u00e9, le club est chroniquement d\u00e9ficitaire. En 2025 encore, <a href=\"https:\/\/sportune.20minutes.fr\/om-une-saison-2025-a-60-me-de-pertes-pour-lom-374273\" target=\"_blank\" rel=\"noopener\">il anticipe selon nos informations \u00e0 Sportune<\/a>, une perte de l\u2019ordre de 60 millions d\u2019euros net, par le truchement, on l\u2019a dit, d\u2019un CA en baisse, mais des charges de l\u2019exploitation qui demeurent relativement \u00e9lev\u00e9es non loin des 300 millions d\u2019euros.<\/p>\n<p>Entre la volont\u00e9 de rentabilit\u00e9 et la n\u00e9cessit\u00e9 sportive d\u2019aligner une \u00e9quipe capable de jouer tout \u00e0 la fois le podium sinon le titre en <a href=\"https:\/\/sportune.20minutes.fr\/ligue-1-l1\" target=\"_blank\" rel=\"noopener\">Ligue 1<\/a> et d\u2019\u00eatre comp\u00e9titif en semaine en Ligue des champions, tout est question de dosage que s\u2019\u00e9chinent \u00e0 trouver le pr\u00e9sident Pablo Longoria et son directeur sportif Medhi Benatia. Avec la b\u00e9n\u00e9diction de l\u2019actionnaire am\u00e9ricain qui leur renouvelle sa confiance dans l\u2019espoir de d\u00e9crocher un premier titre majeur sous sa gouverne, de nature \u00e0 largement valoriser le club dans son ensemble.<\/p>\n","protected":false},"excerpt":{"rendered":"L\u2019Olympique de Marseille retrouve la Ligue des champions et de l\u2019ambition avec elle. La saison 2024-2025 a marqu\u00e9&hellip;\n","protected":false},"author":2,"featured_media":75311,"comment_status":"","ping_status":"","sticky":false,"template":"","format":"standard","meta":{"footnotes":""},"categories":[2814],"tags":[1111,11,1777,674,1011,27,884,12,149,882,25],"class_list":{"0":"post-318465","1":"post","2":"type-post","3":"status-publish","4":"format-standard","5":"has-post-thumbnail","7":"category-marseille","8":"tag-actu","9":"tag-actualites","10":"tag-eu","11":"tag-europe","12":"tag-fr","13":"tag-france","14":"tag-marseille","15":"tag-news","16":"tag-om","17":"tag-provence-alpes-cote-dazur","18":"tag-republique-francaise"},"share_on_mastodon":{"url":"https:\/\/pubeurope.com\/@fr\/115026827975550031","error":""},"_links":{"self":[{"href":"https:\/\/www.europesays.com\/fr\/wp-json\/wp\/v2\/posts\/318465","targetHints":{"allow":["GET"]}}],"collection":[{"href":"https:\/\/www.europesays.com\/fr\/wp-json\/wp\/v2\/posts"}],"about":[{"href":"https:\/\/www.europesays.com\/fr\/wp-json\/wp\/v2\/types\/post"}],"author":[{"embeddable":true,"href":"https:\/\/www.europesays.com\/fr\/wp-json\/wp\/v2\/users\/2"}],"replies":[{"embeddable":true,"href":"https:\/\/www.europesays.com\/fr\/wp-json\/wp\/v2\/comments?post=318465"}],"version-history":[{"count":0,"href":"https:\/\/www.europesays.com\/fr\/wp-json\/wp\/v2\/posts\/318465\/revisions"}],"wp:featuredmedia":[{"embeddable":true,"href":"https:\/\/www.europesays.com\/fr\/wp-json\/wp\/v2\/media\/75311"}],"wp:attachment":[{"href":"https:\/\/www.europesays.com\/fr\/wp-json\/wp\/v2\/media?parent=318465"}],"wp:term":[{"taxonomy":"category","embeddable":true,"href":"https:\/\/www.europesays.com\/fr\/wp-json\/wp\/v2\/categories?post=318465"},{"taxonomy":"post_tag","embeddable":true,"href":"https:\/\/www.europesays.com\/fr\/wp-json\/wp\/v2\/tags?post=318465"}],"curies":[{"name":"wp","href":"https:\/\/api.w.org\/{rel}","templated":true}]}}