{"id":318466,"date":"2025-08-14T11:14:16","date_gmt":"2025-08-14T11:14:16","guid":{"rendered":"https:\/\/www.europesays.com\/fr\/318466\/"},"modified":"2025-08-14T11:14:16","modified_gmt":"2025-08-14T11:14:16","slug":"angelo-86-ans-passe-a-tabac-pour-un-bijou","status":"publish","type":"post","link":"https:\/\/www.europesays.com\/fr\/318466\/","title":{"rendered":"Angelo, 86 ans, pass\u00e9 \u00e0 tabac pour un bijou"},"content":{"rendered":"<p>Comme tous les dimanches apr\u00e8s-midi, ce 10\u00a0ao\u00fbt, Angelo, r\u00e9sident historique du quartier de Gerland (7e), sort se promener. Il prend le tramway, direction Insa Lyon, puis fait le chemin inverse pour rentrer chez lui, toujours en transport en commun. Il descend \u00e0 la station Debourg. Une routine dominicale qui lui permet d\u2019appr\u00e9cier sans effort l\u2019avancement des diff\u00e9rents chantiers en cours, le long de la ligne T1.<\/p>\n<p>Mais ce dimanche\u00a0vers 18 heures, apr\u00e8s avoir franchi le portail de sa r\u00e9sidence, \u00e0 l\u2019issue de sa balade, l\u2019homme de 86 ans est violemment projet\u00e9 au sol par un individu, qu\u2019une t\u00e9moin d\u00e9crira comme \u00ab\u00a0tr\u00e8s jeune\u00a0\u00bb. La cha\u00eenette en or, qu\u2019Angelo portait autour du cou, lui est arrach\u00e9e de force. \u00ab\u00a0C\u2019\u00e9tait un cadeau de sa petite s\u0153ur\u00a0\u00bb, pr\u00e9cise Ghyslaine, une des filles de la victime, contact\u00e9e par Le Progr\u00e8s. Elle relate la suite de l\u2019agression.<\/p>\n<p>\u00ab\u00a0\u00c7a lui a co\u00fbt\u00e9 une hanche et un f\u00e9mur\u00a0\u00bb<\/p>\n<p>\u00c0 terre, \u00ab\u00a0les bras en sang\u00a0\u00bb, Angelo n\u2019est pas au bout de ses peines. Son agresseur en veut&#8230;<\/p>\n","protected":false},"excerpt":{"rendered":"Comme tous les dimanches apr\u00e8s-midi, ce 10\u00a0ao\u00fbt, Angelo, r\u00e9sident historique du quartier de Gerland (7e), sort se promener.&hellip;\n","protected":false},"author":2,"featured_media":318467,"comment_status":"","ping_status":"","sticky":false,"template":"","format":"standard","meta":{"footnotes":""},"categories":[1889],"tags":[1111,11,2430,2757,1777,674,274,107,1011,27,2428,5946,2756,12,25,2429],"class_list":{"0":"post-318466","1":"post","2":"type-post","3":"status-publish","4":"format-standard","5":"has-post-thumbnail","7":"category-lyon","8":"tag-actu","9":"tag-actualites","10":"tag-auvergne-rhone-alpes","11":"tag-edition-lyon-villeurbanne","12":"tag-eu","13":"tag-europe","14":"tag-faits-divers-justice","15":"tag-fil-info","16":"tag-fr","17":"tag-france","18":"tag-lyon","19":"tag-lyon-7e-arrondissement","20":"tag-lyon-bassin","21":"tag-news","22":"tag-republique-francaise","23":"tag-rhone"},"share_on_mastodon":{"url":"https:\/\/pubeurope.com\/@fr\/115026831989396742","error":""},"_links":{"self":[{"href":"https:\/\/www.europesays.com\/fr\/wp-json\/wp\/v2\/posts\/318466","targetHints":{"allow":["GET"]}}],"collection":[{"href":"https:\/\/www.europesays.com\/fr\/wp-json\/wp\/v2\/posts"}],"about":[{"href":"https:\/\/www.europesays.com\/fr\/wp-json\/wp\/v2\/types\/post"}],"author":[{"embeddable":true,"href":"https:\/\/www.europesays.com\/fr\/wp-json\/wp\/v2\/users\/2"}],"replies":[{"embeddable":true,"href":"https:\/\/www.europesays.com\/fr\/wp-json\/wp\/v2\/comments?post=318466"}],"version-history":[{"count":0,"href":"https:\/\/www.europesays.com\/fr\/wp-json\/wp\/v2\/posts\/318466\/revisions"}],"wp:featuredmedia":[{"embeddable":true,"href":"https:\/\/www.europesays.com\/fr\/wp-json\/wp\/v2\/media\/318467"}],"wp:attachment":[{"href":"https:\/\/www.europesays.com\/fr\/wp-json\/wp\/v2\/media?parent=318466"}],"wp:term":[{"taxonomy":"category","embeddable":true,"href":"https:\/\/www.europesays.com\/fr\/wp-json\/wp\/v2\/categories?post=318466"},{"taxonomy":"post_tag","embeddable":true,"href":"https:\/\/www.europesays.com\/fr\/wp-json\/wp\/v2\/tags?post=318466"}],"curies":[{"name":"wp","href":"https:\/\/api.w.org\/{rel}","templated":true}]}}