{"id":318468,"date":"2025-08-14T11:15:12","date_gmt":"2025-08-14T11:15:12","guid":{"rendered":"https:\/\/www.europesays.com\/fr\/318468\/"},"modified":"2025-08-14T11:15:12","modified_gmt":"2025-08-14T11:15:12","slug":"metropole-de-lyon-lhomme-secouru-dans-les-eaux-de-miribel-jonage-ce-mercredi-est-decede","status":"publish","type":"post","link":"https:\/\/www.europesays.com\/fr\/318468\/","title":{"rendered":"M\u00e9tropole de Lyon. L\u2019homme secouru dans les eaux de Miribel-Jonage ce mercredi est d\u00e9c\u00e9d\u00e9"},"content":{"rendered":"<p>Un nouveau drame s\u2019est d\u00e9roul\u00e9 ce mercredi 13\u00a0ao\u00fbt, au parc de Miribel Jonage, dont les quatres plages attirent de nombreux baigneurs en cette p\u00e9riode de tr\u00e8s fortes chaleurs.<\/p>\n<p>Vers 18h30, les sapeurs-pompiers ont \u00e9t\u00e9 d\u00e9p\u00each\u00e9s sur place afin de secourir un jeune homme de 25 ans venu au parc avec des amis, en train de se noyer, dans une zone hors du p\u00e9rim\u00e8tre de surveillance selon le Grand parc.<\/p>\n<p>La victime, prise en charge par les sauveteurs du parc, puis par les pompiers et le Samu, a pu \u00eatre ramen\u00e9e sur la rive et les secours <a href=\"https:\/\/www.leprogres.fr\/faits-divers-justice\/2025\/08\/13\/un-homme-reanime-apres-une-noyade-a-miribel-jonage\" target=\"_blank\" rel=\"nofollow noopener\">ont tent\u00e9 de la r\u00e9animer<\/a>, mais celle-ci est d\u00e9c\u00e9d\u00e9e sur place, contrairement \u00e0 ce qui nous avait \u00e9t\u00e9 indiqu\u00e9 dans la soir\u00e9e de mercredi.<\/p>\n<p>  La deuxi\u00e8me op\u00e9ration cette semaine<\/p>\n<p>D\u00e9j\u00e0, lundi 11\u00a0ao\u00fbt un homme de 22 ans <a href=\"https:\/\/www.leprogres.fr\/faits-divers-justice\/2025\/08\/12\/il-se-baignait-a-miribel-jonage-un-jeune-homme-evacue-en-urgence-absolue\" target=\"_blank\" rel=\"nofollow noopener\">avait \u00e9t\u00e9 transf\u00e9r\u00e9 en urgence absolue par le Samu<\/a> depuis le parc de Miribel \u00e0 l\u2019h\u00f4pital apr\u00e8s avoir pass\u00e9 plusieurs minutes sous l\u2019eau, tandis que le 22\u00a0juin, un autre homme d\u2019une vingtaine d\u2019ann\u00e9es <a href=\"https:\/\/www.leprogres.fr\/faits-divers-justice\/2025\/06\/23\/jeune-homme-mort-noye-a-miribel-jonage-un-malaise-cardiaque-serait-en-cause\" target=\"_blank\" rel=\"nofollow noopener\">avait perdu la vie \u00e0 Miribel-Jonage<\/a>, \u00e0 la suite de ce qui semblait \u00eatre une malaise cardiaque ayant entra\u00een\u00e9 une noyade. Il est finalement d\u00e9c\u00e9d\u00e9, a appris Le Progr\u00e8s ce jeudi 14 ao\u00fbt. <\/p>\n<p>Ce mardi 12\u00a0ao\u00fbt, du c\u00f4t\u00e9 de Villeurbanne, c\u2019est un homme de 25 ans qui a perdu la vie <a href=\"https:\/\/www.leprogres.fr\/faits-divers-justice\/2025\/08\/13\/j-ai-tente-de-l-en-dissuader-il-est-mort-en-heros-chris-a-voulu-sauver-l-homme-mort-noye-en-secourant-son-chien\" target=\"_blank\" rel=\"nofollow noopener\">en tentant de secourir son chien<\/a> pris par les courants de la cascade du Seuil de la Feyssine.<\/p>\n<p>Selon Sant\u00e9 publique France, entre le 1er\u00a0juin et le 23\u00a0juillet 2025, 702 noyades ont eu lieu en France dont 193 suivies de d\u00e9c\u00e8s (soit une proportion de noyades suivies de d\u00e9c\u00e8s de 27\u00a0%).<\/p>\n<p>Ce nombre est en forte augmentation par rapport \u00e0 2024.<\/p>\n","protected":false},"excerpt":{"rendered":"Un nouveau drame s\u2019est d\u00e9roul\u00e9 ce mercredi 13\u00a0ao\u00fbt, au parc de Miribel Jonage, dont les quatres plages attirent&hellip;\n","protected":false},"author":2,"featured_media":318469,"comment_status":"","ping_status":"","sticky":false,"template":"","format":"standard","meta":{"footnotes":""},"categories":[1889],"tags":[119,1111,11,2738,2430,4624,6751,3152,2757,1777,674,274,107,1011,27,30498,2428,2756,12497,11155,12,25,2429,5070],"class_list":{"0":"post-318468","1":"post","2":"type-post","3":"status-publish","4":"format-standard","5":"has-post-thumbnail","7":"category-lyon","8":"tag-accident","9":"tag-actu","10":"tag-actualites","11":"tag-ain","12":"tag-auvergne-rhone-alpes","13":"tag-decines-charpieu","14":"tag-edition-ain-ouest","15":"tag-edition-est-lyonnais","16":"tag-edition-lyon-villeurbanne","17":"tag-eu","18":"tag-europe","19":"tag-faits-divers-justice","20":"tag-fil-info","21":"tag-fr","22":"tag-france","23":"tag-jonage","24":"tag-lyon","25":"tag-lyon-bassin","26":"tag-meyzieu","27":"tag-miribel","28":"tag-news","29":"tag-republique-francaise","30":"tag-rhone","31":"tag-vaulx-en-velin"},"share_on_mastodon":{"url":"https:\/\/pubeurope.com\/@fr\/115026835739966543","error":""},"_links":{"self":[{"href":"https:\/\/www.europesays.com\/fr\/wp-json\/wp\/v2\/posts\/318468","targetHints":{"allow":["GET"]}}],"collection":[{"href":"https:\/\/www.europesays.com\/fr\/wp-json\/wp\/v2\/posts"}],"about":[{"href":"https:\/\/www.europesays.com\/fr\/wp-json\/wp\/v2\/types\/post"}],"author":[{"embeddable":true,"href":"https:\/\/www.europesays.com\/fr\/wp-json\/wp\/v2\/users\/2"}],"replies":[{"embeddable":true,"href":"https:\/\/www.europesays.com\/fr\/wp-json\/wp\/v2\/comments?post=318468"}],"version-history":[{"count":0,"href":"https:\/\/www.europesays.com\/fr\/wp-json\/wp\/v2\/posts\/318468\/revisions"}],"wp:featuredmedia":[{"embeddable":true,"href":"https:\/\/www.europesays.com\/fr\/wp-json\/wp\/v2\/media\/318469"}],"wp:attachment":[{"href":"https:\/\/www.europesays.com\/fr\/wp-json\/wp\/v2\/media?parent=318468"}],"wp:term":[{"taxonomy":"category","embeddable":true,"href":"https:\/\/www.europesays.com\/fr\/wp-json\/wp\/v2\/categories?post=318468"},{"taxonomy":"post_tag","embeddable":true,"href":"https:\/\/www.europesays.com\/fr\/wp-json\/wp\/v2\/tags?post=318468"}],"curies":[{"name":"wp","href":"https:\/\/api.w.org\/{rel}","templated":true}]}}