{"id":318470,"date":"2025-08-14T11:16:11","date_gmt":"2025-08-14T11:16:11","guid":{"rendered":"https:\/\/www.europesays.com\/fr\/318470\/"},"modified":"2025-08-14T11:16:11","modified_gmt":"2025-08-14T11:16:11","slug":"francilienne-fermee-ces-communes-de-seine-et-marne-subissent-les-detours-imposes-par-les-gps","status":"publish","type":"post","link":"https:\/\/www.europesays.com\/fr\/318470\/","title":{"rendered":"Francilienne ferm\u00e9e\u00a0: ces communes de Seine-et-Marne subissent les d\u00e9tours impos\u00e9s par les GPS"},"content":{"rendered":"<p class=\"paragraph text_align_left lp-f-body-02\">Jeudi 7\u00a0ao\u00fbt, 16h30. Pour entrer \u00e0<a href=\"https:\/\/www.leparisien.fr\/seine-et-marne-77\/chevry-cossigny-77173\/\" target=\"_blank\" rel=\"noreferrer nofollow noopener\"> Chevry-Cossigny<\/a> par la rue Charles Path\u00e9, la route d\u00e9partementale\u00a0216, mieux vaut s\u2019armer de patience. Waze annonce neuf minutes pour franchir quelques centaines de m\u00e8tres. \u00c0 l\u2019arr\u00eat derri\u00e8re un poids lourd, on observe un flot continu de voitures qui tente d\u2019entrer dans la commune de quelque 4\u00a0020 habitants. Ici, comme \u00e0 L\u00e9signy, F\u00e9rolles-Attilly ou Lieusaint, lors des fermetures ou embouteillages de la Francilienne, <a href=\"https:\/\/www.leparisien.fr\/high-tech\/sur-la-route-des-vacances-tous-accros-au-gps-je-suis-en-mode-pilote-automatique-01-08-2025-G6BTAOZVLNFAXFQEPSCOSYNQ3Q.php\" target=\"_blank\" rel=\"noreferrer nofollow noopener\">les applications GPS<\/a> telles que Waze d\u00e9tournent les automobilistes vers des axes inadapt\u00e9s. Les riverains voient aussit\u00f4t leur environnement se transformer en v\u00e9ritable autoroute.<\/p>\n","protected":false},"excerpt":{"rendered":"Jeudi 7\u00a0ao\u00fbt, 16h30. Pour entrer \u00e0 Chevry-Cossigny par la rue Charles Path\u00e9, la route d\u00e9partementale\u00a0216, mieux vaut s\u2019armer&hellip;\n","protected":false},"author":2,"featured_media":318471,"comment_status":"","ping_status":"","sticky":false,"template":"","format":"standard","meta":{"footnotes":""},"categories":[1592],"tags":[1111,11,1777,674,1011,27,662,1944,12,626,25,1937],"class_list":{"0":"post-318470","1":"post","2":"type-post","3":"status-publish","4":"format-standard","5":"has-post-thumbnail","7":"category-ile-de-france","8":"tag-actu","9":"tag-actualites","10":"tag-eu","11":"tag-europe","12":"tag-fr","13":"tag-france","14":"tag-ile-de-france","15":"tag-ma-ville","16":"tag-news","17":"tag-paris","18":"tag-republique-francaise","19":"tag-seine-et-marne"},"share_on_mastodon":{"url":"https:\/\/pubeurope.com\/@fr\/115026839685259011","error":""},"_links":{"self":[{"href":"https:\/\/www.europesays.com\/fr\/wp-json\/wp\/v2\/posts\/318470","targetHints":{"allow":["GET"]}}],"collection":[{"href":"https:\/\/www.europesays.com\/fr\/wp-json\/wp\/v2\/posts"}],"about":[{"href":"https:\/\/www.europesays.com\/fr\/wp-json\/wp\/v2\/types\/post"}],"author":[{"embeddable":true,"href":"https:\/\/www.europesays.com\/fr\/wp-json\/wp\/v2\/users\/2"}],"replies":[{"embeddable":true,"href":"https:\/\/www.europesays.com\/fr\/wp-json\/wp\/v2\/comments?post=318470"}],"version-history":[{"count":0,"href":"https:\/\/www.europesays.com\/fr\/wp-json\/wp\/v2\/posts\/318470\/revisions"}],"wp:featuredmedia":[{"embeddable":true,"href":"https:\/\/www.europesays.com\/fr\/wp-json\/wp\/v2\/media\/318471"}],"wp:attachment":[{"href":"https:\/\/www.europesays.com\/fr\/wp-json\/wp\/v2\/media?parent=318470"}],"wp:term":[{"taxonomy":"category","embeddable":true,"href":"https:\/\/www.europesays.com\/fr\/wp-json\/wp\/v2\/categories?post=318470"},{"taxonomy":"post_tag","embeddable":true,"href":"https:\/\/www.europesays.com\/fr\/wp-json\/wp\/v2\/tags?post=318470"}],"curies":[{"name":"wp","href":"https:\/\/api.w.org\/{rel}","templated":true}]}}