{"id":318476,"date":"2025-08-14T11:19:12","date_gmt":"2025-08-14T11:19:12","guid":{"rendered":"https:\/\/www.europesays.com\/fr\/318476\/"},"modified":"2025-08-14T11:19:12","modified_gmt":"2025-08-14T11:19:12","slug":"string-bikini-les-photos-et-videos-les-plus-sexy-de-sa-femme-izabel-goulart","status":"publish","type":"post","link":"https:\/\/www.europesays.com\/fr\/318476\/","title":{"rendered":"string, bikini\u2026 Les photos et vid\u00e9os les plus sexy de sa femme Izabel Goulart"},"content":{"rendered":"<p> Depuis le d\u00e9but du mercato, <strong>le Paris FC<\/strong> se montre particuli\u00e8rement actif. Promu en Ligue 1 cette saison, le nouveau club de la famille Arnault et de Red Bull affiche de grandes ambitions. Pour b\u00e2tir un effectif capable de rivaliser avec les meilleures \u00e9quipes du championnat, plusieurs postes ont d\u00e9j\u00e0 \u00e9t\u00e9 renforc\u00e9s. Ce mercredi 13 ao\u00fbt 2025, Le Parisien a r\u00e9v\u00e9l\u00e9 une information fracassante : Kevin Trapp, ancien gardien du PSG, <strong>est sur le point de signer<\/strong>. \u00c0 35 ans, l\u2019Allemand, s\u00e9duit par le projet, pourrait \u00e9galement devenir \u00e9g\u00e9rie Louis Vuitton, ce qui ravit sa femme, le mannequin br\u00e9silien Izabel Goulart, install\u00e9e en grande partie \u00e0 Paris. Ic\u00f4ne des podiums et reine des plages, elle ne cesse de captiver les r\u00e9seaux sociaux.<\/p>\n<p>La femme de Kevin Trap, Izabel Goulart, toujours plus sexy sur ses r\u00e9seaux sociaux<\/p>\n<p>Dans ses s\u00e9ries de photos partag\u00e9es, la top-model n\u2019h\u00e9site pas \u00e0 d\u00e9voiler ses formes <strong>les plus sexy<\/strong> dans des tenues toujours plus sensuelles. Elle arbore des bikinis minimalistes qui \u00e9pousent parfaitement sa silhouette athl\u00e9tique. Les teintes vives du maillot contrastent avec le bleu \u00e9clatant de la mer en arri\u00e8re-plan, cr\u00e9ant un clich\u00e9 \u00e0 l\u2019allure de carte postale. Dans un autre visuel, elle ose le <strong>string<\/strong>, d\u00e9voilant ses courbes parfaitement sculpt\u00e9es, fruit d\u2019un entra\u00eenement sportif intense. Lunettes de soleil oversized sur le nez, sourire radieux et chevelure balay\u00e9e par le vent, elle incarne la sensualit\u00e9 estivale (&#8230;)<\/p>\n<p><a href=\"https:\/\/www.closermag.fr\/people\/kevin-trapp-a-paris-string-bikini-les-photos-et-videos-les-plus-sexy-de-sa-femme-izabel-goulart-3571224\" rel=\"nofollow noopener\" target=\"_blank\" data-ylk=\"slk:Lire la suite sur Closer;elm:context_link;itc:0;sec:content-canvas\" class=\"link \">Lire la suite sur Closer<\/a><\/p>\n<p><a href=\"https:\/\/www.closermag.fr\/politique\/melania-trump-remontee-comme-une-pendule-elle-declare-la-guerre-au-fils-de-joe-biden-3571239\" rel=\"nofollow noopener\" target=\"_blank\" data-ylk=\"slk:Melania Trump remont\u00e9e comme une pendule ! Elle d\u00e9clare la guerre au fils de Joe Biden;elm:context_link;itc:0;sec:content-canvas\" class=\"link \">Melania Trump remont\u00e9e comme une pendule ! Elle d\u00e9clare la guerre au fils de Joe Biden<\/a><br \/><a href=\"https:\/\/www.closermag.fr\/vecu\/elle-se-sacrifie-pour-sauver-la-vie-de-sa-fille-ce-geste-heroique-dun-mere-morte-ecrasee-3571245\" rel=\"nofollow noopener\" target=\"_blank\" data-ylk=\"slk:Elle se sacrifie pour sauver la vie de sa fille : ce geste h\u00e9ro\u00efque d\u2019un m\u00e8re morte \u00e9cras\u00e9e;elm:context_link;itc:0;sec:content-canvas\" class=\"link \">Elle se sacrifie pour sauver la vie de sa fille : ce geste h\u00e9ro\u00efque d\u2019un m\u00e8re morte \u00e9cras\u00e9e<\/a><br \/><a href=\"https:\/\/www.closermag.fr\/people\/louis-sarkozy-tres-bientot-papa-tic-tac-tic-tac-il-se-prepare-a-accueillir-son-fils-3571237\" rel=\"nofollow noopener\" target=\"_blank\" data-ylk=\"slk:Louis Sarkozy tr\u00e8s bient\u00f4t papa : tic-tac tic-tac, il se pr\u00e9pare \u00e0 accueillir son fils;elm:context_link;itc:0;sec:content-canvas\" class=\"link \">Louis Sarkozy tr\u00e8s bient\u00f4t papa : tic-tac tic-tac, il se pr\u00e9pare \u00e0 accueillir son fils<\/a><br \/><a href=\"https:\/\/www.closermag.fr\/vecu\/maison-de-lhorreur-un-adolescent-de-13-ans-retrouve-mort-avec-un-objet-innommable-dans-la-gorge-3571253\" rel=\"nofollow noopener\" target=\"_blank\" data-ylk=\"slk:Maison de l\u2019horreur : un adolescent de 13 ans retrouv\u00e9 mort avec un objet innommable dans la gorge;elm:context_link;itc:0;sec:content-canvas\" class=\"link \">Maison de l\u2019horreur : un adolescent de 13 ans retrouv\u00e9 mort avec un objet innommable dans la gorge<\/a><br \/><a href=\"https:\/\/www.closermag.fr\/vecu\/vacances-de-lhorreur-un-touriste-francais-meurt-seul-sur-un-banc-alors-que-la-police-devait-le-raccompagner-a-lhotel-3571238\" rel=\"nofollow noopener\" target=\"_blank\" data-ylk=\"slk:Vacances de l\u2019horreur : un touriste fran\u00e7ais meurt seul sur un banc alors que la police devait le raccompagner \u00e0 l&#039;h\u00f4tel;elm:context_link;itc:0;sec:content-canvas\" class=\"link \">Vacances de l\u2019horreur : un touriste fran\u00e7ais meurt seul sur un banc alors que la police devait le raccompagner \u00e0 l&rsquo;h\u00f4tel<\/a><\/p>\n","protected":false},"excerpt":{"rendered":"Depuis le d\u00e9but du mercato, le Paris FC se montre particuli\u00e8rement actif. Promu en Ligue 1 cette saison,&hellip;\n","protected":false},"author":2,"featured_media":318477,"comment_status":"","ping_status":"","sticky":false,"template":"","format":"standard","meta":{"footnotes":""},"categories":[1888],"tags":[1111,1928,11,1927,1777,674,1011,27,45678,45679,45591,27652,12,1926,626,445,1925,25],"class_list":{"0":"post-318476","1":"post","2":"type-post","3":"status-publish","4":"format-standard","5":"has-post-thumbnail","7":"category-paris","8":"tag-actu","9":"tag-actu-paris","10":"tag-actualites","11":"tag-actualites-paris","12":"tag-eu","13":"tag-europe","14":"tag-fr","15":"tag-france","16":"tag-izabel-goulart","17":"tag-kevin-trap","18":"tag-kevin-trapp","19":"tag-lunettes-de-soleil","20":"tag-news","21":"tag-news-paris","22":"tag-paris","23":"tag-paris-fc","24":"tag-paris-news","25":"tag-republique-francaise"},"share_on_mastodon":{"url":"https:\/\/pubeurope.com\/@fr\/115026851828130301","error":""},"_links":{"self":[{"href":"https:\/\/www.europesays.com\/fr\/wp-json\/wp\/v2\/posts\/318476","targetHints":{"allow":["GET"]}}],"collection":[{"href":"https:\/\/www.europesays.com\/fr\/wp-json\/wp\/v2\/posts"}],"about":[{"href":"https:\/\/www.europesays.com\/fr\/wp-json\/wp\/v2\/types\/post"}],"author":[{"embeddable":true,"href":"https:\/\/www.europesays.com\/fr\/wp-json\/wp\/v2\/users\/2"}],"replies":[{"embeddable":true,"href":"https:\/\/www.europesays.com\/fr\/wp-json\/wp\/v2\/comments?post=318476"}],"version-history":[{"count":0,"href":"https:\/\/www.europesays.com\/fr\/wp-json\/wp\/v2\/posts\/318476\/revisions"}],"wp:featuredmedia":[{"embeddable":true,"href":"https:\/\/www.europesays.com\/fr\/wp-json\/wp\/v2\/media\/318477"}],"wp:attachment":[{"href":"https:\/\/www.europesays.com\/fr\/wp-json\/wp\/v2\/media?parent=318476"}],"wp:term":[{"taxonomy":"category","embeddable":true,"href":"https:\/\/www.europesays.com\/fr\/wp-json\/wp\/v2\/categories?post=318476"},{"taxonomy":"post_tag","embeddable":true,"href":"https:\/\/www.europesays.com\/fr\/wp-json\/wp\/v2\/tags?post=318476"}],"curies":[{"name":"wp","href":"https:\/\/api.w.org\/{rel}","templated":true}]}}