{"id":318489,"date":"2025-08-14T11:26:43","date_gmt":"2025-08-14T11:26:43","guid":{"rendered":"https:\/\/www.europesays.com\/fr\/318489\/"},"modified":"2025-08-14T11:26:43","modified_gmt":"2025-08-14T11:26:43","slug":"armes-vers-israel-en-allemagne-un-embargo-aux-contours-flous","status":"publish","type":"post","link":"https:\/\/www.europesays.com\/fr\/318489\/","title":{"rendered":"Armes vers Isra\u00ebl : en Allemagne, un embargo aux contours flous"},"content":{"rendered":"<p>Malgr\u00e9 la d\u00e9cision du chancelier Friedrich Merz de suspendre partiellement certaines ventes d\u2019armes \u00e0 Isra\u00ebl en raison de la guerre \u00e0 Gaza, les liens industriels entre les fabricants d\u2019armes allemands et l\u2019arm\u00e9e isra\u00e9lienne devraient perdurer. L\u2019embargo ne concernerait que les armes susceptibles d\u2019\u00eatre utilis\u00e9es \u00e0 Gaza, tandis que des exportations de grande valeur, comme les sous-marins et corvettes, resteront autoris\u00e9es.<\/p>\n<p>En outre, les importations allemandes en provenance d\u2019Isra\u00ebl, notamment le syst\u00e8me de d\u00e9fense antimissile\u00a0Arrow-3, ne seraient \u00e9galement pas affect\u00e9es.<\/p>\n<p>\u00ab\u2009Il semble peu probable que cela affecte les relations industrielles entre Isra\u00ebl et l\u2019Allemagne dans le domaine de la d\u00e9fense \u00e0 long terme\u2009\u00bb, explique Zain Hussain, expert en commerce d\u2019armes \u00e0 l\u2019Institut international de recherche sur la paix de Stockholm (SIPRI).<\/p>\n<p>L\u2019Allemagne est le deuxi\u00e8me fournisseur d\u2019\u00ab\u2009armes lourdes\u2009\u00bb d\u2019Isra\u00ebl apr\u00e8s les \u00c9tats-Unis, et Zain Hussain estime qu\u2019\u00ab\u2009Isra\u00ebl continuera \u00e0 d\u00e9pendre de ces \u00c9tats pour une grande partie de ses capacit\u00e9s en mati\u00e8re d\u2019armement\u2009\u00bb.<\/p>\n<p>Port\u00e9e de l\u2019interdiction<\/p>\n<p>Une question reste en suspens\u00a0: les livraisons de moteurs, de bo\u00eetes de vitesses et de pi\u00e8ces de rechange de fabrication allemande destin\u00e9s aux v\u00e9hicules blind\u00e9s isra\u00e9liens, largement d\u00e9ploy\u00e9s \u00e0 Gaza et en Cisjordanie occup\u00e9e, vont-elles se poursuivre\u2009?<\/p>\n<p>Lundi\u00a011\u00a0ao\u00fbt, un porte-parole du gouvernement allemand a refus\u00e9 de r\u00e9pondre aux questions concernant les pi\u00e8ces de chars, se contentant de d\u00e9clarer que chaque cas serait \u00e9valu\u00e9 individuellement. Le fabricant de moteurs MTU, qui ferait partie des fournisseurs, a d\u00e9clar\u00e9 qu\u2019il se conformerait aux r\u00e8gles de contr\u00f4le des exportations des pays dans lesquels il op\u00e8re, mais qu\u2019il ne ferait aucun commentaire sur d\u2019\u00e9ventuelles exportations vers Isra\u00ebl.<\/p>\n<p>Pour Muriel Asseburg, experte sur Isra\u00ebl \u00e0 l\u2019Institut allemand pour les affaires internationales et de s\u00e9curit\u00e9 (SWP), les restrictions impos\u00e9es par Friedrich Merz ont \u00e9t\u00e9 d\u00e9lib\u00e9r\u00e9ment pr\u00e9sent\u00e9es comme limit\u00e9es dans leur port\u00e9e et leur dur\u00e9e, ce qui rend peu probable tout impact \u00e0 long terme sur les relations en mati\u00e8re de d\u00e9fense. Toutefois, \u00ab\u2009le fait que le deuxi\u00e8me fournisseur d\u2019armes d\u2019Isra\u00ebl impose un embargo partiel envoie tout de m\u00eame un signal\u2009\u00bb, selon elle.<\/p>\n<p>Elle a \u00e9galement averti que le gouvernement isra\u00e9lien d\u2019extr\u00eame droite pourrait \u00ab\u2009provoquer de nouvelles r\u00e9percussions\u2009\u00bb.<\/p>\n<p>Les acteurs de l\u2019industrie allemande de la d\u00e9fense restent \u00e9galement dans le flou. Le pr\u00e9sident du groupe de pression allemand de l\u2019industrie de la d\u00e9fense BDSV, Hans Christoph Atzpodien, a confi\u00e9 lundi\u00a011\u00a0ao\u00fbt \u00e0 Euractiv qu\u2019ils \u00ab\u2009ne disposaient d\u2019aucune information au-del\u00e0 de celles rendues publiques\u2009\u00bb.<\/p>\n<p>Thyssenkrupp Marine Systems, qui produit des navires militaires pour Isra\u00ebl, a \u00e9galement d\u00e9clar\u00e9 ne disposer \u00ab\u2009d\u2019aucune information officielle de la part du gouvernement f\u00e9d\u00e9ral\u2009\u00bb.<\/p>\n<p>Selon le SIPRI, des corvettes navales isra\u00e9liennes Sa\u2019ar\u00a06, partiellement construites par Thyssenkrupp Marine Systems, auraient \u00e9t\u00e9 utilis\u00e9es \u00e0 Gaza.<\/p>\n<p>Friedrich Merz a pr\u00e9cis\u00e9 dans un document interne de son parti (CDU) que l\u2019embargo ne s\u2019appliquerait pas aux \u00ab\u2009\u00e9quipements de d\u00e9fense a\u00e9rienne et maritime, qui sont essentiels \u00e0 l\u2019autod\u00e9fense d\u2019Isra\u00ebl\u2009\u00bb.<\/p>\n<p>Fournitures allemandes et secret des exportations<\/p>\n<p>Les d\u00e9tails concernant les exportations d\u2019armes allemandes sont en grande partie confidentiels, les licences d\u2019exportation \u00e9tant approuv\u00e9es dans le plus grand des secrets par le Conseil national de s\u00e9curit\u00e9 (un organe du gouvernement f\u00e9d\u00e9ral). Hormis les chiffres semestriels sur la valeur totale des exportations de produits de d\u00e9fense, peu d\u2019informations sont officiellement divulgu\u00e9es.<\/p>\n<p>En 2023, l\u2019Allemagne a accord\u00e9 pour environ 326\u00a0millions d\u2019euros de licences d\u2019exportation \u00e0 Isra\u00ebl, pr\u00e8s de dix fois plus que l\u2019ann\u00e9e pr\u00e9c\u00e9dente, dans le cadre d\u2019une proc\u00e9dure prioritaire apr\u00e8s le 7\u00a0octobre 2023. En 2024, 161\u00a0millions d\u2019euros ont \u00e9t\u00e9 approuv\u00e9s.<\/p>\n<p>Au premier semestre\u00a02025, l\u2019Allemagne a export\u00e9 pour environ 90\u00a0millions d\u2019euros d\u2019armes vers Isra\u00ebl, selon les chiffres du minist\u00e8re de l\u2019\u00c9conomie. Les livraisons comprenaient des armes \u00e0 feu, des munitions, des pi\u00e8ces d\u2019armes, des \u00e9quipements sp\u00e9ciaux pour l\u2019arm\u00e9e et la marine, des appareils \u00e9lectroniques et des v\u00e9hicules blind\u00e9s sp\u00e9ciaux, selon les informations obtenues par le parti de gauche Die Linke dans le cadre d\u2019une <a href=\"https:\/\/www.bundestag.de\/presse\/hib\/kurzmeldungen-1082536\" target=\"_blank\" rel=\"noopener nofollow\">enqu\u00eate parlementaire<\/a>.<\/p>\n<p>Muriel Asseburg note \u00e9galement qu\u2019il est difficile de d\u00e9terminer, \u00e0 partir des informations publiques, quelles armes fabriqu\u00e9es en Allemagne sont directement utilis\u00e9es \u00e0 Gaza. Cependant,m\u00eame les \u00e9quipements d\u00e9ploy\u00e9s ailleurs lib\u00e8rent d\u2019autres moyens pour la campagne militaire isra\u00e9lienne. Ainsi, les livraisons allemandes de \u00ab\u2009corvettes, d\u2019armes antichars, de pi\u00e8ces m\u00e9caniques pour v\u00e9hicules blind\u00e9s, de munitions pour v\u00e9hicules blind\u00e9s, d\u2019armes l\u00e9g\u00e8res et de munitions pour armes l\u00e9g\u00e8res\u2009\u00bb sont toutes \u00ab\u2009importantes pour la guerre d\u2019Isra\u00ebl dans la bande de Gaza\u2009\u00bb, affirme-t-elle.<\/p>\n<p>Elle ajoute que \u00ab\u2009l\u2019extr\u00eame d\u00e9pendance d\u2019Isra\u00ebl \u00e0 l\u2019\u00e9gard des livraisons d\u2019armes et du financement des \u00c9tats-Unis\u2009\u00bb rendait les d\u00e9cisions du pr\u00e9sident am\u00e9ricain Donald Trump \u00ab\u2009d\u00e9cisives\u2009\u00bb pour influencer le comportement d\u2019Isra\u00ebl.<\/p>\n<p>\u00a0<\/p>\n<p>In the first half of 2025, Germany exported about \u20ac90 million in weapons to Israel, according to economy ministry figures. Shipments included firearms, ammunition, weapon parts, special army and navy equipment, electronics and special armoured vehicles, according to information obtained by the left-wing Die Linke party through a <a href=\"https:\/\/www.bundestag.de\/presse\/hib\/kurzmeldungen-1082536\" rel=\"nofollow noopener\" target=\"_blank\">parliamentary inquiry<\/a>.<\/p>\n<p>\u00a0<\/p>\n","protected":false},"excerpt":{"rendered":"Malgr\u00e9 la d\u00e9cision du chancelier Friedrich Merz de suspendre partiellement certaines ventes d\u2019armes \u00e0 Isra\u00ebl en raison de&hellip;\n","protected":false},"author":2,"featured_media":318490,"comment_status":"","ping_status":"","sticky":false,"template":"","format":"standard","meta":{"footnotes":""},"categories":[1587],"tags":[11,672,1804,1805,1803,1777,674,1801,12,1802],"class_list":{"0":"post-318489","1":"post","2":"type-post","3":"status-publish","4":"format-standard","5":"has-post-thumbnail","7":"category-allemagne","8":"tag-actualites","9":"tag-allemagne","10":"tag-bundesrepublik-deutschland","11":"tag-de","12":"tag-deutschland","13":"tag-eu","14":"tag-europe","15":"tag-germany","16":"tag-news","17":"tag-republique-federale-dallemagne"},"share_on_mastodon":{"url":"https:\/\/pubeurope.com\/@fr\/115026879082541032","error":""},"_links":{"self":[{"href":"https:\/\/www.europesays.com\/fr\/wp-json\/wp\/v2\/posts\/318489","targetHints":{"allow":["GET"]}}],"collection":[{"href":"https:\/\/www.europesays.com\/fr\/wp-json\/wp\/v2\/posts"}],"about":[{"href":"https:\/\/www.europesays.com\/fr\/wp-json\/wp\/v2\/types\/post"}],"author":[{"embeddable":true,"href":"https:\/\/www.europesays.com\/fr\/wp-json\/wp\/v2\/users\/2"}],"replies":[{"embeddable":true,"href":"https:\/\/www.europesays.com\/fr\/wp-json\/wp\/v2\/comments?post=318489"}],"version-history":[{"count":0,"href":"https:\/\/www.europesays.com\/fr\/wp-json\/wp\/v2\/posts\/318489\/revisions"}],"wp:featuredmedia":[{"embeddable":true,"href":"https:\/\/www.europesays.com\/fr\/wp-json\/wp\/v2\/media\/318490"}],"wp:attachment":[{"href":"https:\/\/www.europesays.com\/fr\/wp-json\/wp\/v2\/media?parent=318489"}],"wp:term":[{"taxonomy":"category","embeddable":true,"href":"https:\/\/www.europesays.com\/fr\/wp-json\/wp\/v2\/categories?post=318489"},{"taxonomy":"post_tag","embeddable":true,"href":"https:\/\/www.europesays.com\/fr\/wp-json\/wp\/v2\/tags?post=318489"}],"curies":[{"name":"wp","href":"https:\/\/api.w.org\/{rel}","templated":true}]}}