{"id":318500,"date":"2025-08-14T11:32:17","date_gmt":"2025-08-14T11:32:17","guid":{"rendered":"https:\/\/www.europesays.com\/fr\/318500\/"},"modified":"2025-08-14T11:32:17","modified_gmt":"2025-08-14T11:32:17","slug":"keegan-bradley-nentend-pas-reproduire-les-memes-erreurs-qua-rome","status":"publish","type":"post","link":"https:\/\/www.europesays.com\/fr\/318500\/","title":{"rendered":"Keegan Bradley n&rsquo;entend pas reproduire les m\u00eames erreurs qu\u2019\u00e0 Rome"},"content":{"rendered":"<p>\t\t\t\t\t\t<img width=\"770\" height=\"559\" src=\"https:\/\/www.europesays.com\/fr\/wp-content\/uploads\/2025\/08\/afp__20241008__2177448738__v4__highres__rydercup2024yeartogo-770x559.jpg\" class=\"img-responsive wp-post-image\" alt=\"\" decoding=\"async\" fetchpriority=\"high\"  \/>\t\t\t\t\t\t\t<\/p>\n<p>\n\t\t\t\t\t\t\t\tKeegan Bradley avec Luke Donad (\u00e0 droite), le capitaine de l\u2019\u00e9quipe europ\u00e9enne de Ryder Cup\t\t\t\t\t\t\t<\/p>\n<p>\t\t\t\t\t\t Partager cet article <\/p>\n<p class=\"screen-reader-text juiz_sps_maybe_hidden_text\">Partager la publication \u00ab\u00a0Keegan Bradley n\u2019entend pas reproduire les m\u00eames erreurs qu\u2019\u00e0 Rome\u00a0\u00bb<\/p>\n<p><strong>Keegan Bradley, le capitaine de l\u2019\u00e9quipe am\u00e9ricaine de Ryder Cup, a confirm\u00e9 qu\u2019il effectuerait un rassemblement de tout son groupe en amont de la 45e \u00e9dition \u00e0 Bethpage et invite tous ses joueurs \u00e0 prendre le d\u00e9part du Procore Championship programm\u00e9 du 11 au 14 septembre en Californie. Juste avant le duel avec les Europ\u00e9ens !<\/strong><\/p>\n<p>\t\t\t\t\t<a id=\"177181\" href=\"http:\/\/charleskent-golf.com\/andalucia-majors\/\" target=\"_blank\" rel=\"sponsorised nofollow noopener\"><img decoding=\"async\" src=\"data:image\/svg+xml,%3Csvg%20xmlns=\" http:=\"\" class=\"img-responsive\" alt=\"\" data-lazy-src=\"https:\/\/www.europesays.com\/fr\/wp-content\/uploads\/2025\/06\/charleskent-e03-andalucia-majors-1170x275-1.gif\"\/><\/a><\/p>\n<p><strong>Keegan Bradley<\/strong> ne veut pas reproduire les m\u00eames erreurs que son pr\u00e9d\u00e9cesseur, <strong>Zach Johnson<\/strong>, \u00e0 Rome \u00e0 la fin du mois de septembre 2023. Il y a deux ans, l\u2019\u00e9quipe am\u00e9ricaine \u00e9tait en effet arriv\u00e9e en Italie un peu \u00ab rouill\u00e9e \u00bb, apr\u00e8s avoir effectu\u00e9 une longue pause entre la fin des <strong>Playoffs de la FedEx Cup<\/strong> et la 44e <strong>Ryder Cup<\/strong> de l\u2019histoire.<\/p>\n<p>\u00ab On est encore en train de peaufiner tout \u00e7a, mais on va certainement se retrouver avant la Ryder Cup, a d\u00e9clar\u00e9 le capitaine US, en marge du <strong>BMW Championship<\/strong>, la deuxi\u00e8me \u00e9tape des Playoffs de la FedEx Cup 2025. Je ne sais pas si ce sera \u00e0 Bethpage\u2026 \u00bb<\/p>\n<p>\t\t\t\t\t<a id=\"181434\" href=\"https:\/\/www.omegaeuropeanmasters.com\/fr\/tickets\/tickets\" target=\"_blank\" rel=\"sponsorised nofollow noopener\"><img decoding=\"async\" src=\"data:image\/svg+xml,%3Csvg%20xmlns=\" http:=\"\" class=\"img-responsive\" alt=\"\" data-lazy-src=\"https:\/\/www.europesays.com\/fr\/wp-content\/uploads\/2025\/08\/omegamasters-e02-billetterie-om25-1170x275-1.jpg\"\/><\/a><br \/>\nScottie Scheffler en Californie d\u00e9but septembre<\/p>\n<p>Ce \u00ab rassemblement \u00bb en mode commando pourrait s\u2019effectuer au <strong>Procore Championship<\/strong>, \u00e0 Napa, en Californie, h\u00f4te du premier tournoi de la <strong>FedEx Cup Fall<\/strong> pr\u00e9vu du 11 au 14 septembre. Soit deux semaines avant la Ryder Cup dans la banlieue de New York. <strong>Scottie Scheffler<\/strong>, l\u2019incontestable n\u00b01 mondial, a d\u2019ailleurs coch\u00e9 ce tournoi dans son processus de pr\u00e9paration.<\/p>\n<blockquote><p>\nJe pense que si on regarde la derni\u00e8re Ryder Cup, on se rend compte que c\u2019\u00e9tait peut-\u00eatre un peu trop de repos pour nous.<\/p>\n<p>Scottie Scheffler<\/p>\n<\/blockquote>\n<p>\u00ab Nous \u00e9tudions toutes les options pour nous pr\u00e9parer au mieux, ajoute Bradley. La pr\u00e9paration est vraiment diff\u00e9rente de celle que je vivais lorsque je jouais en \u00e9quipe, la semaine suivant le <strong>Tour Championship<\/strong>, donc nous \u00e9changeons des id\u00e9es sur ce qu\u2019il faut faire de mieux. La saison est longue pour les gar\u00e7ons et les Playoffs sont tr\u00e8s \u00e9prouvants, mais ils sont plus motiv\u00e9s que jamais pour \u00eatre pr\u00eats pour ce tournoi. \u00bb<\/p>\n<p>\u00ab Je pense que si on regarde la derni\u00e8re Ryder Cup, on se rend compte que c\u2019\u00e9tait peut-\u00eatre un peu trop de repos pour nous, alerte de son c\u00f4t\u00e9 Scottie Scheffler. C\u2019est une p\u00e9riode difficile. Quand on arrive \u00e0 la fin de la saison du PGA Tour, on est un peu fatigu\u00e9. Avec le calendrier actuel, je pense qu\u2019il reste environ quatre semaines apr\u00e8s le Tour Championship avant la Ryder Cup, ce qui me laisse largement le temps de me reposer tout en restant comp\u00e9titif. Il est important pour moi de sortir et d\u2019encha\u00eener les r\u00e9p\u00e9titions avant la Ryder Cup. J\u2019avais l\u2019impression que la derni\u00e8re fois, c\u2019\u00e9tait peut-\u00eatre un peu trop de repos.\u00a0\u00bb<\/p>\n<p>\t\t\t\t\t<a id=\"181426\" href=\"https:\/\/leclub-golf.com\/fr\/green-fees?online=1&amp;utm_source=golf+planete&amp;utm_medium=referral&amp;utm_campaign=green+fee+en+ligne&amp;utm_id=green+fee+en+ligne_golf+planete_referral_banner\" target=\"_blank\" rel=\"sponsorised nofollow noopener\"><img decoding=\"async\" src=\"data:image\/svg+xml,%3Csvg%20xmlns=\" http:=\"\" class=\"img-responsive\" alt=\"\" data-lazy-src=\"https:\/\/www.europesays.com\/fr\/wp-content\/uploads\/2025\/08\/leclubgolf-e09-effet-classique-1170x275png.png\"\/><\/a><\/p>\n<p>Photo : Andrew Redington \/ GETTY IMAGES NORTH AMERICA \/ Getty Images via AFP<\/p>\n","protected":false},"excerpt":{"rendered":"Keegan Bradley avec Luke Donad (\u00e0 droite), le capitaine de l\u2019\u00e9quipe europ\u00e9enne de Ryder Cup Partager cet article&hellip;\n","protected":false},"author":2,"featured_media":318501,"comment_status":"","ping_status":"","sticky":false,"template":"","format":"standard","meta":{"footnotes":""},"categories":[1418],"tags":[1011,27,1472,60],"class_list":{"0":"post-318500","1":"post","2":"type-post","3":"status-publish","4":"format-standard","5":"has-post-thumbnail","7":"category-golf","8":"tag-fr","9":"tag-france","10":"tag-golf","11":"tag-sports"},"share_on_mastodon":{"url":"https:\/\/pubeurope.com\/@fr\/115026902553558034","error":""},"_links":{"self":[{"href":"https:\/\/www.europesays.com\/fr\/wp-json\/wp\/v2\/posts\/318500","targetHints":{"allow":["GET"]}}],"collection":[{"href":"https:\/\/www.europesays.com\/fr\/wp-json\/wp\/v2\/posts"}],"about":[{"href":"https:\/\/www.europesays.com\/fr\/wp-json\/wp\/v2\/types\/post"}],"author":[{"embeddable":true,"href":"https:\/\/www.europesays.com\/fr\/wp-json\/wp\/v2\/users\/2"}],"replies":[{"embeddable":true,"href":"https:\/\/www.europesays.com\/fr\/wp-json\/wp\/v2\/comments?post=318500"}],"version-history":[{"count":0,"href":"https:\/\/www.europesays.com\/fr\/wp-json\/wp\/v2\/posts\/318500\/revisions"}],"wp:featuredmedia":[{"embeddable":true,"href":"https:\/\/www.europesays.com\/fr\/wp-json\/wp\/v2\/media\/318501"}],"wp:attachment":[{"href":"https:\/\/www.europesays.com\/fr\/wp-json\/wp\/v2\/media?parent=318500"}],"wp:term":[{"taxonomy":"category","embeddable":true,"href":"https:\/\/www.europesays.com\/fr\/wp-json\/wp\/v2\/categories?post=318500"},{"taxonomy":"post_tag","embeddable":true,"href":"https:\/\/www.europesays.com\/fr\/wp-json\/wp\/v2\/tags?post=318500"}],"curies":[{"name":"wp","href":"https:\/\/api.w.org\/{rel}","templated":true}]}}