{"id":318502,"date":"2025-08-14T11:34:09","date_gmt":"2025-08-14T11:34:09","guid":{"rendered":"https:\/\/www.europesays.com\/fr\/318502\/"},"modified":"2025-08-14T11:34:09","modified_gmt":"2025-08-14T11:34:09","slug":"international-ils-savent-quils-nauront-plus-jamais-a-se-soucier-dargent-la-ligue-rebelle-redoutee-par-trois-all-blacks-marquants","status":"publish","type":"post","link":"https:\/\/www.europesays.com\/fr\/318502\/","title":{"rendered":"International &#8211; \u00ab\u00a0Ils savent qu&rsquo;ils n&rsquo;auront plus jamais \u00e0 se soucier d&rsquo;argent\u00a0\u00bb : la ligue rebelle redout\u00e9e par trois All Blacks marquants"},"content":{"rendered":"<p>\n                Trois anciens All Blacks qui ont marqu\u00e9 leur \u00e9poque, Muliaina, Wilson et Marshall, ont r\u00e9agi \u00e0 la ligue dissidente R360 qui s&rsquo;appr\u00eate \u00e0 bouleverser le rugby tel qu&rsquo;on le conna\u00eet.\n            <\/p>\n<p>The Breakdown a sorti un nouveau num\u00e9ro. Cette \u00e9mission de Sky Sport, que l&rsquo;on peut retrouver sur les r\u00e9seaux de la f\u00e9d\u00e9ration n\u00e9o-z\u00e9landaise, s&rsquo;\u00e9tait fait conna\u00eetre, de ce c\u00f4t\u00e9 du globe, il y a un peu plus d&rsquo;un mois pour avoir regrett\u00e9 que le XV de France vienne avec un groupe remani\u00e9 en tourn\u00e9e, pour affronter les All Blacks.<\/p>\n<blockquote><p>\nC&rsquo;est un probl\u00e8me que World Rugby doit prendre \u00e0 bras le corps\n<\/p><\/blockquote>\n<p>Ce dimanche, les d\u00e9bats tournaient forc\u00e9ment autour du Rugby Championship, qui d\u00e9marre ce samedi, de l&rsquo;\u00e9quipe n\u00e9o-z\u00e9landaise qui allait d\u00e9marrer face \u00e0 l&rsquo;Argentine (23h10 heure\u00a0fran\u00e7aise), et notamment du poste d&rsquo;ouvreur, o\u00f9 Richie Mo&rsquo;unga effectue son retour. Mais surtout, la discussion a \u00e9t\u00e9 vive quant il a \u00e9t\u00e9 question du R360. Cette ligue rebelle et internationale, repr\u00e9sent\u00e9e par Mike Tindall et soutenue des fonds importants, continue de menacer l&rsquo;\u00e9cosyst\u00e8me rugbystique tel qu&rsquo;on le conna\u00eet.<\/p>\n<p>    Le R360 en bref<\/p>\n<ul>\n<li>12 franchises, bas\u00e9es sur trois continents au moins<\/li>\n<li>Quelques-uns des meilleurs joueurs du monde : 140 auraient donn\u00e9 leur accord de principe, dont dix membres actifs de la s\u00e9lection anglaise (Mail Online)<\/li>\n<li>plusieurs semaines de comp\u00e9tition, entre septembre et d\u00e9cembre 2026 (pour la premi\u00e8re \u00e9dition).<\/li>\n<\/ul>\n<p><a href=\"https:\/\/www.rugbyrama.fr\/2025\/07\/31\/transferts-quest-ce-que-le-r-360-cette-future-ligue-dissidente-qui-voudrait-attirer-des-internationaux-francais-12853999.php\" target=\"_self\" rel=\"nofollow noopener\"><strong>Le R360 en d\u00e9tail, expliqu\u00e9 ici<\/strong><\/a>.<\/p>\n<p>Ainsi, le plateau de Sky Sport s&rsquo;est pench\u00e9 sur cette question. Mils Muliaina (100 s\u00e9lections avec les Blacks de 2001 \u00e0 2011) livrait ce regard :\u00a0\u00ab\u00a0C&rsquo;est vraiment un bouleversement dans notre sport et il semble que le projet ait les reins solides. Il y a quelques mois, on n&rsquo;aurait jamais pens\u00e9 que \u00e7a sortirait vraiment de terre.\u00a0\u00bb De quoi poser la responsabilit\u00e9 de l&rsquo;instance mondiale : \u00ab\u00a0World Rugby va se faire du souci, les diff\u00e9rentes comp\u00e9titions aussi. Ils ont d\u00e9j\u00e0 recrut\u00e9 plusieurs joueurs. En plein pendant le Super Rugby, qu&rsquo;est-ce que tout \u00e7a va donner ? Si j&rsquo;\u00e9tais World Rugby, je me ferais du souci.\u00a0\u00bb<\/p>\n<p>Jeff Wilson, arri\u00e8re\/ailier entre 1993 et 2001 (60 s\u00e9lections), \u00e9tait plus cat\u00e9gorique :\u00a0\u00ab\u00a0Cela d\u00e9truirait tout simplement chaque comp\u00e9tition \u00e0 travers le monde parce qu&rsquo;elles sont sur les m\u00eames fen\u00eatres. On comprend qu&rsquo;ils doivent jouer en m\u00eame temps que le Top 14, la Japan Rugby League One et le Super Rugby. Tout \u00e0 coup, des \u00e9quipes enti\u00e8res de joueurs se retrouveront d\u00e9munies.\u00a0\u00bb L&rsquo;impact se situe non seulement sur le chevauchement des comp\u00e9titions, mais surtout sur le recrutement selon lui : \u00ab\u00a0Ils cherchent de la cr\u00e9dibilit\u00e9, c&rsquo;est pourquoi ils s&rsquo;attaquent aux meilleurs \u00e9l\u00e9ments de Nouvelle-Z\u00e9lande, d&rsquo;Afrique du Sud, d&rsquo;Australie&#8230; C&rsquo;est un probl\u00e8me que World Rugby doit prendre \u00e0 bras le corps. C&rsquo;est d&rsquo;ailleurs leur plus grand d\u00e9fi pour prouver leur professionnalisme.\u00a0\u00bb<\/p>\n<p>Justin Marshall am\u00e8ne la comparaison au golf, quand le LIV Golf avait oeuvr\u00e9 de la m\u00eame mani\u00e8re, en d\u00e9bauchant nombre de top golfeurs sur le plan mondial du PGA Tour, afin de les rallier au tr\u00e8s r\u00e9mun\u00e9rateur projet venu d&rsquo;Arabie Saoudite. \u00ab\u00a0\u00c7a va avoir un impact colossal sur le rugby international. Parce qu&rsquo;il s&rsquo;agit de sommes bien plus cons\u00e9quentes que celles qui convainquent actuellement les Mo&rsquo;unga, Barrett&#8230; Oui, ce sont des belles sommes mais ce ne sont pas celles propos\u00e9es ici. Au fond, ils peuvent toujours jouer \u00e0 un niveau comp\u00e9titif mais ils savent qu&rsquo;ils n&rsquo;auront plus jamais \u00e0 se soucier d&rsquo;argent.\u00a0\u00bb\u00a0Des avis convergents qui conduisent \u00e0 prendre un peu plus au s\u00e9rieux ce projet novateur&#8230;<\/p>\n","protected":false},"excerpt":{"rendered":"Trois anciens All Blacks qui ont marqu\u00e9 leur \u00e9poque, Muliaina, Wilson et Marshall, ont r\u00e9agi \u00e0 la ligue&hellip;\n","protected":false},"author":2,"featured_media":318503,"comment_status":"","ping_status":"","sticky":false,"template":"","format":"standard","meta":{"footnotes":""},"categories":[1416],"tags":[1011,27,479,1468,60],"class_list":{"0":"post-318502","1":"post","2":"type-post","3":"status-publish","4":"format-standard","5":"has-post-thumbnail","7":"category-rugby","8":"tag-fr","9":"tag-france","10":"tag-rugby","11":"tag-rugby-football","12":"tag-sports"},"share_on_mastodon":{"url":"https:\/\/pubeurope.com\/@fr\/115026910437389122","error":""},"_links":{"self":[{"href":"https:\/\/www.europesays.com\/fr\/wp-json\/wp\/v2\/posts\/318502","targetHints":{"allow":["GET"]}}],"collection":[{"href":"https:\/\/www.europesays.com\/fr\/wp-json\/wp\/v2\/posts"}],"about":[{"href":"https:\/\/www.europesays.com\/fr\/wp-json\/wp\/v2\/types\/post"}],"author":[{"embeddable":true,"href":"https:\/\/www.europesays.com\/fr\/wp-json\/wp\/v2\/users\/2"}],"replies":[{"embeddable":true,"href":"https:\/\/www.europesays.com\/fr\/wp-json\/wp\/v2\/comments?post=318502"}],"version-history":[{"count":0,"href":"https:\/\/www.europesays.com\/fr\/wp-json\/wp\/v2\/posts\/318502\/revisions"}],"wp:featuredmedia":[{"embeddable":true,"href":"https:\/\/www.europesays.com\/fr\/wp-json\/wp\/v2\/media\/318503"}],"wp:attachment":[{"href":"https:\/\/www.europesays.com\/fr\/wp-json\/wp\/v2\/media?parent=318502"}],"wp:term":[{"taxonomy":"category","embeddable":true,"href":"https:\/\/www.europesays.com\/fr\/wp-json\/wp\/v2\/categories?post=318502"},{"taxonomy":"post_tag","embeddable":true,"href":"https:\/\/www.europesays.com\/fr\/wp-json\/wp\/v2\/tags?post=318502"}],"curies":[{"name":"wp","href":"https:\/\/api.w.org\/{rel}","templated":true}]}}