{"id":318504,"date":"2025-08-14T11:35:10","date_gmt":"2025-08-14T11:35:10","guid":{"rendered":"https:\/\/www.europesays.com\/fr\/318504\/"},"modified":"2025-08-14T11:35:10","modified_gmt":"2025-08-14T11:35:10","slug":"atp-cincinnati-la-journee-tres-speciale-de-zverev","status":"publish","type":"post","link":"https:\/\/www.europesays.com\/fr\/318504\/","title":{"rendered":"ATP &#8211; Cincinnati > La journ\u00e9e tr\u00e8s sp\u00e9ciale\u00a0de\u00a0Zverev"},"content":{"rendered":"<p>Alexander Zverev a connu un mercredi 13 ao\u00fbt pas comme les autres.<\/p>\n<p>En effet, l\u2019Allemand s\u2019est impos\u00e9 lors de ses deux matchs de la journ\u00e9e.<\/p>\n<p>Dans un premier temps, il est revenu apr\u00e8s l\u2019interruption de son match contre Brandon Nakashima pour remporter un seul et unique jeu pour conclure la partie.<\/p>\n<p>Lors de la conf\u00e9\u00adrence de presse d\u2019apr\u00e8s\u2010match, il est revenu sur ses sensa\u00adtions apr\u00e8s cette journ\u00e9e\u00a0:<\/p>\n<p><strong>\u00ab\u202fCe n\u2019est jamais agr\u00e9able de terminer un match \u00e0 5\u20134 quand on sert pour le match. Mais je me suis dit que mon adver\u00adsaire \u00e9tait dans une situa\u00adtion pire. Et donc, ce fut une bonne journ\u00e9e de travail, deux victoires en une\u00a0seule.\u202f\u00bb<\/strong><\/p>\n<p>Lors de son second match de la journ\u00e9e, pour atteindre les quarts de finale, il s\u2019est impos\u00e9 par abandon contre Karen Khachanov, 7\u20135, 3\u20130.<\/p>\n<p>Il va d\u00e9sor\u00admais b\u00e9n\u00e9\u00adfi\u00adcier d\u2019un jour de repos qui lui fera le plus grand bien, en atten\u00addant de conna\u00eetre son adver\u00adsaire en quarts de finale du Masters 1000 de Cincinnati\u00a0: le vain\u00adqueur du match entre Shelton et Lehecka.<\/p>\n<p class=\"post-published-date\" style=\"color: silver; font-size: 75%; text-align: left;\">Publi\u00e9 le jeudi 14 ao\u00fbt 2025 \u00e0 11:45<\/p>\n","protected":false},"excerpt":{"rendered":"Alexander Zverev a connu un mercredi 13 ao\u00fbt pas comme les autres. En effet, l\u2019Allemand s\u2019est impos\u00e9 lors&hellip;\n","protected":false},"author":2,"featured_media":263580,"comment_status":"","ping_status":"","sticky":false,"template":"","format":"standard","meta":{"footnotes":""},"categories":[1415],"tags":[1011,27,5442,60,1467,4542],"class_list":{"0":"post-318504","1":"post","2":"type-post","3":"status-publish","4":"format-standard","5":"has-post-thumbnail","7":"category-tennis","8":"tag-fr","9":"tag-france","10":"tag-khachanov","11":"tag-sports","12":"tag-tennis","13":"tag-zverev"},"share_on_mastodon":{"url":"https:\/\/pubeurope.com\/@fr\/115026914374173687","error":""},"_links":{"self":[{"href":"https:\/\/www.europesays.com\/fr\/wp-json\/wp\/v2\/posts\/318504","targetHints":{"allow":["GET"]}}],"collection":[{"href":"https:\/\/www.europesays.com\/fr\/wp-json\/wp\/v2\/posts"}],"about":[{"href":"https:\/\/www.europesays.com\/fr\/wp-json\/wp\/v2\/types\/post"}],"author":[{"embeddable":true,"href":"https:\/\/www.europesays.com\/fr\/wp-json\/wp\/v2\/users\/2"}],"replies":[{"embeddable":true,"href":"https:\/\/www.europesays.com\/fr\/wp-json\/wp\/v2\/comments?post=318504"}],"version-history":[{"count":0,"href":"https:\/\/www.europesays.com\/fr\/wp-json\/wp\/v2\/posts\/318504\/revisions"}],"wp:featuredmedia":[{"embeddable":true,"href":"https:\/\/www.europesays.com\/fr\/wp-json\/wp\/v2\/media\/263580"}],"wp:attachment":[{"href":"https:\/\/www.europesays.com\/fr\/wp-json\/wp\/v2\/media?parent=318504"}],"wp:term":[{"taxonomy":"category","embeddable":true,"href":"https:\/\/www.europesays.com\/fr\/wp-json\/wp\/v2\/categories?post=318504"},{"taxonomy":"post_tag","embeddable":true,"href":"https:\/\/www.europesays.com\/fr\/wp-json\/wp\/v2\/tags?post=318504"}],"curies":[{"name":"wp","href":"https:\/\/api.w.org\/{rel}","templated":true}]}}