{"id":318507,"date":"2025-08-14T11:38:11","date_gmt":"2025-08-14T11:38:11","guid":{"rendered":"https:\/\/www.europesays.com\/fr\/318507\/"},"modified":"2025-08-14T11:38:11","modified_gmt":"2025-08-14T11:38:11","slug":"mclaren-va-vendre-aux-encheres-ses-voitures-de-course-avant-quelles-ne-courent","status":"publish","type":"post","link":"https:\/\/www.europesays.com\/fr\/318507\/","title":{"rendered":"McLaren va vendre aux ench\u00e8res ses voitures de course avant qu&rsquo;elles ne courent"},"content":{"rendered":"<p>La vente aux ench\u00e8res, organis\u00e9e en collaboration avec la maison RM Sotheby\u2019s, est un v\u00e9ritable pari sur l\u2019avenir. En effet, les acheteurs ne pourront pas faire monter les ench\u00e8res en se basant sur le pedigree des v\u00e9hicules en question, puisqu\u2019ils n\u2019auront encore jamais pris la piste \u00e0 ce moment pr\u00e9cis ! Les acheteurs pourront notamment ench\u00e9rir sur la <a href=\"https:\/\/www.autohebdo.fr\/actualites\/f1\" data-internallinksmanager029f6b8e52c=\"1\" title=\"F1\" target=\"_blank\" rel=\"noopener\">Formule 1<\/a> qui sera engag\u00e9e par <a href=\"https:\/\/www.autohebdo.fr\/actualites\/ecurie\/mclaren\" data-internallinksmanager029f6b8e52c=\"76\" title=\"Ecurie F1 McLaren Racing\" target=\"_blank\" rel=\"noopener\">McLaren<\/a> en 2026, et pilot\u00e9e par <a href=\"https:\/\/www.autohebdo.fr\/pilote\/f1\/lando-norris\" data-internallinksmanager029f6b8e52c=\"11\" title=\"Lando Norris\" target=\"_blank\" rel=\"noopener\">Lando Norris<\/a> et <a href=\"https:\/\/www.autohebdo.fr\/pilote\/f1\/oscar-piastri\" data-internallinksmanager029f6b8e52c=\"96\" title=\"Oscar Piastri\" target=\"_blank\" rel=\"noopener\">Oscar Piastri<\/a>.<\/p>\n<\/p>\n<p>Seront \u00e9galement mises aux ench\u00e8res, la voiture avec laquelle Pato O\u2019Ward tentera de se qualifier aux 500 Miles d\u2019Indianapolis 2026, et le prototype Hypercar de McLaren, qui fera ses d\u00e9buts en Championnat du monde d\u2019<a href=\"https:\/\/www.autohebdo.fr\/actualites\/endurance\" data-internallinksmanager029f6b8e52c=\"55\" title=\"Endurance\" target=\"_blank\" rel=\"noopener\">Endurance<\/a> et aux <a href=\"https:\/\/www.autohebdo.fr\/actualites\/endurance\/wec\/24-h-le-mans\" data-internallinksmanager029f6b8e52c=\"56\" title=\"24h du mans\" target=\"_blank\" rel=\"noopener\">24 Heures du Mans<\/a> en 2027. Trois voitures qui symbolisent l\u2019objectif de McLaren, qui est de remporter les trois courses de la \u00ab Triple Couronne \u00bb la m\u00eame ann\u00e9e.<\/p>\n<p>\u00ab Cette vente aux ench\u00e8res est une occasion extraordinaire de poss\u00e9der un morceau de l\u2019histoire de la course automobile et d\u2019ench\u00e9rir pour une voiture qui a concouru sur circuit avant son lancement officiel \u00bb, a expliqu\u00e9 Zak Brown, PDG de McLaren Racing. \u00ab La Triple Couronne fait partie int\u00e9grante de notre h\u00e9ritage et nous sommes d\u00e9termin\u00e9s \u00e0 la remporter \u00e0 nouveau alors que nous pr\u00e9parons notre entr\u00e9e dans le Championnat du monde d\u2019Endurance en 2027. De plus, ces voitures incroyables seront accompagn\u00e9es d\u2019un acc\u00e8s VIP sans pr\u00e9c\u00e9dent \u00e0 l\u2019\u00e9quipe et \u00e0 l\u2019action sur la piste. \u00bb<\/p>\n<p>Les acqu\u00e9reurs ne pourront logiquement r\u00e9ceptionner leurs achats qu\u2019au moment o\u00f9 les voitures auront cess\u00e9 de concourir. La Formule 1 devrait logiquement \u00eatre la premi\u00e8re machine disponible, puisqu\u2019elle ne participera qu\u2019au championnat 2026, tandis que l\u2019<a href=\"https:\/\/www.autohebdo.fr\/actualites\/monoplace\/indycar\" data-internallinksmanager029f6b8e52c=\"3\" title=\"Indycar\" target=\"_blank\" rel=\"noopener\">IndyCar<\/a> pourra \u00eatre utilis\u00e9e jusqu\u2019en 2027, date \u00e0 laquelle l\u2019Hypercar de McLaren, qui n\u2019a pas encore \u00e9t\u00e9 officiellement baptis\u00e9e, entrera en comp\u00e9tition, en principe pour plusieurs ann\u00e9es.<\/p>\n<p><strong>\u00c0 LIRE AUSSI &gt; <a href=\"https:\/\/www.autohebdo.fr\/actualites\/f1\/la-fia-repond-aux-doutes-concernant-le-reglement-2026-en-f1-le-produit-nest-pas-encore-termine.html\" target=\"_blank\" rel=\"noopener\">La FIA r\u00e9pond aux doutes concernant le r\u00e8glement 2026 en F1 : \u00ab Le produit n\u2019est pas encore termin\u00e9 \u00bb<\/a><\/strong><\/p>\n","protected":false},"excerpt":{"rendered":"La vente aux ench\u00e8res, organis\u00e9e en collaboration avec la maison RM Sotheby\u2019s, est un v\u00e9ritable pari sur l\u2019avenir.&hellip;\n","protected":false},"author":2,"featured_media":318508,"comment_status":"","ping_status":"","sticky":false,"template":"","format":"standard","meta":{"footnotes":""},"categories":[1412],"tags":[1451,1452,1453,1454,1455,1011,27,23056,4475,60,12993],"class_list":{"0":"post-318507","1":"post","2":"type-post","3":"status-publish","4":"format-standard","5":"has-post-thumbnail","7":"category-f1","8":"tag-f1","9":"tag-formula-1","10":"tag-formula1","11":"tag-formule-1","12":"tag-formule1","13":"tag-fr","14":"tag-france","15":"tag-indycar","16":"tag-mclaren","17":"tag-sports","18":"tag-wec"},"share_on_mastodon":{"url":"https:\/\/pubeurope.com\/@fr\/115026926917926174","error":""},"_links":{"self":[{"href":"https:\/\/www.europesays.com\/fr\/wp-json\/wp\/v2\/posts\/318507","targetHints":{"allow":["GET"]}}],"collection":[{"href":"https:\/\/www.europesays.com\/fr\/wp-json\/wp\/v2\/posts"}],"about":[{"href":"https:\/\/www.europesays.com\/fr\/wp-json\/wp\/v2\/types\/post"}],"author":[{"embeddable":true,"href":"https:\/\/www.europesays.com\/fr\/wp-json\/wp\/v2\/users\/2"}],"replies":[{"embeddable":true,"href":"https:\/\/www.europesays.com\/fr\/wp-json\/wp\/v2\/comments?post=318507"}],"version-history":[{"count":0,"href":"https:\/\/www.europesays.com\/fr\/wp-json\/wp\/v2\/posts\/318507\/revisions"}],"wp:featuredmedia":[{"embeddable":true,"href":"https:\/\/www.europesays.com\/fr\/wp-json\/wp\/v2\/media\/318508"}],"wp:attachment":[{"href":"https:\/\/www.europesays.com\/fr\/wp-json\/wp\/v2\/media?parent=318507"}],"wp:term":[{"taxonomy":"category","embeddable":true,"href":"https:\/\/www.europesays.com\/fr\/wp-json\/wp\/v2\/categories?post=318507"},{"taxonomy":"post_tag","embeddable":true,"href":"https:\/\/www.europesays.com\/fr\/wp-json\/wp\/v2\/tags?post=318507"}],"curies":[{"name":"wp","href":"https:\/\/api.w.org\/{rel}","templated":true}]}}