{"id":318509,"date":"2025-08-14T11:39:11","date_gmt":"2025-08-14T11:39:11","guid":{"rendered":"https:\/\/www.europesays.com\/fr\/318509\/"},"modified":"2025-08-14T11:39:11","modified_gmt":"2025-08-14T11:39:11","slug":"madiot-preoccupe-apres-le-transfert-devenepoel","status":"publish","type":"post","link":"https:\/\/www.europesays.com\/fr\/318509\/","title":{"rendered":"Madiot pr\u00e9occup\u00e9 apr\u00e8s le transfert d&rsquo;Evenepoel"},"content":{"rendered":"<p class=\"date\">\n                                                            Emmanuel LANGELLIER, Media365 : publi\u00e9 le jeudi 14 ao\u00fbt 2025 \u00e0 12h20\n                                                    <\/p>\n<p>Marc Madiot, manager fran\u00e7ais de l&rsquo;\u00e9quipe Groupama-FDJ, est inquiet suite au passage de Remco Evenepoel vers l&rsquo;\u00e9quipe Red Bull Bora Hansgrohe.<\/p>\n<p>L&rsquo;\u00e9t\u00e9 a \u00e9t\u00e9 anim\u00e9 en cyclisme. Tadej Pogacar a remport\u00e9 le Tour de France, d\u00e9crochant une 4e couronne comme on pouvait s&rsquo;y attendre, en \u00e9tant royal sur les routes de la Grande Boucle. 3e en 2024, Remco Evenepoel avait lui quitt\u00e9 la course lors de la 14e \u00e9tape. L&rsquo;\u00e9t\u00e9 a ensuite \u00e9t\u00e9 marqu\u00e9 par l&rsquo;annonce du <a href=\"https:\/\/sports.orange.fr\/cyclisme\/article\/red-bull-bora-hansgrohe-evenepoel-rejoint-lipowitz-CNT000002jVdxN.html\" rel=\"nofollow noopener\" target=\"_blank\"> transfert du jeune Belge de la Soudal-Quick Step vers Red Bull Bora Hansgrohe <\/a>. Une d\u00e9flagration dans le monde du cyclisme et <a href=\"https:\/\/sports.orange.fr\/cyclisme\/article\/red-bull-bora-hansgrohe-evenepoel-va-devenir-le-deuxieme-coureur-le-mieux-paye-au-monde-CNT000002k75O5.html\" rel=\"nofollow noopener\" target=\"_blank\"> un mouvement <\/a> qui pr\u00e9occupe. Marc Madiot a fait part de son inqui\u00e9tude dans L&rsquo;Humanit\u00e9 avec son franc-parler habituel. \u00ab Je ne suis pas le seul \u00e0 \u00eatre inquiet. M\u00eame Patrick Lefev\u00e8re, l&rsquo;ancien patron d&rsquo;Evenepoel est inquiet. Il y a dor\u00e9navant une concentration des moyens financiers et des effectifs dans seulement quelques \u00e9quipes. Si on prend les 100 premiers coureurs du classement mondial, on en a 90 qui se concentrent sur 4 \u00e0 5 \u00e9quipes. Cela va devenir compliqu\u00e9 pour les deux tiers du peloton \u00bb, l\u00e2che le <a href=\"https:\/\/sports.orange.fr\/cyclisme\/tour-de-france\/les-francais\/article\/tour-de-france-madiot-attend-plus-de-ses-coureurs-exclu-CNT000002jIuT0.html\" rel=\"nofollow noopener\" target=\"_blank\"> manager fran\u00e7ais de l&rsquo;\u00e9quipe Groupama-FDJ <\/a>.<\/p>\n<p>\u00ab Ces tr\u00e8s grosses formations vont cr\u00e9er un d\u00e9s\u00e9quilibre \u00bb<\/p>\n<p>\u00ab Si l&rsquo;on prend l&rsquo;\u00e9quipe UAE de Tadej Pogacar sur les 30 coureurs, il y a 20 leaders qui pourraient l&rsquo;\u00eatre dans d&rsquo;autres \u00e9quipes. Les budgets de ces \u00e9quipes sont tels que tout leur est permis \u00bb, ajoute l&rsquo;ancien coureur qui estime que \u00ab ces tr\u00e8s grosses formations vont cr\u00e9er un d\u00e9s\u00e9quilibre. Les plus petites \u00e9quipes ne pourront pas suivre, exister sportivement et dispara\u00eetront. M\u00eame le syst\u00e8me \u00e9conomique des courses va en p\u00e2tir. Si on enl\u00e8ve les gros organisateurs de courses comme ASO, RCS ou Flanders, que vont devenir ceux qui organisent de plus petites courses ? \u00bb.<\/p>\n<p>\u00ab\u00a0Que l&rsquo;Union cycliste bouge enfin ! \u00bb<\/p>\n<p>Le dirigeant fran\u00e7ais propose quelques solutions pour stopper cette inflation : \u00ab Instaurer un budget cap pour les \u00e9quipes. Un m\u00eame budget pour tout le monde. On peut aussi instaurer un salary cap pour l&rsquo;achat d&rsquo;un coureur. On pourrait \u00e9galement imaginer, au niveau social, que toutes les formations soient sur le m\u00eame mod\u00e8le \u00e9conomique et dans le m\u00eame pays. \u00bb Madiot, d\u00e9pit\u00e9 devant le d\u00e9part des jeunes talents tricolores vers ces mastodontes, conclut l&rsquo;entretien en esp\u00e9rant que \u00ab l&rsquo;Union cycliste bouge enfin ! \u00bb<\/p>\n","protected":false},"excerpt":{"rendered":"Emmanuel LANGELLIER, Media365 : publi\u00e9 le jeudi 14 ao\u00fbt 2025 \u00e0 12h20 Marc Madiot, manager fran\u00e7ais de l&rsquo;\u00e9quipe&hellip;\n","protected":false},"author":2,"featured_media":318510,"comment_status":"","ping_status":"","sticky":false,"template":"","format":"standard","meta":{"footnotes":""},"categories":[1411],"tags":[1154,207,1011,27,60],"class_list":{"0":"post-318509","1":"post","2":"type-post","3":"status-publish","4":"format-standard","5":"has-post-thumbnail","7":"category-cyclisme","8":"tag-cycling","9":"tag-cyclisme","10":"tag-fr","11":"tag-france","12":"tag-sports"},"share_on_mastodon":{"url":"https:\/\/pubeurope.com\/@fr\/115026930098985264","error":""},"_links":{"self":[{"href":"https:\/\/www.europesays.com\/fr\/wp-json\/wp\/v2\/posts\/318509","targetHints":{"allow":["GET"]}}],"collection":[{"href":"https:\/\/www.europesays.com\/fr\/wp-json\/wp\/v2\/posts"}],"about":[{"href":"https:\/\/www.europesays.com\/fr\/wp-json\/wp\/v2\/types\/post"}],"author":[{"embeddable":true,"href":"https:\/\/www.europesays.com\/fr\/wp-json\/wp\/v2\/users\/2"}],"replies":[{"embeddable":true,"href":"https:\/\/www.europesays.com\/fr\/wp-json\/wp\/v2\/comments?post=318509"}],"version-history":[{"count":0,"href":"https:\/\/www.europesays.com\/fr\/wp-json\/wp\/v2\/posts\/318509\/revisions"}],"wp:featuredmedia":[{"embeddable":true,"href":"https:\/\/www.europesays.com\/fr\/wp-json\/wp\/v2\/media\/318510"}],"wp:attachment":[{"href":"https:\/\/www.europesays.com\/fr\/wp-json\/wp\/v2\/media?parent=318509"}],"wp:term":[{"taxonomy":"category","embeddable":true,"href":"https:\/\/www.europesays.com\/fr\/wp-json\/wp\/v2\/categories?post=318509"},{"taxonomy":"post_tag","embeddable":true,"href":"https:\/\/www.europesays.com\/fr\/wp-json\/wp\/v2\/tags?post=318509"}],"curies":[{"name":"wp","href":"https:\/\/api.w.org\/{rel}","templated":true}]}}