{"id":318515,"date":"2025-08-14T11:42:37","date_gmt":"2025-08-14T11:42:37","guid":{"rendered":"https:\/\/www.europesays.com\/fr\/318515\/"},"modified":"2025-08-14T11:42:37","modified_gmt":"2025-08-14T11:42:37","slug":"a-batz-sur-mer-jean-et-soizik-freour-resteront-graves-dans-la-pierre-ouest-france","status":"publish","type":"post","link":"https:\/\/www.europesays.com\/fr\/318515\/","title":{"rendered":"\u00c0 Batz-sur-Mer, Jean et Soizik Fr\u00e9our resteront grav\u00e9s dans la pierre &#8211; Ouest-France"},"content":{"rendered":"<ol>\n<li><a href=\"https:\/\/news.google.com\/rss\/articles\/CBMi_gFBVV95cUxNZ05KTEwwbEpZRFNfTmFkX2ZMdnM0OFlKNkM5NnFQcGY0a3lKN3U2N2drZEQ4MV9uLWxla0RWek1ITjlKeEw4T1RTSlVheF9PRTdZMjZPR2w3MFgxX0owYmdsM2tsQXJDUk1mbFNWakpLSXlCSjRWdW55WmlaNUxrNjFneUxSbFJQSGtER2NvQURtMEtJWWJidDBuX2NpUU91QWE0dlJ2QURHLV9SQ25mNTk4dFNYbDV4dnlTQXBsbElsQVJBS1RydE1IaGhkcnBVSF9UcVgySTVDdVFpbW5pa2ZPZTlBRVE2NHJBZkRVTG14ZVNHOTJoN25VNUxvQQ?oc=5\" target=\"_blank\" rel=\"nofollow noopener\">\u00c0 Batz-sur-Mer, Jean et Soizik Fr\u00e9our resteront grav\u00e9s dans la pierre<\/a>&nbsp;&nbsp;Ouest-France<\/li>\n<li><a href=\"https:\/\/news.google.com\/rss\/articles\/CBMilgJBVV95cUxQNmJqRHd4cVJJaWhpZURuWHVVS1VRYUQ5UE92SGRSbk1vdmtGZmdzc2ptajFpZnhCd2JCelVQLWpFMHZILVVOb3dsRTZyNFIwSE1PMmsxUnQwR09hZkdyX0xYSzBrSy1PMEcwU2FwYWc5SzhrdkR6RzFEQzBBdmN2WTR6OXpzNWJjT1h2d3FKOExuZGdwM3hNRzJsTEpnUnRGLUJ5X3ExOEt1NWZyWGtobnNhbUhTUVBuSVlwMnR3dTRnZTgyZ0hGaFVaVWI4QUtvcGlQcFVaWnJTcUkzUll4VVRKcVZ4VXBNUF9DdEF6eXNHQnBUeVQ1SVAxSGFtclVvN1hEZ3Q3OFZidmZIM0R0bHIzQklTUQ?oc=5\" target=\"_blank\" rel=\"nofollow noopener\">Le parc en hommage au sculpteur Jean Fr\u00e9our et son \u00e9pouse Soazik inaugur\u00e9 \u00e0 Batz-sur-Mer<\/a>&nbsp;&nbsp;France 3 R\u00e9gions<\/li>\n<li><a href=\"https:\/\/news.google.com\/rss\/articles\/CBMi9AFBVV95cUxQYnBDd1NOOXdreF9fa1YtLVljWkVfNkI1ejdGX2wteW9RMjVCb1ViTXdNS2xXUDFVMHFYZ2J3c1NqOTJXeWtsbklCM3d2dVo5dVJIUGVoODl6ZVRsWkNhX1hYeVpmQVA3UUpzdnc2aF9XWE9rOE55TThKTmV6QjNvSnUtdDlpYlFYOWk4T05PMXFxWERndVFRTDJRb2ZQd1hOMjN5aDhhSkdDck9KOExHMmdmRGFvcWlLcy1ybDJ3a0tTT0xIVloxb3lQVXRILXRxWThfTjFUcVdJb3ZPRUhLZmNqLUR0MUxFdjNMTm5ZWTJWUE9k?oc=5\" target=\"_blank\" rel=\"nofollow noopener\">\u00c0 Batz-sur-Mer, ouverture d\u2019un parc en hommage au couple Fr\u00e9our<\/a>&nbsp;&nbsp;Ouest-France<\/li>\n<li><a href=\"https:\/\/news.google.com\/rss\/articles\/CBMi8AFBVV95cUxNU2tRV2wyUnZ4cUVPaV93ZjJveHZmLXYxMWdzUWJTRWR1eW50X3JkYmpCYnh6b0dFNDVrbUZQb1ZRd2Y5bFp0dGJKMVZMX1hIQjNPUEV0cnA2OU9pcDBhV3BlZXozZzlsLV8xV0hndEsxZ0stY0ZTeHNhdjNZSEpUWnY5RDU0RWowVXRuQVVxdXVwY3BpZGlEWnFZMVZPSmllTDZRNnk5d3psczZ6RGk0Y1JJUXIxNU8zM1d2cHBGSFBYQ1kzazZ3WXlaSjZWUmQ4LUhHVUszSHM0bjRVdEhCZm56cjhsWXA5d25QaXZGUWk?oc=5\" target=\"_blank\" rel=\"nofollow noopener\">Un nouveau parc en hommage au couple Fr\u00e9our \u00e0 Batz-sur-Mer<\/a>&nbsp;&nbsp;Ouest-France<\/li>\n<li><a href=\"https:\/\/news.google.com\/rss\/articles\/CBMi_wFBVV95cUxPOFpPaTZOTjRuQXBPZjBpTGhmd0FwZmJXUklmSzU5OGdzaE1YWjNiSmhlS2I5MjBSUUNsc05yT2N4TTBscmhwTXZUZEk2eUJIZEJPQXc4SlZGOXJBOUFsM0JWdnA5MVJnbF9fV3RfajAzMVRkTllIOFVYZUVfdGJuWGphQ3pma3J6UlZIT2V4RkNxODB1alFNb1lXX09OVWloM29ScWxWUTFFYlJqRzdjemhrV19vQXlaZnQ1amtHOUgyd0ZsTk5qMEIycVYxemVQSHhlVkhTWDFld0RJdFVTLVNGWGxOSDN6UEVPMWNhNndqOHhXeWFKOEk3cUJFSXM?oc=5\" target=\"_blank\" rel=\"nofollow noopener\">Dans le granit breton, Aymeric Louvet a cisel\u00e9 un hommage au sculpteur Jean Fr\u00e9our et sa muse<\/a>&nbsp;&nbsp;Ouest-France<\/li>\n<\/ol>\n","protected":false},"excerpt":{"rendered":"\u00c0 Batz-sur-Mer, Jean et Soizik Fr\u00e9our resteront grav\u00e9s dans la pierre&nbsp;&nbsp;Ouest-France Le parc en hommage au sculpteur Jean&hellip;\n","protected":false},"author":2,"featured_media":1445,"comment_status":"","ping_status":"","sticky":false,"template":"","format":"standard","meta":{"footnotes":""},"categories":[1358],"tags":[1348,1384,1385,1386,58,59,1011,27],"class_list":{"0":"post-318515","1":"post","2":"type-post","3":"status-publish","4":"format-standard","5":"has-post-thumbnail","7":"category-arts-et-design","8":"tag-arts","9":"tag-arts-and-design","10":"tag-arts-et-design","11":"tag-design","12":"tag-divertissement","13":"tag-entertainment","14":"tag-fr","15":"tag-france"},"share_on_mastodon":{"url":"https:\/\/pubeurope.com\/@fr\/115026941942584512","error":""},"_links":{"self":[{"href":"https:\/\/www.europesays.com\/fr\/wp-json\/wp\/v2\/posts\/318515","targetHints":{"allow":["GET"]}}],"collection":[{"href":"https:\/\/www.europesays.com\/fr\/wp-json\/wp\/v2\/posts"}],"about":[{"href":"https:\/\/www.europesays.com\/fr\/wp-json\/wp\/v2\/types\/post"}],"author":[{"embeddable":true,"href":"https:\/\/www.europesays.com\/fr\/wp-json\/wp\/v2\/users\/2"}],"replies":[{"embeddable":true,"href":"https:\/\/www.europesays.com\/fr\/wp-json\/wp\/v2\/comments?post=318515"}],"version-history":[{"count":0,"href":"https:\/\/www.europesays.com\/fr\/wp-json\/wp\/v2\/posts\/318515\/revisions"}],"wp:featuredmedia":[{"embeddable":true,"href":"https:\/\/www.europesays.com\/fr\/wp-json\/wp\/v2\/media\/1445"}],"wp:attachment":[{"href":"https:\/\/www.europesays.com\/fr\/wp-json\/wp\/v2\/media?parent=318515"}],"wp:term":[{"taxonomy":"category","embeddable":true,"href":"https:\/\/www.europesays.com\/fr\/wp-json\/wp\/v2\/categories?post=318515"},{"taxonomy":"post_tag","embeddable":true,"href":"https:\/\/www.europesays.com\/fr\/wp-json\/wp\/v2\/tags?post=318515"}],"curies":[{"name":"wp","href":"https:\/\/api.w.org\/{rel}","templated":true}]}}