{"id":318516,"date":"2025-08-14T11:43:13","date_gmt":"2025-08-14T11:43:13","guid":{"rendered":"https:\/\/www.europesays.com\/fr\/318516\/"},"modified":"2025-08-14T11:43:13","modified_gmt":"2025-08-14T11:43:13","slug":"warhammer-offre-a-certains-de-ses-meilleurs-livres-des-editions-speciales-de-toute-beaute","status":"publish","type":"post","link":"https:\/\/www.europesays.com\/fr\/318516\/","title":{"rendered":"Warhammer offre \u00e0 certains de ses meilleurs livres des \u00e9ditions sp\u00e9ciales de toute beaut\u00e9 &#8211;"},"content":{"rendered":"<p>M\u00eame si nous associons souvent Warhammer au plastique et \u00e0 la peinture, il y a aussi beaucoup de pages \u00e0 lire dans les tomes presque sans fin de la Black Library. Avec des d\u00e9cennies d&rsquo;histoire \u00e0 lire, il peut \u00eatre difficile de savoir par o\u00f9 commencer, surtout dans l&rsquo;immense galaxie du 41e mill\u00e9naire.<\/p>\n<p>Cependant, la <a href=\"https:\/\/www.warhammer-community.com\/en-gb\/articles\/nr6jarwz\/find-out-which-three-black-library-books-are-getting-the-special-edition-treatment\/\" target=\"_blank\" rel=\"nofollow noopener\">Biblioth\u00e8que noire<\/a> pourrait bien te faciliter la t\u00e2che si tu souhaites simplement obtenir quelques beaux livres pour ton \u00e9tag\u00e8re. Trois des ouvrages de la Biblioth\u00e8que noire font l&rsquo;objet d&rsquo;une nouvelle \u00e9dition sp\u00e9ciale, avec de nouvelles illustrations, de nouveaux graphismes et des couvertures \u00e9l\u00e9gantes.<\/p>\n<p>Le premier livre est Assassinorum : Kingmaker de Robert Rath, l&rsquo;histoire de deux assassins imp\u00e9riaux charg\u00e9s d&#8217;emp\u00eacher une r\u00e9bellion en \u00e9liminant le roi d&rsquo;un monde. Le livre suivant triche un peu, puisqu&rsquo;il s&rsquo;agit de Saints of the Imperium, un recueil de trois romans d&rsquo;Andy Clark, David Annandale et Danie Ware, qui retracent l&rsquo;histoire des Saints de l&rsquo;Adepta Sororitas et de certains de ses personnages cl\u00e9s.<\/p>\n<p>Enfin, nous nous \u00e9loignons de l&rsquo;Imperium pour nous int\u00e9resser \u00e0 une bande de pirates elfes de l&rsquo;espace dans Voidscarred de Mike Brooks. Certainement la couverture la plus color\u00e9e de toutes, Voidscarred se concentre sur les pirates Aeldari qui sont enferm\u00e9s dans un conflit avec les pirates Ork.<\/p>\n<p>Ceci est une annonce:<\/p>\n<p><img loading=\"lazy\" decoding=\"async\" id=\"img-1899793-4633723\" data-fullsize=\"\/media\/37\/warhammeristreating_4633723b.jpg\" data-lazy=\"\" src=\"https:\/\/www.europesays.com\/fr\/wp-content\/uploads\/2025\/08\/warhammeristreating_4633723_650x.jpg\" width=\"650\" onclick=\"if (!window.__cfRLUnblockHandlers) return false; gallery_openmodal('1899793','4633723',false,'e0613000bcd426e19c29ad052aa7ea49');\" height=\"650\" alt=\"Warhammer offre \u00e0 certains de ses meilleurs livres des \u00e9ditions sp\u00e9ciales de toute beaut\u00e9\" class=\"rwd_col_content lazy\" data-cf-modified-8c6779c9472a5261d4d9f34b-=\"\"\/><\/p>\n","protected":false},"excerpt":{"rendered":"M\u00eame si nous associons souvent Warhammer au plastique et \u00e0 la peinture, il y a aussi beaucoup de&hellip;\n","protected":false},"author":2,"featured_media":318517,"comment_status":"","ping_status":"","sticky":false,"template":"","format":"standard","meta":{"footnotes":""},"categories":[1357],"tags":[1379,58,59,1011,27,1380],"class_list":{"0":"post-318516","1":"post","2":"type-post","3":"status-publish","4":"format-standard","5":"has-post-thumbnail","7":"category-livres","8":"tag-books","9":"tag-divertissement","10":"tag-entertainment","11":"tag-fr","12":"tag-france","13":"tag-livres"},"share_on_mastodon":{"url":"https:\/\/pubeurope.com\/@fr\/115026946115726928","error":""},"_links":{"self":[{"href":"https:\/\/www.europesays.com\/fr\/wp-json\/wp\/v2\/posts\/318516","targetHints":{"allow":["GET"]}}],"collection":[{"href":"https:\/\/www.europesays.com\/fr\/wp-json\/wp\/v2\/posts"}],"about":[{"href":"https:\/\/www.europesays.com\/fr\/wp-json\/wp\/v2\/types\/post"}],"author":[{"embeddable":true,"href":"https:\/\/www.europesays.com\/fr\/wp-json\/wp\/v2\/users\/2"}],"replies":[{"embeddable":true,"href":"https:\/\/www.europesays.com\/fr\/wp-json\/wp\/v2\/comments?post=318516"}],"version-history":[{"count":0,"href":"https:\/\/www.europesays.com\/fr\/wp-json\/wp\/v2\/posts\/318516\/revisions"}],"wp:featuredmedia":[{"embeddable":true,"href":"https:\/\/www.europesays.com\/fr\/wp-json\/wp\/v2\/media\/318517"}],"wp:attachment":[{"href":"https:\/\/www.europesays.com\/fr\/wp-json\/wp\/v2\/media?parent=318516"}],"wp:term":[{"taxonomy":"category","embeddable":true,"href":"https:\/\/www.europesays.com\/fr\/wp-json\/wp\/v2\/categories?post=318516"},{"taxonomy":"post_tag","embeddable":true,"href":"https:\/\/www.europesays.com\/fr\/wp-json\/wp\/v2\/tags?post=318516"}],"curies":[{"name":"wp","href":"https:\/\/api.w.org\/{rel}","templated":true}]}}