{"id":318518,"date":"2025-08-14T11:44:12","date_gmt":"2025-08-14T11:44:12","guid":{"rendered":"https:\/\/www.europesays.com\/fr\/318518\/"},"modified":"2025-08-14T11:44:12","modified_gmt":"2025-08-14T11:44:12","slug":"lamour-est-dans-le-pre-cest-deux-jours-de-vacances-thierry-olive-devoile-ses-projets-apres-la-vente-de-sa-ferme-lamanchelibre-fr","status":"publish","type":"post","link":"https:\/\/www.europesays.com\/fr\/318518\/","title":{"rendered":"L&#039;Amour est dans le pr\u00e9. &quot;C&#039;est deux jours de vacances&quot; : Thierry Olive d\u00e9voile ses projets apr\u00e8s la vente de sa ferme &#8211; lamanchelibre.fr"},"content":{"rendered":"<ol>\n<li><a href=\"https:\/\/news.google.com\/rss\/articles\/CBMi8gFBVV95cUxNdlpfMWlkMTJwMzhmNHNpdC1CTG5mTWhSdmUtaHp6UTA1Ny1PWC1mMUZZLUdjbFExS0NDNDhmSUtJUzFNbDZkb3Y4WUhwaFVWNnI2ODJvSTZiREdFb1htRzBIVEVidHVXTk9vaTRuZHBWY0xmT1FNemk5MXdsT0F1N0drNWxKTDlkMXBxTElaYjd6MjZfbE54RzZlZ1ZuZVFJM05TMm50QW1wYW15aEx2ZmlVMFdyZC1renpfaU8xdm5ZMVkwcExoN2RiTUQwbjlFZXZMbHlaOXB2REZ6TjZBaVpYQWw2bWY1LXNxUVlwUko5Zw?oc=5\" target=\"_blank\" rel=\"noopener\">L&rsquo;Amour est dans le pr\u00e9. \u00ab\u00a0C&rsquo;est deux jours de vacances\u00a0\u00bb : Thierry Olive d\u00e9voile ses projets apr\u00e8s la vente de sa ferme<\/a>&nbsp;&nbsp;lamanchelibre.fr<\/li>\n<li><a href=\"https:\/\/news.google.com\/rss\/articles\/CBMi3wFBVV95cUxPUjB4QllxSTNmYnJrbHZWOXFJcmx3dkxyejZ4TkNwQlg3V1hWRHB2YXZseENqdHV4MjVBTEZtRWptUEhfSTNiUjJydWFFZXI3NFo1a2l2RUNzaWpuUFVWQ3JDSlJvYlJfLXhyNjJLWE9HWF9Oc1RfN0RfSTZFUHA4aTVKUGlVVmFnZ05BbHlHbGVlRHJDZ0c3dGRjeGNobGpCRjNZeUN0bkFaYVlwRU5lbjlSVnBsdzFNd0tKb2dHTXJYc2NSLWF4dVBzWU85NUtJeVdxQ2RXOXlZNUhDVDBJ?oc=5\" target=\"_blank\" rel=\"noopener\">\u00ab\u00a0Ce sera parfait pour\u2026\u00a0\u00bb : Thierry Olive annonce un grand projet avec sa femme Annie !<\/a>&nbsp;&nbsp;T\u00e9l\u00e9 7 Jours<\/li>\n<li><a href=\"https:\/\/news.google.com\/rss\/articles\/CBMi_gFBVV95cUxOOHgzTnBDMGtsWTNwdEsxV21faGhRWWlCaWt4dWFxLU5WLWNuemNLMVNfS0lSNkU4Y1FRRFdER1dlWFJNcllFTjAxQ2R3S0FNekxDRnRlWmxpVko4QzlBbEhaa2g1LUppamlONFZjWnAxSFRXQWlySVFnU3kzR24wWTBtNFR4N01OWXFMbGlPWG9RY0VETzdFdGxxTVpaWTN1QTRiY3BUMUhhOVg4bFFtWlRTNm9keExIekY1Wm5OdGFJRFlxdTZxUDBHLVdaUlJLZkZxQ3FOdjk5UGtGeDYzUkg1MXAwczA3eFFndFZZd0xQUjlmWm5iMDgxaWNzZw?oc=5\" target=\"_blank\" rel=\"noopener\">Thierry Olive va vendre sa ferme, prendre sa retraite et figurer dans les 20 ans de L\u2019Amour est dans le pr\u00e9<\/a>&nbsp;&nbsp;Actu.fr<\/li>\n<li><a href=\"https:\/\/news.google.com\/rss\/articles\/CBMijwJBVV95cUxOY3FaVjVlMWJkN2p4Q1g4eE1QNGRkYzItU3pNU2FicmxROUtWR0ZkMWUxdmJhNE5HXy1SRzhSR0FkaXBJNWh2ZWJtdzFmYnp2MDA0R3NReF9mQmN4V2wzUzFVMTJIZmxjOFFVVmNrMFBFS1BLR0ZxUFRaWnI5V09IaWlYeGFHTjJRRERSNEVUZ2hGUkFjRmVxT3UzaWFlbHQxbnZQbkI3ci1GOGxCWVdIdEFFZGxGZXFOYXNickh1S0Exak9XZGMwNUxHcUZKLXN1cHJKMVJHTjZXc1JDMmxFRTFJeVpDSGV6c1R0TXlyX3lvUUE2SkNLWHUyN0tHVkJCd3VoQ0hTczRDS01zWE1r?oc=5\" target=\"_blank\" rel=\"noopener\">Virage \u00e0 180 degr\u00e9s pour cet agriculteur embl\u00e9matique de L&rsquo;amour est dans le pr\u00e9 ! Sa ferme de 33 hectares en vente, une nouvelle vie l&rsquo;attend<\/a>&nbsp;&nbsp;Purepeople<\/li>\n<li><a href=\"https:\/\/news.google.com\/rss\/articles\/CBMiwgFBVV95cUxPRjF3cDBlMHV1bXNJME1YTTN0eXo1VzFfSG9YQ25PZUNsdzRZR3kyU1A1Q05ySnA4Mm1QU19EeFFWSjVKdGljUlZHSEY2OXBwX0xhZzM0MDNDSmItX1AyNG9YUzFIVU1wa1BpQWFDeE1POWJLbEJfMEJIdEV6UzNqN1pVMUdUQlF2d3VtS1Q3VC1FeTFBWGFNZzd1Qjl3ZEVZVEFWX0pTTG5md0czS0hyeWZBV3ZKMzZzeDdzaTQ0RVJCdw?oc=5\" target=\"_blank\" rel=\"noopener\">\u00abL\u2019amour est dans le pr\u00e9\u00bb : Thierry Olive et sa femme Annie changent de vie<\/a>&nbsp;&nbsp;TV Magazine<\/li>\n<\/ol>\n","protected":false},"excerpt":{"rendered":"L&rsquo;Amour est dans le pr\u00e9. \u00ab\u00a0C&rsquo;est deux jours de vacances\u00a0\u00bb : Thierry Olive d\u00e9voile ses projets apr\u00e8s la&hellip;\n","protected":false},"author":2,"featured_media":8105,"comment_status":"","ping_status":"","sticky":false,"template":"","format":"standard","meta":{"footnotes":""},"categories":[1356],"tags":[58,59,1011,27,252,1364],"class_list":{"0":"post-318518","1":"post","2":"type-post","3":"status-publish","4":"format-standard","5":"has-post-thumbnail","7":"category-television","8":"tag-divertissement","9":"tag-entertainment","10":"tag-fr","11":"tag-france","12":"tag-television","13":"tag-tv"},"share_on_mastodon":{"url":"https:\/\/pubeurope.com\/@fr\/115026949955352743","error":""},"_links":{"self":[{"href":"https:\/\/www.europesays.com\/fr\/wp-json\/wp\/v2\/posts\/318518","targetHints":{"allow":["GET"]}}],"collection":[{"href":"https:\/\/www.europesays.com\/fr\/wp-json\/wp\/v2\/posts"}],"about":[{"href":"https:\/\/www.europesays.com\/fr\/wp-json\/wp\/v2\/types\/post"}],"author":[{"embeddable":true,"href":"https:\/\/www.europesays.com\/fr\/wp-json\/wp\/v2\/users\/2"}],"replies":[{"embeddable":true,"href":"https:\/\/www.europesays.com\/fr\/wp-json\/wp\/v2\/comments?post=318518"}],"version-history":[{"count":0,"href":"https:\/\/www.europesays.com\/fr\/wp-json\/wp\/v2\/posts\/318518\/revisions"}],"wp:featuredmedia":[{"embeddable":true,"href":"https:\/\/www.europesays.com\/fr\/wp-json\/wp\/v2\/media\/8105"}],"wp:attachment":[{"href":"https:\/\/www.europesays.com\/fr\/wp-json\/wp\/v2\/media?parent=318518"}],"wp:term":[{"taxonomy":"category","embeddable":true,"href":"https:\/\/www.europesays.com\/fr\/wp-json\/wp\/v2\/categories?post=318518"},{"taxonomy":"post_tag","embeddable":true,"href":"https:\/\/www.europesays.com\/fr\/wp-json\/wp\/v2\/tags?post=318518"}],"curies":[{"name":"wp","href":"https:\/\/api.w.org\/{rel}","templated":true}]}}