{"id":318519,"date":"2025-08-14T11:45:14","date_gmt":"2025-08-14T11:45:14","guid":{"rendered":"https:\/\/www.europesays.com\/fr\/318519\/"},"modified":"2025-08-14T11:45:14","modified_gmt":"2025-08-14T11:45:14","slug":"un-concert-de-patrick-fiori-a-saint-tropez-fait-polemique-on-na-meme-pas-droit-a-toutes-les-festivites","status":"publish","type":"post","link":"https:\/\/www.europesays.com\/fr\/318519\/","title":{"rendered":"Un concert de Patrick Fiori \u00e0 Saint-Tropez fait pol\u00e9mique\u00a0: \u00ab\u00a0On n&rsquo;a m\u00eame pas droit \u00e0 toutes les festivit\u00e9s\u00a0?\u00a0\u00bb"},"content":{"rendered":"<p class=\"ap-StoryElement ap-StoryElement--mb ap-StoryText\">Comme dans de nombreuses autres villes, Saint-Tropez organise des festivit\u00e9s pour le 15 ao\u00fbt. Cette ann\u00e9e, un concert gratuit de Patrick Fiori est d&rsquo;ailleurs pr\u00e9vu. Il sera donn\u00e9 \u00e0 la citadelle de Saint-Tropez. Mais l&rsquo;organisation de cet \u00e9v\u00e9nement gratuit ne fait pas l&rsquo;unanimit\u00e9. Et pour cause ! Il ne sera accessible qu&rsquo;aux Trop\u00e9ziens.<\/p>\n<p class=\"ap-StoryElement ap-StoryElement--mb ap-StoryText\">En effet, seuls les habitants de Saint-Tropez pourront acc\u00e9der \u00e0 la citadelle pour voir chanter Patrick Fiori, rapporte Le Parisien. Les personnes d\u00e9sireuses d&rsquo;assister au concert devront se rendre en mairie avec un justificatif de domicile pour obtenir leur acc\u00e8s \u00e0 l&rsquo;\u00e9v\u00e9nement.<\/p>\n","protected":false},"excerpt":{"rendered":"Comme dans de nombreuses autres villes, Saint-Tropez organise des festivit\u00e9s pour le 15 ao\u00fbt. Cette ann\u00e9e, un concert&hellip;\n","protected":false},"author":2,"featured_media":318520,"comment_status":"","ping_status":"","sticky":false,"template":"","format":"standard","meta":{"footnotes":""},"categories":[1355],"tags":[58,59,1011,27,1227,1361,873],"class_list":{"0":"post-318519","1":"post","2":"type-post","3":"status-publish","4":"format-standard","5":"has-post-thumbnail","7":"category-musique","8":"tag-divertissement","9":"tag-entertainment","10":"tag-fr","11":"tag-france","12":"tag-horizontal","13":"tag-music","14":"tag-musique"},"share_on_mastodon":{"url":"https:\/\/pubeurope.com\/@fr\/115026953863848240","error":""},"_links":{"self":[{"href":"https:\/\/www.europesays.com\/fr\/wp-json\/wp\/v2\/posts\/318519","targetHints":{"allow":["GET"]}}],"collection":[{"href":"https:\/\/www.europesays.com\/fr\/wp-json\/wp\/v2\/posts"}],"about":[{"href":"https:\/\/www.europesays.com\/fr\/wp-json\/wp\/v2\/types\/post"}],"author":[{"embeddable":true,"href":"https:\/\/www.europesays.com\/fr\/wp-json\/wp\/v2\/users\/2"}],"replies":[{"embeddable":true,"href":"https:\/\/www.europesays.com\/fr\/wp-json\/wp\/v2\/comments?post=318519"}],"version-history":[{"count":0,"href":"https:\/\/www.europesays.com\/fr\/wp-json\/wp\/v2\/posts\/318519\/revisions"}],"wp:featuredmedia":[{"embeddable":true,"href":"https:\/\/www.europesays.com\/fr\/wp-json\/wp\/v2\/media\/318520"}],"wp:attachment":[{"href":"https:\/\/www.europesays.com\/fr\/wp-json\/wp\/v2\/media?parent=318519"}],"wp:term":[{"taxonomy":"category","embeddable":true,"href":"https:\/\/www.europesays.com\/fr\/wp-json\/wp\/v2\/categories?post=318519"},{"taxonomy":"post_tag","embeddable":true,"href":"https:\/\/www.europesays.com\/fr\/wp-json\/wp\/v2\/tags?post=318519"}],"curies":[{"name":"wp","href":"https:\/\/api.w.org\/{rel}","templated":true}]}}