{"id":318521,"date":"2025-08-14T11:46:11","date_gmt":"2025-08-14T11:46:11","guid":{"rendered":"https:\/\/www.europesays.com\/fr\/318521\/"},"modified":"2025-08-14T11:46:11","modified_gmt":"2025-08-14T11:46:11","slug":"un-nouvel-acteur-rentre-dans-la-course-pour-le-film-amazon-et-cest-tres-serieux","status":"publish","type":"post","link":"https:\/\/www.europesays.com\/fr\/318521\/","title":{"rendered":"un nouvel acteur rentre dans la course pour le film Amazon et c&rsquo;est tr\u00e8s s\u00e9rieux"},"content":{"rendered":"<p><strong>Vous pensiez que le choix du prochain acteur pour incarner James Bond \u00e9tait quasiment pli\u00e9 ? Nous aussi. Mais un nouveau concurrent vient tout bouleverser.<\/strong><\/p>\n<p><a href=\"https:\/\/www.ecranlarge.com\/personnalite\/930970-tom-holland\" data-type=\"people\" data-id=\"469852\" rel=\"nofollow noopener\" target=\"_blank\">Tom Holland<\/a>, <a href=\"https:\/\/www.ecranlarge.com\/personnalite\/1047855-jacob-elordi\" data-type=\"people\" data-id=\"487680\" rel=\"nofollow noopener\" target=\"_blank\">Jacob Elordi<\/a> ou <a href=\"https:\/\/www.ecranlarge.com\/personnalite\/1001547-harris-dickinson\" data-type=\"people\" data-id=\"478784\" rel=\"nofollow noopener\" target=\"_blank\">Harris Dickinson<\/a>. Selon les derni\u00e8res rumeurs, c\u2019est l\u2019un de ces trois acteurs qui aurait d\u00fb h\u00e9riter du r\u00f4le de 007 dans <strong><a href=\"https:\/\/www.ecranlarge.com\/films\/1462458-james-bond-26\" data-type=\"films\" data-id=\"795287\" rel=\"nofollow noopener\" target=\"_blank\">James Bond 26<\/a><\/strong>. Et avec <a href=\"https:\/\/www.ecranlarge.com\/films\/news\/tom-holland-james-bond-rumeurs-casting-reboot\" data-type=\"link\" data-id=\"https:\/\/www.ecranlarge.com\/films\/news\/tom-holland-james-bond-rumeurs-casting-reboot\" rel=\"nofollow noopener\" target=\"_blank\">les myst\u00e8res r\u00e9cemment faits par Tom Holland sur la question<\/a>, il y avait <strong>toutes les raisons de penser que le contrat \u00e9tait presque sign\u00e9<\/strong>.<\/p>\n<p>                    <img decoding=\"async\" alt=\"\" class=\"wp-image-518375\" style=\"object-fit:cover;width:25px;height:25px\" src=\"https:\/\/www.ecranlarge.com\/content\/uploads\/2023\/09\/arrow-right-circle.svg\"\/><\/p>\n<p>Pourtant, comme si le projet n\u2019avait pas <strong>d\u00e9j\u00e0 connu suffisamment de rebondissements<\/strong> (les tensions entre <a href=\"https:\/\/www.ecranlarge.com\/personnalite\/660595-barbara-broccoli\" data-type=\"people\" data-id=\"311982\" rel=\"nofollow noopener\" target=\"_blank\">Barbara Broccoli<\/a>, <a href=\"https:\/\/www.ecranlarge.com\/personnalite\/660596-michael-g-wilson\" data-type=\"people\" data-id=\"311983\" rel=\"nofollow noopener\" target=\"_blank\">Michael G. Wilson<\/a> et Amazon, le rachat de la franchise par le studio de Jeff Bezos, l\u2019arriv\u00e9e de <a href=\"https:\/\/www.ecranlarge.com\/personnalite\/729427-denis-villeneuve\" data-type=\"people\" data-id=\"372263\" rel=\"nofollow noopener\" target=\"_blank\">Denis Villeneuve<\/a> derri\u00e8re la cam\u00e9ra puis celle de <a href=\"https:\/\/www.ecranlarge.com\/personnalite\/678653-steven-knight\" data-type=\"people\" data-id=\"328432\" rel=\"nofollow noopener\" target=\"_blank\">Steven Knight<\/a> au sc\u00e9nario\u2026), un nouveau twist vient de s\u2019ajouter \u00e0 la liste. <strong>Un nouvel acteur, que personne n\u2019attendait<\/strong>, viendrait d\u2019entrer dans la course pour le r\u00f4le tant convoit\u00e9 de l\u2019agent secret.<\/p>\n<p><a href=\"https:\/\/www.ecranlarge.com\/content\/uploads\/2024\/09\/james-bond-edward-berger-1.jpg\" rel=\"nofollow noopener\" target=\"_blank\"><\/p>\n<p><img loading=\"lazy\" decoding=\"async\" alt=\"\" src=\"https:\/\/www.europesays.com\/fr\/wp-content\/uploads\/2025\/08\/james-bond-edward-berger-1-630x354.jpg\" width=\"630\" height=\"354\"  \/><\/p>\n<p><\/a>Daniel Craig condamn\u00e9 \u00e0 servir d\u2019illustration jusqu\u2019\u00e0 ce qu\u2019on ait enfin un nouveau nomJAMES BOND EN ARRIERE<\/p>\n<p>C\u2019est The Hollywood Reporter qui s\u2019est fait le relais de cette rumeur qui pourrait bient\u00f4t devenir r\u00e9alit\u00e9. Selon le c\u00e9l\u00e8bre m\u00e9dia, <strong>un acteur se serait r\u00e9cemment rendu \u00e0 une audition avec Denis Villeneuve<\/strong> pour lire quelques dialogues du <strong>Goldeneye<\/strong> de 1995. Difficile de penser que \u00e7a puisse \u00eatre pour un autre film que le futur James Bond. Le myst\u00e9rieux acteur en question qui aurait auditionn\u00e9, quitte \u00e0 griller la priorit\u00e9 aux beaucoup plus renomm\u00e9s Jacob Elordi, Tom Holland et Harris Dickinson, c\u2019est le Britannique <a href=\"https:\/\/www.ecranlarge.com\/personnalite\/scott-rose-marsh\" data-type=\"people\" data-id=\"1330452\" rel=\"nofollow noopener\" target=\"_blank\">Scott Rose-Marsh<\/a>.<\/p>\n<p>Inconnu au bataillon pour qui n\u2019aurait pas vu des films comme <strong>Le code du silence des Krays<\/strong> ou <strong>Wolves of War<\/strong> (pas tellement plus connus et dans lesquels il tenait des r\u00f4les secondaires), Rose-Marsh est-il sur le point de cr\u00e9er la surprise ? Le choix d\u2019un tel acteur balayerait l\u2019id\u00e9e plus ou moins admise que <strong>James Bond 26<\/strong> mettrait en sc\u00e8ne un jeune agent tout fra\u00eechement sorti de l\u2019eau. Rose-Marsh est effectivement \u00e2g\u00e9 de 37 ans et aurait davantage <strong>le profil d\u2019un 007 exp\u00e9riment\u00e9<\/strong>.<\/p>\n<blockquote class=\"twitter-tweet\">\n<p lang=\"en\" dir=\"ltr\">Scott Rose-Marsh might have auditioned to be the next James Bond.<\/p>\n<p>He was brought in to screen-test for a film and had to read sides from \u2018GOLDENEYE\u2019 and given one instruction \u2014 \u201cDon\u2019t impersonate a previous Bond\u201d<\/p>\n<p>(Source: <a href=\"https:\/\/t.co\/qBJ7c4YaK5\" rel=\"nofollow\">https:\/\/t.co\/qBJ7c4YaK5<\/a>) <a href=\"https:\/\/t.co\/A3Lwvy8UW2\" rel=\"nofollow\">pic.twitter.com\/A3Lwvy8UW2<\/a><\/p>\n<p>\u2014 DiscussingFilm (@DiscussingFilm) <a href=\"https:\/\/twitter.com\/DiscussingFilm\/status\/1955692369250070921?ref_src=twsrc%5Etfw\" target=\"_blank\" rel=\"noopener nofollow\">August 13, 2025<\/a><\/p><\/blockquote>\n<p>Entre la question de l\u2019\u00e2ge et de la renomm\u00e9e, c\u2019est presque \u00e0 se demander si l\u2019acteur n\u2019a pas, en r\u00e9alit\u00e9, auditionn\u00e9 pour un autre r\u00f4le que celui du h\u00e9ros. Or, toujours selon The Hollywood Reporter, une seule indication lui a \u00e9t\u00e9 donn\u00e9e avant son audition : <strong>\u201cN\u2019essaye pas d\u2019imiter un pr\u00e9c\u00e9dent Bond\u201d<\/strong>. C\u2019est donc bien pour le r\u00f4le de l\u2019agent que Rose-Marsh serait en lice, et une lecture de texte devant r\u00e9alisateur et cam\u00e9ra, c\u2019est d\u00e9j\u00e0 <strong>une \u00e9tape s\u00e9rieuse du processus de casting<\/strong>.<\/p>\n<p>Alors, faut-il y croire ? Peut-on aussi d\u00e9celer, dans cette info, l\u2019influence d\u2019un Denis Villeneuve souhaitant partir dans une direction diff\u00e9rente que celle amorc\u00e9e par Amazon ? Il est trop t\u00f4t pour le dire, mais une chose est s\u00fbre : <strong>tout peut encore manifestement changer<\/strong> dans cette production qu\u2019on croyait commencer \u00e0 cerner.<\/p>\n<p>    <script async src=\"https:\/\/platform.twitter.com\/widgets.js\" charset=\"utf-8\"><\/script><\/p>\n","protected":false},"excerpt":{"rendered":"Vous pensiez que le choix du prochain acteur pour incarner James Bond \u00e9tait quasiment pli\u00e9 ? Nous aussi.&hellip;\n","protected":false},"author":2,"featured_media":318522,"comment_status":"","ping_status":"","sticky":false,"template":"","format":"standard","meta":{"footnotes":""},"categories":[1354],"tags":[58,59,1346,1011,27,1360],"class_list":{"0":"post-318521","1":"post","2":"type-post","3":"status-publish","4":"format-standard","5":"has-post-thumbnail","7":"category-films","8":"tag-divertissement","9":"tag-entertainment","10":"tag-films","11":"tag-fr","12":"tag-france","13":"tag-movies"},"share_on_mastodon":{"url":"https:\/\/pubeurope.com\/@fr\/115026957702880387","error":""},"_links":{"self":[{"href":"https:\/\/www.europesays.com\/fr\/wp-json\/wp\/v2\/posts\/318521","targetHints":{"allow":["GET"]}}],"collection":[{"href":"https:\/\/www.europesays.com\/fr\/wp-json\/wp\/v2\/posts"}],"about":[{"href":"https:\/\/www.europesays.com\/fr\/wp-json\/wp\/v2\/types\/post"}],"author":[{"embeddable":true,"href":"https:\/\/www.europesays.com\/fr\/wp-json\/wp\/v2\/users\/2"}],"replies":[{"embeddable":true,"href":"https:\/\/www.europesays.com\/fr\/wp-json\/wp\/v2\/comments?post=318521"}],"version-history":[{"count":0,"href":"https:\/\/www.europesays.com\/fr\/wp-json\/wp\/v2\/posts\/318521\/revisions"}],"wp:featuredmedia":[{"embeddable":true,"href":"https:\/\/www.europesays.com\/fr\/wp-json\/wp\/v2\/media\/318522"}],"wp:attachment":[{"href":"https:\/\/www.europesays.com\/fr\/wp-json\/wp\/v2\/media?parent=318521"}],"wp:term":[{"taxonomy":"category","embeddable":true,"href":"https:\/\/www.europesays.com\/fr\/wp-json\/wp\/v2\/categories?post=318521"},{"taxonomy":"post_tag","embeddable":true,"href":"https:\/\/www.europesays.com\/fr\/wp-json\/wp\/v2\/tags?post=318521"}],"curies":[{"name":"wp","href":"https:\/\/api.w.org\/{rel}","templated":true}]}}