{"id":318523,"date":"2025-08-14T11:47:10","date_gmt":"2025-08-14T11:47:10","guid":{"rendered":"https:\/\/www.europesays.com\/fr\/318523\/"},"modified":"2025-08-14T11:47:10","modified_gmt":"2025-08-14T11:47:10","slug":"quels-sont-les-besoins-du-cerveau-pour-bien-fonctionner","status":"publish","type":"post","link":"https:\/\/www.europesays.com\/fr\/318523\/","title":{"rendered":"quels sont les besoins du cerveau pour bien fonctionner\u00a0?"},"content":{"rendered":"<p>    Le cerveau a des besoins alimentaires bien pr\u00e9cis.<br \/>\n                Yaruniv-Studio &#8211; stock.adobe.com<\/p>\n<p><strong>NOS CONSEILS<\/strong> &#8211; Pour bien fonctionner, les neurones doivent consommer 500 calories par jour. Certains aliments permettent d\u2019am\u00e9liorer leur d\u00e9veloppement, notamment au cours de l\u2019enfance.<\/p>\n<p class=\"fig-paragraph\">Un vrai Gargantua\u00a0!\u00a0<a href=\"http:\/\/www.lefigaro.fr\/sciences\/stephane-charpier-nous-sommes-des-marionnettes-manipulees-par-les-neurones-de-notre-cerveau-20250517\" data-fig-type=\"Article\" data-gtm-custom-categorie=\"navigation\" data-gtm-custom-action=\"crossclick\" data-gtm-custom-label=\"Contextuel\" data-gtm-event=\"customEventSPE\" data-fig-domain=\"LEFIGARO\" target=\"_blank\" rel=\"noopener\">Le cerveau<\/a>, qui ne repr\u00e9sente pourtant que 2\u00a0% du poids du corps, a un \u00e9norme app\u00e9tit. D\u00e9pourvu de r\u00e9serves, il doit \u00eatre constamment aliment\u00e9\u2009; aussi absorbe-t-il 20\u00a0% des besoins \u00e9nerg\u00e9tiques de l\u2019organisme. \u00ab\u00a0Il a besoin d\u2019environ 500 calories par jour pour fonctionner. Principalement sous forme de glucose\u00a0\u00bb, explique Xavier Fioramonti, chercheur au sein du laboratoire de nutrition et neurobiologie de l\u2019Institut national de la recherche agronomique (Inrae).<\/p>\n<p class=\"fig-paragraph\">Cet apport en glucose est assur\u00e9 dans notre di\u00e8te quotidienne par la consommation de\u00a0<a href=\"http:\/\/sante.lefigaro.fr\/mieux-etre\/nutrition-aliments\/pour-vieillir-en-bonne-sante-il-faut-savoir-trier-entre-bons-et-mauvais-glucides-20250612\" data-fig-type=\"Article\" data-gtm-custom-categorie=\"navigation\" data-gtm-custom-action=\"crossclick\" data-gtm-custom-label=\"Contextuel\" data-gtm-event=\"customEventSPE\" data-fig-domain=\"SANTE\" target=\"_blank\" rel=\"noopener\">glucides\u00a0<\/a>complexes que l\u2019on trouve dans les aliments comme les c\u00e9r\u00e9ales (riz, p\u00e2tes, pain\u2026) ou les l\u00e9gumineuses (pois chiches, lentilles, haricots\u2026) \u00ab\u00a0Inutile de manger des produits au go\u00fbt sucr\u00e9 pour assurer cet apport quotidien. Nous avons suffisamment de glucose avec les glucides complexes\u00a0\u00bb, pr\u00e9cise Xavier Fioramonti. Et bien au contraire, manger trop de ces sucres rapides peut \u00eatre toxique pour nos neurones\u2026<\/p>\n<p class=\"fig-premium-paywall__infos\">\n        Cet article est r\u00e9serv\u00e9 aux abonn\u00e9s.        Il vous reste 86% \u00e0 d\u00e9couvrir.\n    <\/p>\n<p>                <img  data- alt=\"Le Figaro\" class=\"fig-img--complete fig-img\"\/><\/p>\n<p class=\"fig-premium-paywall__title\">Vente Flash<\/p>\n<p class=\"fig-premium-paywall__subtitle\">4,99\u20ac par mois pendant 12 mois. Sans engagement<\/p>\n<p class=\"fig-premium-paywall__connect\">\n                D\u00e9j\u00e0 abonn\u00e9\u00a0?                <a class=\"fig-premium-paywall__connect-link\" href=\"https:\/\/connect.lefigaro.fr\/login?client=sante_web&amp;type=main&amp;redirect_uri=https%3A%2F%2Fsante.lefigaro.fr%2Fmieux-etre%2Fmanger-pour-mieux-penser-quels-sont-les-besoins-du-cerveau-pour-bien-fonctionner-20250814\" data-js-gtm=\"{&quot;customCategorie&quot;: &quot;conversion&quot;, &quot;customAction&quot;: &quot;before_Landing_Connexion_paywall_auto&quot;, &quot;customLabel&quot;: &quot;c2FudGUubGVmaWdhcm8uZnJfXzFmMDRiNTZiLWNkYmUtNmMwYS04NTdmLWEzZDQ5MDVmMWJjOV9fQXJ0aWNsZQ==_Manger pour mieux penser\u00a0: quels sont les besoins du cerveau pour bien fonctionner\u00a0?_506&quot;, &quot;customIDSPE&quot;: &quot;c2FudGUubGVmaWdhcm8uZnJfXzFmMDRiNTZiLWNkYmUtNmMwYS04NTdmLWEzZDQ5MDVmMWJjOV9fQXJ0aWNsZQ==&quot;, &quot;event&quot;: &quot;customEventSPE&quot;}\" target=\"_blank\" rel=\"noopener\"><br \/>\n                    Connectez-vous<br \/>\n                <\/a>\n            <\/p>\n","protected":false},"excerpt":{"rendered":"Le cerveau a des besoins alimentaires bien pr\u00e9cis. Yaruniv-Studio &#8211; stock.adobe.com NOS CONSEILS &#8211; Pour bien fonctionner, les&hellip;\n","protected":false},"author":2,"featured_media":318524,"comment_status":"","ping_status":"","sticky":false,"template":"","format":"standard","meta":{"footnotes":""},"categories":[10],"tags":[45674,231,1011,27,72,71],"class_list":{"0":"post-318523","1":"post","2":"type-post","3":"status-publish","4":"format-standard","5":"has-post-thumbnail","7":"category-sante","8":"tag-alimentation-et-sante","9":"tag-cerveau","10":"tag-fr","11":"tag-france","12":"tag-health","13":"tag-sante"},"share_on_mastodon":{"url":"https:\/\/pubeurope.com\/@fr\/115026961612628198","error":""},"_links":{"self":[{"href":"https:\/\/www.europesays.com\/fr\/wp-json\/wp\/v2\/posts\/318523","targetHints":{"allow":["GET"]}}],"collection":[{"href":"https:\/\/www.europesays.com\/fr\/wp-json\/wp\/v2\/posts"}],"about":[{"href":"https:\/\/www.europesays.com\/fr\/wp-json\/wp\/v2\/types\/post"}],"author":[{"embeddable":true,"href":"https:\/\/www.europesays.com\/fr\/wp-json\/wp\/v2\/users\/2"}],"replies":[{"embeddable":true,"href":"https:\/\/www.europesays.com\/fr\/wp-json\/wp\/v2\/comments?post=318523"}],"version-history":[{"count":0,"href":"https:\/\/www.europesays.com\/fr\/wp-json\/wp\/v2\/posts\/318523\/revisions"}],"wp:featuredmedia":[{"embeddable":true,"href":"https:\/\/www.europesays.com\/fr\/wp-json\/wp\/v2\/media\/318524"}],"wp:attachment":[{"href":"https:\/\/www.europesays.com\/fr\/wp-json\/wp\/v2\/media?parent=318523"}],"wp:term":[{"taxonomy":"category","embeddable":true,"href":"https:\/\/www.europesays.com\/fr\/wp-json\/wp\/v2\/categories?post=318523"},{"taxonomy":"post_tag","embeddable":true,"href":"https:\/\/www.europesays.com\/fr\/wp-json\/wp\/v2\/tags?post=318523"}],"curies":[{"name":"wp","href":"https:\/\/api.w.org\/{rel}","templated":true}]}}