{"id":318529,"date":"2025-08-14T11:50:15","date_gmt":"2025-08-14T11:50:15","guid":{"rendered":"https:\/\/www.europesays.com\/fr\/318529\/"},"modified":"2025-08-14T11:50:15","modified_gmt":"2025-08-14T11:50:15","slug":"en-septembre-leclipse-de-la-lune-de-sang-va-subjuguer-le-monde-entier","status":"publish","type":"post","link":"https:\/\/www.europesays.com\/fr\/318529\/","title":{"rendered":"En septembre, l&rsquo;\u00e9clipse de la \u00abLune de sang\u00bb va subjuguer le monde entier"},"content":{"rendered":"<p>Dans quelques semaines, vous serez sans doute t\u00e9moin d&rsquo;un spectacle naturel fascinant qui fait passer la Lune dans l&rsquo;ombre de la Terre pour ensuite lui donner une couleur rouge profonde. <a href=\"https:\/\/www.iflscience.com\/record-breaking-over-7-billion-people-will-see-blood-moon-total-lunar-eclipse-in-september-80374\" target=\"_blank\" rel=\"nofollow noopener\">D&rsquo;apr\u00e8s un article du magazine sp\u00e9cialis\u00e9 IFL Science<\/a>, la majorit\u00e9 de la plan\u00e8te, de l&rsquo;Oc\u00e9anie jusqu&rsquo;au Br\u00e9sil, pourra observer cet \u00e9v\u00e9nement. L&rsquo;\u00e9clipse se produira dans la nuit du 7 au 8 septembre 2025, \u00e0 une heure d\u00e9pendant \u00e9videmment du fuseau horaire o\u00f9 chacun se trouve.<\/p>\n<p>Cette \u00e9clipse lunaire totale se composera de plusieurs phases. De la phase partielle au spectacle complet de la \u00abLune de sang\u00bb, un total de trois heures, vingt-neuf minutes et vingt-quatre secondes sera n\u00e9cessaire pour admirer l&rsquo;int\u00e9gralit\u00e9 du spectacle. Plus pr\u00e9cis\u00e9ment, une majorit\u00e9 du continent asiatique, une partie de l&rsquo;Afrique de l&rsquo;Ouest ainsi que l&rsquo;Australie-Occidentale (un \u00c9tat d&rsquo;Australie) profiteront de l&rsquo;int\u00e9gralit\u00e9 du spectacle. Cependant, le reste du continent africain et de l&rsquo;Australie, tout comme une grande partie de l&rsquo;Europe et la c\u00f4te est du Br\u00e9sil pourront observer au moins une partie du ph\u00e9nom\u00e8ne.<\/p>\n<p>        <img decoding=\"async\" alt=\"Abonnez-vous gratuitement \u00e0 la newsletter de Slate !\" loading=\"lazy\" class=\"ms-4 ms-md-0\" width=\"82\" height=\"82\" src=\"https:\/\/www.slate.fr\/assets\/newsletter-dd7c4ea7fb4ce45aacc56875521d4bde7ec4ba23f0a0ae088566df808b3a80c3.svg\"\/><br \/>\n        Abonnez-vous gratuitement \u00e0 la newsletter de Slate !Les articles sont s\u00e9lectionn\u00e9s pour vous, en fonction de vos centres d\u2019int\u00e9r\u00eat, tous les jours dans votre bo\u00eete mail.<\/p>\n<p>Un \u00e9v\u00e8nement \u00e0 ne pas manquer<\/p>\n<p>Il s&rsquo;agira de la deuxi\u00e8me \u00e9clipse lunaire de l&rsquo;ann\u00e9e 2025\u00a0\u2013la premi\u00e8re, qui a eu lieu en mars, n&rsquo;\u00e9tait qu&rsquo;une exclusivit\u00e9 r\u00e9serv\u00e9e aux personnes habitant en Am\u00e9rique. Celle-ci est beaucoup plus accessible, car plus de 7 milliards de personnes (soit 80% de la population terrestre) pourront y assister, partiellement ou int\u00e9gralement.<\/p>\n<p>L&rsquo;orbite de la Lune est l\u00e9g\u00e8rement inclin\u00e9e par rapport \u00e0 celle de la Terre autour du <a href=\"https:\/\/www.slate.fr\/dossier\/845\/soleil\" class=\"tag-link\" rel=\"nofollow noopener\" target=\"_blank\">Soleil<\/a>. Si l&rsquo;orbite du Soleil et de la Lune \u00e9taient parfaitement identiques, nous aurions une \u00e9clipse solaire et une \u00e9clipse lunaire chaque mois. Dans notre r\u00e9alit\u00e9, ce ph\u00e9nom\u00e8ne a tendance \u00e0 se produire plus rarement, environ tous les six mois, mais certaines ann\u00e9es sont plus propices au moment o\u00f9 la Lune se trouve \u00e0 un n\u0153ud.<\/p>\n<p>Un n\u0153ud correspond au moment o\u00f9 les orbites du Soleil, de la Terre et de la Lune sont presque parfaitement align\u00e9es de sorte que la Lune passe dans l&rsquo;ombre des deux autres satellites naturels. Il existe des \u00e9clipses lunaires partielles, lors desquelles la Lune ne p\u00e9n\u00e8tre pas compl\u00e8tement dans l&rsquo;ombre, et des \u00e9clipses p\u00e9nombrales, o\u00f9 la <a href=\"https:\/\/www.slate.fr\/dossier\/4101\/lune\" class=\"tag-link\" rel=\"nofollow noopener\" target=\"_blank\">Lune<\/a> ne traverse que la p\u00e9nombre.<\/p>\n<p>Alors, que vous puissiez observer l&rsquo;int\u00e9gralit\u00e9 du ph\u00e9nom\u00e8ne ou seulement une partie, n&rsquo;oubliez pas de marquer votre calendrier d&rsquo;une pierre blanche pour ne pas louper cet \u00e9v\u00e9nement cosmique. Voil\u00e0 une opportunit\u00e9 de d\u00e9couvrir notre <a href=\"https:\/\/www.slate.fr\/dossier\/13015\/satellite\" class=\"tag-link\" rel=\"nofollow noopener\" target=\"_blank\">satellite<\/a> le plus proche sous la forme d&rsquo;un globe \u00e9carlate vif qui habille le ciel nocturne.<\/p>\n<p>Une telle prestation cosmique visible par la majorit\u00e9 de la plan\u00e8te nous rappelle \u00e0 quel point le ciel peut \u00eatre fascinant et impressionnant. Pr\u00e9parez-vous \u00e0 lever les yeux et \u00e0 profiter d&rsquo;un spectacle naturel qui restera grav\u00e9 dans les m\u00e9moires. En France, selon le site <a href=\"https:\/\/www.timeanddate.com\/eclipse\/in\/france?iso=20250907\" target=\"_blank\" rel=\"nofollow noopener\">selon le site Time&amp;Date.com<\/a>, la totalit\u00e9 de l&rsquo;\u00e9clipse lunaire sera visible le 7 septembre de 19h42 \u00e0 22h55.<\/p>\n","protected":false},"excerpt":{"rendered":"Dans quelques semaines, vous serez sans doute t\u00e9moin d&rsquo;un spectacle naturel fascinant qui fait passer la Lune dans&hellip;\n","protected":false},"author":2,"featured_media":318530,"comment_status":"","ping_status":"","sticky":false,"template":"","format":"standard","meta":{"footnotes":""},"categories":[7],"tags":[1011,27,43,40,41,39,42,44],"class_list":{"0":"post-318529","1":"post","2":"type-post","3":"status-publish","4":"format-standard","5":"has-post-thumbnail","7":"category-sciences-et-technologies","8":"tag-fr","9":"tag-france","10":"tag-science","11":"tag-science-and-technology","12":"tag-sciences","13":"tag-sciences-et-technologies","14":"tag-technologies","15":"tag-technology"},"share_on_mastodon":{"url":"https:\/\/pubeurope.com\/@fr\/115026973556827925","error":""},"_links":{"self":[{"href":"https:\/\/www.europesays.com\/fr\/wp-json\/wp\/v2\/posts\/318529","targetHints":{"allow":["GET"]}}],"collection":[{"href":"https:\/\/www.europesays.com\/fr\/wp-json\/wp\/v2\/posts"}],"about":[{"href":"https:\/\/www.europesays.com\/fr\/wp-json\/wp\/v2\/types\/post"}],"author":[{"embeddable":true,"href":"https:\/\/www.europesays.com\/fr\/wp-json\/wp\/v2\/users\/2"}],"replies":[{"embeddable":true,"href":"https:\/\/www.europesays.com\/fr\/wp-json\/wp\/v2\/comments?post=318529"}],"version-history":[{"count":0,"href":"https:\/\/www.europesays.com\/fr\/wp-json\/wp\/v2\/posts\/318529\/revisions"}],"wp:featuredmedia":[{"embeddable":true,"href":"https:\/\/www.europesays.com\/fr\/wp-json\/wp\/v2\/media\/318530"}],"wp:attachment":[{"href":"https:\/\/www.europesays.com\/fr\/wp-json\/wp\/v2\/media?parent=318529"}],"wp:term":[{"taxonomy":"category","embeddable":true,"href":"https:\/\/www.europesays.com\/fr\/wp-json\/wp\/v2\/categories?post=318529"},{"taxonomy":"post_tag","embeddable":true,"href":"https:\/\/www.europesays.com\/fr\/wp-json\/wp\/v2\/tags?post=318529"}],"curies":[{"name":"wp","href":"https:\/\/api.w.org\/{rel}","templated":true}]}}