{"id":318531,"date":"2025-08-14T11:51:11","date_gmt":"2025-08-14T11:51:11","guid":{"rendered":"https:\/\/www.europesays.com\/fr\/318531\/"},"modified":"2025-08-14T11:51:11","modified_gmt":"2025-08-14T11:51:11","slug":"la-canicule-va-chambouler-votre-depart-nouvelles-suppressions-de-trains-cette-semaine","status":"publish","type":"post","link":"https:\/\/www.europesays.com\/fr\/318531\/","title":{"rendered":"la canicule va chambouler votre d\u00e9part, nouvelles suppressions de trains cette semaine"},"content":{"rendered":"<p>Par <a class=\"author_recette\" id=\"author_name\" href=\"https:\/\/www.nextplz.fr\/auteur\/mamy\" rel=\"nofollow noopener\" target=\"_blank\">Mamy Yves<br \/>\nRatsimbazafy<\/a> &#8211; Publi\u00e9 le 14 Ao\u00fbt 2025 \u00e0 11:30<\/p>\n<p class=\"article-intro excerpt\">Les voyageurs pr\u00e9voyant de se<br \/>\nrendre entre Clermont-Ferrand et Paris en fin de semaine devront<br \/>\ns\u2019armer de patience et v\u00e9rifier leurs horaires. La SNCF a en effet<br \/>\nannonc\u00e9 la suppression de nouveaux trains Intercit\u00e9s jeudi 14 et<br \/>\nvendredi 15 ao\u00fbt sur cette ligne, dans les deux sens, en raison de<br \/>\nla canicule.<\/p>\n<p><img width=\"750\" height=\"410\" src=\"https:\/\/www.europesays.com\/fr\/wp-content\/uploads\/2025\/08\/trains-750x410.jpg\" class=\"img-responsive alignnone size-full pinit-here zoom-it\" alt=\"Week-end du 15 ao\u00fbt : la canicule va chambouler votre d\u00e9part, nouvelles suppressions de trains cette semaine\" fetchpriority=\"high\" data-lazyloading=\"false\" decoding=\"async\"\/><\/p>\n<p>\u00a9 Shutterstock<\/p>\n<p>EN BREF<\/p>\n<ul class=\"bloc_resume_post_list\">\n<li>\ud83c\udf21\ufe0f La France traverse une canicule exceptionnelle avec<br \/>\ncinq d\u00e9partements en vigilance rouge \u00e0 partir de mercredi midi,<br \/>\nselon M\u00e9t\u00e9o France.<\/li>\n<li>\ud83d\ude86 La SNCF annule des allers-retours pour \u00e9viter des<br \/>\npannes de climatisation sur les trains Corail.<\/li>\n<li>\ud83d\udd0d Consultez les horaires en temps r\u00e9el et envisagez des<br \/>\nalternatives pour vos trajets durant cet \u00e9pisode de chaleur<br \/>\nintense.<\/li>\n<\/ul>\n<p>Concr\u00e8tement, plusieurs allers-retours seront chamboul\u00e9s ces<br \/>\ndeux jours. La mesure n\u2019est en effet pas in\u00e9dite. Il faut croire<br \/>\nque les m\u00eames suppressions ont d\u00e9j\u00e0 \u00e9t\u00e9 appliqu\u00e9es mardi et<br \/>\nmercredi. Une mani\u00e8re pour la SNCF d\u2019anticiper les \u00e9ventuelles<br \/>\npannes de climatisation sur les trains concern\u00e9s. Les rames<br \/>\nutilis\u00e9es sur cette ligne sont pour rappel des Corail, mises en<br \/>\nservice, il y a pr\u00e8s d\u2019un demi-si\u00e8cle et leur anciennet\u00e9 les rend<br \/>\nplus vuln\u00e9rables lors des \u00e9pisodes de canicule. <a href=\"https:\/\/www.nextplz.fr\/lifestyle\/503069-cette-ville-tres-populaire-en-france-est-la-plus-mortelle-en-cas-de-canicule-fuyez-la-absolument\" rel=\"nofollow noopener\" target=\"_blank\"><br \/>\nNotamment en mati\u00e8re de climatisation<\/a>, un \u00e9l\u00e9ment essentiel au<br \/>\nconfort et \u00e0 la s\u00e9curit\u00e9 des passagers\u00a0: \u00ab Ces annulations<br \/>\nsont prises par pr\u00e9caution afin d\u2019\u00e9viter des situations de blocage<br \/>\nen pleine voie avec des temp\u00e9ratures extr\u00eames \u00bb.<\/p>\n<p>Un pays plong\u00e9 sous la<br \/>\ncanicule<\/p>\n<p>Cette d\u00e9cision intervient alors que la France vit un \u00e9pisode de<br \/>\ncanicule d\u2019une intensit\u00e9 exceptionnelle. Cinq d\u00e9partements \u2013<br \/>\nl\u2019Aude, l\u2019Is\u00e8re, le Rh\u00f4ne, la Dr\u00f4me et l\u2019Ard\u00e8che \u2013 resteront en<br \/>\neffet plac\u00e9s en vigilance rouge canicule \u00e0 partir de mercredi midi,<br \/>\nselon M\u00e9t\u00e9o France. Pas moins de 68 d\u00e9partements seront quant \u00e0 eux<br \/>\nen vigilance orange, couvrant ainsi la quasi-totalit\u00e9 du<br \/>\nterritoire. Les temp\u00e9ratures n\u2019ont jamais atteint des sommets aussi<br \/>\n\u00e9lev\u00e9s. \u00c0 Granes, dans l\u2019Aude, on a relev\u00e9 41,1\u00b0C. Ce qui a d\u00e9pass\u00e9<br \/>\nle record \u00e9tabli l\u2019\u00e9t\u00e9 dernier. \u00c0 Ch\u00e2lon-sur-Sa\u00f4ne, les 39,8\u00b0C<br \/>\nenregistr\u00e9s battent ceux de la canicule de 2003. Les allers-retours<br \/>\nconcern\u00e9s par les suppressions concernent Clermont-Ferrand et<br \/>\nParis.<\/p>\n<p>Un \u00e9pisode appel\u00e9 \u00e0 durer<\/p>\n<p>M\u00e9t\u00e9o France pr\u00e9voit donc que cet \u00e9pisode de chaleur se<br \/>\npoursuivra encore plusieurs jours. Ce qui a amen\u00e9 les autorit\u00e9s \u00e0<br \/>\nprendre les devants. La ministre de la Sant\u00e9, <a href=\"https:\/\/fr.wikipedia.org\/wiki\/Catherine_Vautrin\" target=\"_blank\" rel=\"nofollow noopener\">Catherine Vautrin<\/a>, a ainsi assur\u00e9 que les h\u00f4pitaux<br \/>\n\u00e9taient pr\u00eats \u00e0 faire face \u00e0 un afflux de patients souffrant de<br \/>\ncoups de chaleur ou de d\u00e9shydratation. Les pr\u00e9fectures rappellent<br \/>\nquant \u00e0 elles les consignes de prudence, \u00e0 savoir boire<br \/>\nr\u00e9guli\u00e8rement, \u00e9viter les sorties aux heures les plus chaudes,<br \/>\nrafra\u00eechir son logement, et surveiller les personnes fragiles. \u00ab<br \/>\n\u00c0 ces niveaux de temp\u00e9rature, toute personne, m\u00eame jeune et en<br \/>\nbonne sant\u00e9, peut subir un malaise \u00bb, pr\u00e9viennent-elles. En<br \/>\nattendant, les voyageurs de la ligne Clermont-Paris sont invit\u00e9s \u00e0<br \/>\nconsulter les horaires en temps r\u00e9el et \u00e0 envisager des solutions<br \/>\nalternatives.<\/p>\n","protected":false},"excerpt":{"rendered":"Par Mamy Yves Ratsimbazafy &#8211; Publi\u00e9 le 14 Ao\u00fbt 2025 \u00e0 11:30 Les voyageurs pr\u00e9voyant de se rendre&hellip;\n","protected":false},"author":2,"featured_media":318532,"comment_status":"","ping_status":"","sticky":false,"template":"","format":"standard","meta":{"footnotes":""},"categories":[6],"tags":[35,33,34,1011,27],"class_list":{"0":"post-318531","1":"post","2":"type-post","3":"status-publish","4":"format-standard","5":"has-post-thumbnail","7":"category-economie","8":"tag-business","9":"tag-economie","10":"tag-economy","11":"tag-fr","12":"tag-france"},"share_on_mastodon":{"url":"https:\/\/pubeurope.com\/@fr\/115026977360976770","error":""},"_links":{"self":[{"href":"https:\/\/www.europesays.com\/fr\/wp-json\/wp\/v2\/posts\/318531","targetHints":{"allow":["GET"]}}],"collection":[{"href":"https:\/\/www.europesays.com\/fr\/wp-json\/wp\/v2\/posts"}],"about":[{"href":"https:\/\/www.europesays.com\/fr\/wp-json\/wp\/v2\/types\/post"}],"author":[{"embeddable":true,"href":"https:\/\/www.europesays.com\/fr\/wp-json\/wp\/v2\/users\/2"}],"replies":[{"embeddable":true,"href":"https:\/\/www.europesays.com\/fr\/wp-json\/wp\/v2\/comments?post=318531"}],"version-history":[{"count":0,"href":"https:\/\/www.europesays.com\/fr\/wp-json\/wp\/v2\/posts\/318531\/revisions"}],"wp:featuredmedia":[{"embeddable":true,"href":"https:\/\/www.europesays.com\/fr\/wp-json\/wp\/v2\/media\/318532"}],"wp:attachment":[{"href":"https:\/\/www.europesays.com\/fr\/wp-json\/wp\/v2\/media?parent=318531"}],"wp:term":[{"taxonomy":"category","embeddable":true,"href":"https:\/\/www.europesays.com\/fr\/wp-json\/wp\/v2\/categories?post=318531"},{"taxonomy":"post_tag","embeddable":true,"href":"https:\/\/www.europesays.com\/fr\/wp-json\/wp\/v2\/tags?post=318531"}],"curies":[{"name":"wp","href":"https:\/\/api.w.org\/{rel}","templated":true}]}}