{"id":318533,"date":"2025-08-14T11:52:10","date_gmt":"2025-08-14T11:52:10","guid":{"rendered":"https:\/\/www.europesays.com\/fr\/318533\/"},"modified":"2025-08-14T11:52:10","modified_gmt":"2025-08-14T11:52:10","slug":"en-alaska-le-debut-cruel-dun-nouvel-ordre-du-monde","status":"publish","type":"post","link":"https:\/\/www.europesays.com\/fr\/318533\/","title":{"rendered":"En Alaska, le d\u00e9but cruel d\u2019un nouvel ordre du monde"},"content":{"rendered":"<p><strong>La rencontre de Trump avec Poutine est \u00e9videmment un \u00e9v\u00e8nement.<\/strong> Les deux personnages cumulent assez de pouvoirs sur la plan\u00e8te pour que ce le soit. Surtout dans un moment de dislocation g\u00e9opolitique comme celui-ci. C\u2019est aussi une humiliation de plus pour les vassaux europ\u00e9ens et les commensaux de l\u2019OTAN qui tiendront la bougie chez eux pendant que les dominants se passent d\u2019eux pour d\u00e9cider de l\u2019avenir de leur continent. Le contre sens de la politique suivie par les europ\u00e9ens \u00e0 propos de la Russie depuis trente ans s\u2019\u00e9tale sous leurs yeux. Car la Russie est une composante de l\u2019Europe. Davantage que la Turquie avec qui pourtant les n\u00e9gociations en vue de son adh\u00e9sion \u00e0 l\u2019UE sont pourtant cens\u00e9es continuer. Les dirigeants de l\u2019Union europ\u00e9enne ont accept\u00e9 le sc\u00e9nario conclu en 2008 \u00e0 Budapest en faveur de l\u2019annexion par l\u2019OTAN de l\u2019Ukraine et de la G\u00e9orgie, v\u00e9ritable d\u00e9claration de guerre \u00e0 la Russie. Sur ce blog m\u00eame j\u2019en avais fait l\u2019analyse et l\u2019alerte. Je n\u2019ai pas \u00e9t\u00e9 le seul. Il est donc impossible de dire que cela ne se savait pas. De leur c\u00f4t\u00e9, les USA ont jou\u00e9 une partie trop compliqu\u00e9e. La Chine ou la Russie, il leur fallait choisir quel \u00e9tait le v\u00e9ritable \u00ab adversaire syst\u00e9mique \u00bb. Les atermoiements, h\u00e9sitations et les allers-retours ont embrouill\u00e9 leur action.\u00a0 Trop tard maintenant. Poutine a gagn\u00e9 la guerre parce que l\u2019Ukraine ne peut la gagner sans un engagement des USA d\u2019une ampleur qui n\u2019est plus \u00e0 l\u2019ordre du jour. Pour cause de Chine. Les USA ne peuvent donc pas se tirer d\u2019affaires en vainqueurs. Ils devront accepter qu\u2019une nouvelle carte de l\u2019Europe soit dessin\u00e9e. Pour finir, l\u2019Europe politique y aura donc laiss\u00e9 sa peau. Elle a prouv\u00e9 qu\u2019elle n\u2019existe pas et n\u2019en a ni la volont\u00e9 ni les moyens. Plus que jamais ce sera l\u2019Europe allemande. C\u2019est-\u00e0-dire le n\u00e9ant.\u00a0\u00a0<\/p>\n<p>L\u2019Ukraine pensait pouvoir compter sur les USA surtout et sur les europ\u00e9ens aussi pour garantir son ind\u00e9pendance contre l\u2019invasion dont elle fait l\u2019objet. Elle sait \u00e0 quoi s\u2019en tenir. Elle ne peut plus gagner. Non seulement pour les raisons militaires \u00e9voqu\u00e9es. Mais surtout parce que son syst\u00e8me politique tient \u00e0 un fil. Tout concourt \u00e0 l\u2019effondrement : avoir interdit les syndicats et les partis d\u2019opposition, avoir maintenu Zelenski en place alors que son mandat pr\u00e9sidentiel est fini, avoir tent\u00e9 de sauver les corrompus qui pillent l\u2019effort de guerre, les d\u00e9sertions massives, tout cela a bris\u00e9 le lien unissant le syst\u00e8me Zelenski \u00e0 son peuple en guerre. Les bonimenteurs sur l\u2019alliance OTAN comme garantie de d\u00e9fense vont manger leur chapeau. La petite g\u00f4che atlantiste aussi. Au demeurant, compte tenu de la nature des liens qui unissent les USA et Netanyahu, il est peu probable que le divorce entre atlantistes ait lieu.<\/p>\n<p>Pour nous plus que jamais, compter sur qui que ce soit d\u2019autre que soi-m\u00eame pour se d\u00e9fendre est une na\u00efvet\u00e9 qui se paiera toujours tr\u00e8s cher. USA, Russes, Allemands et d\u2019autres vont tirer chacun leur jus de cette nouvelle distribution des cartes de la puissance. Sauf la France, faute de politique r\u00e9aliste et faute d\u2019ambitions, faute de compr\u00e9hension du moment.<\/p>\n<p>Les fronti\u00e8res de l\u2019Ukraine seront donc discut\u00e9es en dehors de la pr\u00e9sence des Ukrainiens. Le d\u00e9part de Zelenski est la condition de l\u2019accord. Tout simplement parce que son mandat est fini et que je ne crois pas la Russie capable de signer quoique ce soit avec quelqu\u2019un bient\u00f4t remplac\u00e9 par un autre qui pourrait tout remettre en cause. Si Trump et Poutine s\u2019entendent sur un d\u00e9pe\u00e7age accept\u00e9 jusqu\u2019o\u00f9 cela ira-t-il ? Serons-nous contemporains d\u2019un nouveau Yalta, cet accord de partage du monde entre les USA et l\u2019URSS ? Peut-\u00eatre d\u2019aucuns le voudraient-ils. Mais en l\u2019absence de la Chine aucun arrangement n\u2019a de valeur stable.\u00a0 Et Poutine ne l\u00e2chera pas son alliance chinoise contre les promesses des paltoquets de la fin d\u2019empire US et de leur ribambelle de marionnettes confuses en Europe. Il aura raison. Une telle \u00e9tape porte en elle d\u2019autres orages. Je note pour m\u00e9moire \u00e0 cette occasion : sur cette base les app\u00e9tits de bouts d\u2019Ukraine en Pologne et en Hongrie seront rallum\u00e9s. D\u00e8s lors, d\u2019une fa\u00e7on ou d\u2019une autre, la question des fronti\u00e8res va revenir plus forte que jamais. Nous avions propos\u00e9 une conf\u00e9rence des fronti\u00e8res sous l\u2019\u00e9gide de l\u2019OSCE en 2016. On me fit le proc\u00e8s stupide de m\u2019accuser de vouloir les changer. J\u2019argumentais qu\u2019elles le feraient sans nous. Et que mieux valait prendre les devant en organisant la discussion que de subir les guerres que ce genre de situation d\u00e9clenche. On a vu depuis comment l\u2019Ecosse, la Catalogne, la Flandre aujourd\u2019hui belge ont pos\u00e9 un probl\u00e8me. Encore ne fais-je ici que nommer ce que tout le monde sait puisque les int\u00e9ress\u00e9s se chargent de le faire savoir. Mais encore une fois, souvenons-nous que les fronti\u00e8res de l\u2019ancien bloc sovi\u00e9tique n\u2019ont jamais \u00e9t\u00e9 stabilis\u00e9es comme je l\u2019ai rappel\u00e9 \u00e0 l\u2019instant \u00e0 propos de la Pologne et de la Hongrie. Bref, la rencontre de Trump avec Poutine sur le d\u00e9troit de Behring peut \u00eatre un \u00e9norme franchissement de seuil. Seul les USA assument un risque dans cette affaire. Celui de revenir sans aucune d\u00e9cision valid\u00e9e. Quant aux europ\u00e9ens, ils n\u2019ont aucun moyen de tirer si peu que ce soit quelque avantage que ce soit\u2026 Tel est le bilan r\u00e9el de tous les bavards qui nous ont saoul\u00e9 depuis 2005 avec leur coup de menton, leur insupportable arrogance atlantiste et leurs ritournelles \u00e0 l\u2019eau ti\u00e8de sur l\u2019avenir merveilleux de leurs plans. Leur temps est \u00e9puis\u00e9 comme leur projet. Un gouvernement insoumis aura les mains libres pour engager tout autre chose, tout autrement pour que la France puisse d\u00e9ployer son offre de non-alignement altermondialiste. Une tout autre Europe peut \u00eatre en vue.<\/p>\n","protected":false},"excerpt":{"rendered":"La rencontre de Trump avec Poutine est \u00e9videmment un \u00e9v\u00e8nement. Les deux personnages cumulent assez de pouvoirs sur&hellip;\n","protected":false},"author":2,"featured_media":318534,"comment_status":"","ping_status":"","sticky":false,"template":"","format":"standard","meta":{"footnotes":""},"categories":[5],"tags":[11,1011,27,14,12,28],"class_list":{"0":"post-318533","1":"post","2":"type-post","3":"status-publish","4":"format-standard","5":"has-post-thumbnail","7":"category-international","8":"tag-actualites","9":"tag-fr","10":"tag-france","11":"tag-international","12":"tag-news","13":"tag-world"},"share_on_mastodon":{"url":"https:\/\/pubeurope.com\/@fr\/115026981335677008","error":""},"_links":{"self":[{"href":"https:\/\/www.europesays.com\/fr\/wp-json\/wp\/v2\/posts\/318533","targetHints":{"allow":["GET"]}}],"collection":[{"href":"https:\/\/www.europesays.com\/fr\/wp-json\/wp\/v2\/posts"}],"about":[{"href":"https:\/\/www.europesays.com\/fr\/wp-json\/wp\/v2\/types\/post"}],"author":[{"embeddable":true,"href":"https:\/\/www.europesays.com\/fr\/wp-json\/wp\/v2\/users\/2"}],"replies":[{"embeddable":true,"href":"https:\/\/www.europesays.com\/fr\/wp-json\/wp\/v2\/comments?post=318533"}],"version-history":[{"count":0,"href":"https:\/\/www.europesays.com\/fr\/wp-json\/wp\/v2\/posts\/318533\/revisions"}],"wp:featuredmedia":[{"embeddable":true,"href":"https:\/\/www.europesays.com\/fr\/wp-json\/wp\/v2\/media\/318534"}],"wp:attachment":[{"href":"https:\/\/www.europesays.com\/fr\/wp-json\/wp\/v2\/media?parent=318533"}],"wp:term":[{"taxonomy":"category","embeddable":true,"href":"https:\/\/www.europesays.com\/fr\/wp-json\/wp\/v2\/categories?post=318533"},{"taxonomy":"post_tag","embeddable":true,"href":"https:\/\/www.europesays.com\/fr\/wp-json\/wp\/v2\/tags?post=318533"}],"curies":[{"name":"wp","href":"https:\/\/api.w.org\/{rel}","templated":true}]}}