{"id":318536,"date":"2025-08-14T11:54:12","date_gmt":"2025-08-14T11:54:12","guid":{"rendered":"https:\/\/www.europesays.com\/fr\/318536\/"},"modified":"2025-08-14T11:54:12","modified_gmt":"2025-08-14T11:54:12","slug":"quatre-corps-retrouves-au-meme-endroit-dans-la-seine","status":"publish","type":"post","link":"https:\/\/www.europesays.com\/fr\/318536\/","title":{"rendered":"Quatre corps retrouv\u00e9s au m\u00eame endroit dans la Seine"},"content":{"rendered":"<p>Une macabre d\u00e9couverte a eu lieu mercredi 13\u00a0ao\u00fbt \u00e0 Choisy-le-Roi dans le Val-de-Marne. Peu avant 13 heures, un usager du <a href=\"https:\/\/www.20minutes.fr\/dossier\/rer_c\" class=\"c-link c-link--is-underlined\" target=\"_blank\" rel=\"noopener\">RER C<\/a> a alert\u00e9 la <a href=\"https:\/\/www.20minutes.fr\/dossier\/police\" class=\"c-link c-link--is-underlined\" target=\"_blank\" rel=\"noopener\">police<\/a> apr\u00e8s avoir aper\u00e7u un corps flottant dans la <a href=\"https:\/\/www.20minutes.fr\/dossier\/seine\" class=\"c-link c-link--is-underlined\" target=\"_blank\" rel=\"noopener\">Seine<\/a>, \u00e0 hauteur de la rue du Docteur-Roux, rapporte <a href=\"https:\/\/www.leparisien.fr\/val-de-marne-94\/val-de-marne-quatre-corps-retrouves-dans-la-seine-14-08-2025-DGURVPSMF5CCZJ424BJEMZUPMQ.php?ts=1755160679292\" target=\"_blank\" class=\"c-link c-link--is-underlined\" rel=\"noopener\">Le Parisien<\/a>.<\/p>\n<p>D\u00e9p\u00each\u00e9e sur place, la Brigade fluviale a rep\u00each\u00e9 un premier corps, puis trois autres situ\u00e9s \u00e0 quelques dizaines de m\u00e8tres\u00a0: l\u2019un \u00e0 environ 50 m\u00e8tres du premier, un autre coinc\u00e9 dans des branchages et le dernier d\u00e9rivant au gr\u00e9 du courant.<\/p>\n<p>\u00ab\u00a0Dans un \u00e9tat de d\u00e9gradation avanc\u00e9\u00a0\u00bb<\/p>\n<p>Les quatre victimes, toutes des hommes majeurs, \u00e9taient immerg\u00e9es depuis plusieurs jours. Trois \u00e9taient enti\u00e8rement v\u00eatus, tandis qu\u2019un quatri\u00e8me ne portait ni pantalon ni sous-v\u00eatements. Les d\u00e9pouilles ont \u00e9t\u00e9 transport\u00e9es \u00e0 l\u2019Institut m\u00e9dico-l\u00e9gal de Paris pour identification et autopsie.<\/p>\n<\/p>\n<p>Le maire de Choisy-le-Roi, Tonino Panetta, pr\u00e9cise au Parisien que \u00ab\u00a0les corps \u00e9taient dans un \u00e9tat de d\u00e9gradation avanc\u00e9\u00a0\u00bb, indiquant \u00ab\u00a0qu\u2019ils devaient \u00eatre dans l\u2019eau depuis plusieurs jours\u00a0\u00bb. Il ajoute qu\u2019\u00ab\u00a0ils ont sans doute pu d\u00e9river d\u2019assez loin\u00a0\u00bb. L\u2019enqu\u00eate n\u2019a pour l\u2019instant r\u00e9v\u00e9l\u00e9 aucune trace criminelle.<\/p>\n","protected":false},"excerpt":{"rendered":"Une macabre d\u00e9couverte a eu lieu mercredi 13\u00a0ao\u00fbt \u00e0 Choisy-le-Roi dans le Val-de-Marne. Peu avant 13 heures, un&hellip;\n","protected":false},"author":2,"featured_media":318537,"comment_status":"","ping_status":"","sticky":false,"template":"","format":"standard","meta":{"footnotes":""},"categories":[2],"tags":[47,11,3983,118,1011,27,662,12,626,1306,13527,1125],"class_list":{"0":"post-318536","1":"post","2":"type-post","3":"status-publish","4":"format-standard","5":"has-post-thumbnail","7":"category-actualites","8":"tag-actualite","9":"tag-actualites","10":"tag-deces","11":"tag-faits-divers","12":"tag-fr","13":"tag-france","14":"tag-ile-de-france","15":"tag-news","16":"tag-paris","17":"tag-regions","18":"tag-seine","19":"tag-val-de-marne"},"share_on_mastodon":{"url":"https:\/\/pubeurope.com\/@fr\/115026989127694973","error":""},"_links":{"self":[{"href":"https:\/\/www.europesays.com\/fr\/wp-json\/wp\/v2\/posts\/318536","targetHints":{"allow":["GET"]}}],"collection":[{"href":"https:\/\/www.europesays.com\/fr\/wp-json\/wp\/v2\/posts"}],"about":[{"href":"https:\/\/www.europesays.com\/fr\/wp-json\/wp\/v2\/types\/post"}],"author":[{"embeddable":true,"href":"https:\/\/www.europesays.com\/fr\/wp-json\/wp\/v2\/users\/2"}],"replies":[{"embeddable":true,"href":"https:\/\/www.europesays.com\/fr\/wp-json\/wp\/v2\/comments?post=318536"}],"version-history":[{"count":0,"href":"https:\/\/www.europesays.com\/fr\/wp-json\/wp\/v2\/posts\/318536\/revisions"}],"wp:featuredmedia":[{"embeddable":true,"href":"https:\/\/www.europesays.com\/fr\/wp-json\/wp\/v2\/media\/318537"}],"wp:attachment":[{"href":"https:\/\/www.europesays.com\/fr\/wp-json\/wp\/v2\/media?parent=318536"}],"wp:term":[{"taxonomy":"category","embeddable":true,"href":"https:\/\/www.europesays.com\/fr\/wp-json\/wp\/v2\/categories?post=318536"},{"taxonomy":"post_tag","embeddable":true,"href":"https:\/\/www.europesays.com\/fr\/wp-json\/wp\/v2\/tags?post=318536"}],"curies":[{"name":"wp","href":"https:\/\/api.w.org\/{rel}","templated":true}]}}