{"id":318543,"date":"2025-08-14T12:00:11","date_gmt":"2025-08-14T12:00:11","guid":{"rendered":"https:\/\/www.europesays.com\/fr\/318543\/"},"modified":"2025-08-14T12:00:11","modified_gmt":"2025-08-14T12:00:11","slug":"bientot-en-concert-a-la-seyne-qui-est-curtism-ce-groupe-de-jeunes-toulonnais-qui-fait-parler-de-lui","status":"publish","type":"post","link":"https:\/\/www.europesays.com\/fr\/318543\/","title":{"rendered":"Bient\u00f4t en concert \u00e0 La Seyne, qui est Curtism, ce groupe de jeunes Toulonnais qui fait parler de lui?"},"content":{"rendered":"<p>Ils ont 21 ans. De petites moustaches saillantes et un univers musical bien affirm\u00e9. Lors de la derni\u00e8re F\u00eate de la musique \u00e0 Toulon, un groupe a marqu\u00e9 les esprits au d\u00e9tour de la place de l\u2019\u00c9querre: une formation de jeunes Toulonnais se produisant sous le nom de Curtism. Sur sc\u00e8ne, Marin (chant), Scrappy (basse), Berny (batterie) et Anthony (guitare) s\u2019\u00e9vertuent \u00e0 pr\u00e9senter leur univers, qui m\u00eale \u00ab\u00a0post-punk, garage et new wave. De la musique ind\u00e9\u00a0\u00bb, traduisent-ils en ch\u0153ur.<\/p>\n<p>Un projet scolaire \u00e0 la base<\/p>\n<p>Tout commence il y a trois ans. Dans sa chambre, Marin (chanteur, compositeur, \u00e0 l\u2019origine du projet du groupe) tra\u00eene sur son ordinateur et travaille ses premiers morceaux. En autodidacte, il fait \u00ab\u00a0de la bedroom pop, sans r\u00e9elle volont\u00e9 de jouer sur sc\u00e8ne\u00a0\u00bb, confesse-t-il. Il pose \u00e9galement sur papier un nom: Curtism. \u00a0\u00bb Mon deuxi\u00e8me pr\u00e9nom, c\u2019est Curtis. J\u2019ai ajout\u00e9 le M. J\u2019aimais bien, \u00e7a sonnait diff\u00e9remment et \u00e7a ne voulait rien dire\u00a0\u00bb, s\u2019amuse-t-il.<\/p>\n<p>Sur les bancs du lyc\u00e9e Dumont-d\u2019Urville \u00e0 Toulon, il touche deux mots de son projet \u00e0 ses camarades de la section musique, Scrappy et Anthony. Ils commencent par des reprises, puis, dans le cadre de leur ann\u00e9e de terminale, ils doivent mener un projet musical qui se conclut par un concert au Live Omega. Les graines sont plant\u00e9es. Tr\u00e8s vite, ils sont rejoints par Berny, une figure connue des Toulonnais, puisqu\u2019il est guitariste des Spitters. Mais pour lui, c\u2019est un changement d\u2019instrument qui s\u2019op\u00e8re, puisqu\u2019il laisse tomber les amplis et les cordes pour la batterie. En juin 2023, le groupe donne alors son premier concert dans sa version actuelle.<\/p>\n<p>\u00ab\u00a0On voulait bien jouer et on cherchait le son qui nous correspondait\u00a0\u00bb, se souvient Marin. Chacun puise alors dans ses influences, celles transmises par les parents, qui vont des Beatles aux Red Hot, en passant par AC\/DC ou encore les Guns N\u2019 Roses. \u00c0 cela s\u2019ajoutent aussi leurs propres go\u00fbts, qui vont chercher du c\u00f4t\u00e9 du post-punk et de la musique ind\u00e9pendante. \u00ab\u00a0Entre nous, \u00e7a a imm\u00e9diatement match\u00e9, car on avait une vision similaire de la musique\u00a0\u00bb, traduit le bassiste Scrappy.<\/p>\n<p>En qu\u00eate d\u2019une identit\u00e9 propre<\/p>\n<p>Le groupe continue de se produire sur sc\u00e8ne afin de parfaire son exp\u00e9rience. Ils arpentent la France, Bordeaux, Strasbourg, Montpellier, Paris&#8230; De quoi aussi poser les bases de l\u2019avenir du groupe. \u00ab\u00a0On bosse sur notre premier album. On a une vraie r\u00e9flexion collective sur l\u2019orientation que l\u2019on veut prendre, notre identit\u00e9 et notre intention artistique. On passe beaucoup de temps sur les d\u00e9tails\u00a0\u00bb, distille Marin. Avec une pr\u00e9dilection pour l\u2019anglais \u2014 \u00ab\u00a0qui sonne mieux dans cette musique\u00a0\u00bb \u2014 m\u00eame si les Toulonnais ont \u00e0 c\u0153ur d\u2019int\u00e9grer aussi des morceaux en fran\u00e7ais. En peu de temps, Le groupe a su se faire une place sur la sc\u00e8ne ind\u00e9 et travaille avec un producteur bordelais, apr\u00e8s avoir \u00e9t\u00e9 lanc\u00e9 dans le Var par Tandem (sc\u00e8ne de musiques actuelles d\u00e9partemental, accompagnement de jeunes talents). Mais pour l\u2019avenir, il faudra d\u00e9passer les fronti\u00e8res du d\u00e9partement. \u00ab\u00a0La sc\u00e8ne est plus limit\u00e9e ici, on est oblig\u00e9s d\u2019aller ailleurs\u00a0\u00bb, regrettent-ils.<\/p>\n<p>Samedi 16 ao\u00fbt au parc de la Navale \u00e0 La Seyne-sur-Mer.<\/p>\n","protected":false},"excerpt":{"rendered":"Ils ont 21 ans. De petites moustaches saillantes et un univers musical bien affirm\u00e9. Lors de la derni\u00e8re&hellip;\n","protected":false},"author":2,"featured_media":318544,"comment_status":"","ping_status":"","sticky":false,"template":"","format":"standard","meta":{"footnotes":""},"categories":[9619],"tags":[1111,11,4156,251,1777,674,1011,27,873,12,882,25,2310],"class_list":{"0":"post-318543","1":"post","2":"type-post","3":"status-publish","4":"format-standard","5":"has-post-thumbnail","7":"category-toulon","8":"tag-actu","9":"tag-actualites","10":"tag-concerts","11":"tag-culture","12":"tag-eu","13":"tag-europe","14":"tag-fr","15":"tag-france","16":"tag-musique","17":"tag-news","18":"tag-provence-alpes-cote-dazur","19":"tag-republique-francaise","20":"tag-toulon"},"share_on_mastodon":{"url":"https:\/\/pubeurope.com\/@fr\/115027014009697585","error":""},"_links":{"self":[{"href":"https:\/\/www.europesays.com\/fr\/wp-json\/wp\/v2\/posts\/318543","targetHints":{"allow":["GET"]}}],"collection":[{"href":"https:\/\/www.europesays.com\/fr\/wp-json\/wp\/v2\/posts"}],"about":[{"href":"https:\/\/www.europesays.com\/fr\/wp-json\/wp\/v2\/types\/post"}],"author":[{"embeddable":true,"href":"https:\/\/www.europesays.com\/fr\/wp-json\/wp\/v2\/users\/2"}],"replies":[{"embeddable":true,"href":"https:\/\/www.europesays.com\/fr\/wp-json\/wp\/v2\/comments?post=318543"}],"version-history":[{"count":0,"href":"https:\/\/www.europesays.com\/fr\/wp-json\/wp\/v2\/posts\/318543\/revisions"}],"wp:featuredmedia":[{"embeddable":true,"href":"https:\/\/www.europesays.com\/fr\/wp-json\/wp\/v2\/media\/318544"}],"wp:attachment":[{"href":"https:\/\/www.europesays.com\/fr\/wp-json\/wp\/v2\/media?parent=318543"}],"wp:term":[{"taxonomy":"category","embeddable":true,"href":"https:\/\/www.europesays.com\/fr\/wp-json\/wp\/v2\/categories?post=318543"},{"taxonomy":"post_tag","embeddable":true,"href":"https:\/\/www.europesays.com\/fr\/wp-json\/wp\/v2\/tags?post=318543"}],"curies":[{"name":"wp","href":"https:\/\/api.w.org\/{rel}","templated":true}]}}