{"id":318545,"date":"2025-08-14T12:01:19","date_gmt":"2025-08-14T12:01:19","guid":{"rendered":"https:\/\/www.europesays.com\/fr\/318545\/"},"modified":"2025-08-14T12:01:19","modified_gmt":"2025-08-14T12:01:19","slug":"top-14-la-barre-est-haute-mateo-garcia-se-challenger-a-toulon-et-gagner-sa-place","status":"publish","type":"post","link":"https:\/\/www.europesays.com\/fr\/318545\/","title":{"rendered":"TOP 14. \u00a0\u00bbLa barre est haute\u00a0\u00bb : Mat\u00e9o Garcia, se challenger \u00e0 Toulon&#8230; et gagner sa place"},"content":{"rendered":"<p>Rempla\u00e7ant du ma\u00eetre \u00e0 jouer \u00e0 <a href=\"https:\/\/www.lerugbynistere.fr\/clubs\/ubb-bordeaux-begles.php\" ui-sref=\"app.team({teamId: 32})\" alt=\"Bordeaux\" data-route=\"app.team\" data-param=\"teamId\" data-id=\"32\" rel=\"nofollow noopener\" target=\"_blank\">Bordeaux<\/a>, <a href=\"https:\/\/www.lerugbynistere.fr\/fiches-joueurs\/matthieu-jalibert.php\" ui-sref=\"app.player({playerId: 5535})\" alt=\"Matthieu Jalibert\" data-route=\"app.player\" data-param=\"playerId\" data-id=\"5535\" rel=\"nofollow noopener\" target=\"_blank\">Matthieu Jalibert<\/a>, <strong>et m\u00eame rel\u00e9gu\u00e9 troisi\u00e8me homme dans la hi\u00e9rarchie<\/strong> avec l&rsquo;arriv\u00e9e de <a href=\"https:\/\/www.lerugbynistere.fr\/fiches-joueurs\/joey-carbery.php\" ui-sref=\"app.player({playerId: 5784})\" alt=\"Joey Carbery\" data-route=\"app.player\" data-param=\"playerId\" data-id=\"5784\" rel=\"nofollow noopener\" target=\"_blank\">Joey Carbery<\/a>, ses blessures et des convocations avec <a href=\"https:\/\/www.lerugbynistere.fr\/equipes-nationales\/xv-de-france.php\" ui-sref=\"app.team({teamId: 65})\" alt=\"France\" data-route=\"app.team\" data-param=\"teamId\" data-id=\"65\" rel=\"nofollow noopener\" target=\"_blank\">France<\/a> 7, <a href=\"https:\/\/www.lerugbynistere.fr\/fiches-joueurs\/cedric-garcia.php\" ui-sref=\"app.player({playerId: 231})\" alt=\"Mat\u00e9o Garcia\" data-route=\"app.player\" data-param=\"playerId\" data-id=\"231\" rel=\"nofollow noopener\" target=\"_blank\">Mat\u00e9o Garcia<\/a> vient \u00e0 <a href=\"https:\/\/www.lerugbynistere.fr\/clubs\/rugby-club-toulonnais.php\" ui-sref=\"app.team({teamId: 28})\" alt=\"Toulon\" data-route=\"app.team\" data-param=\"teamId\" data-id=\"28\" rel=\"nofollow noopener\" target=\"_blank\">Toulon<\/a> pour se relancer. <strong>Il compte bien pour autant gagner sa place \u00e0 un poste o\u00f9 la hi\u00e9rarchie peut encore \u00eatre bouscul\u00e9e<\/strong>.<\/p>\n<p><a class=\"inserer_lien_article\" href=\"https:\/\/www.lerugbynistere.fr\/news\/pourquoi-ce-choc-du-rugby-championship-est-delocalise-en-europe-la-raison-est-pourtant-tres-simple-1408251115.php\" data-id=\"45825\" data-route=\"app.article\" data-param=\"articleId\" ui-sref=\"app.article({articleId: 45825})\" alt=\"Pourquoi ce choc du Rugby Championship est d\u00e9localis\u00e9 en Europe ? La raison est tr\u00e8s simple\" title=\"Pourquoi ce choc du Rugby Championship est d\u00e9localis\u00e9 en Europe ? La raison est tr\u00e8s simple\" rel=\"nofollow noopener\" target=\"_blank\"><img decoding=\"async\" src=\"https:\/\/www.europesays.com\/fr\/wp-content\/uploads\/2025\/08\/argentine-australie-rugby-championship-2016-j6-14-08-25-9688.jpg\" alt=\"Pourquoi ce choc du Rugby Championship est d\u00e9localis\u00e9 en Europe ? La raison est tr\u00e8s simple\"\/>Pourquoi ce choc du Rugby Championship est d\u00e9localis\u00e9 en Europe ? La raison est tr\u00e8s simple<\/a><\/p>\n<p>Toulon, une destination \u00ab\u00a0challengeante\u00a0\u00bb et id\u00e9ale<\/p>\n<p>Comme il souhaitait quitter Bordeaux <strong>pour avoir \u00ab\u00a0plus de temps de jeu, dans une \u00e9quipe qui existe dans le tr\u00e8s haut du tableau du <a href=\"https:\/\/www.lerugbynistere.fr\/championnats\/top-14\" ui-sref=\"app.competition({competitionId: 1})\" alt=\"Top 14\" data-route=\"app.competition\" data-param=\"competitionId\" data-id=\"1\" rel=\"nofollow noopener\" target=\"_blank\">Top 14<\/a>\u00ab\u00a0<\/strong>, Garcia s&rsquo;est pench\u00e9 sur Toulon,\u00a0comme il le confie\u00a0\u00e0 Rugbyrama. D&rsquo;autant plus que les \u00e9changes qu&rsquo;il a eus avec les dirigeants et le coach Pierre Mignoni t\u00e9moignaient d&rsquo;une vision commune.<\/p>\n<p><a class=\"inserer_lien_article\" href=\"https:\/\/www.lerugbynistere.fr\/news\/transfert-2m-pour-124kg-recale-de-prod2-a-la-derniere-minute-ce-platane-sud-africain-sengage-finalement-en-top-14-1408251158.php\" data-id=\"45826\" data-route=\"app.article\" data-param=\"articleId\" ui-sref=\"app.article({articleId: 45826})\" alt=\"TRANSFERT. 2m pour 124kg : Recal\u00e9 de ProD2 \u00e0 la derni\u00e8re minute, ce platane sud-africain s\u2019engage finalement en Top 14\" title=\"TRANSFERT. 2m pour 124kg : Recal\u00e9 de ProD2 \u00e0 la derni\u00e8re minute, ce platane sud-africain s\u2019engage finalement en Top 14\" rel=\"nofollow noopener\" target=\"_blank\"><img decoding=\"async\" src=\"https:\/\/www.europesays.com\/fr\/wp-content\/uploads\/2025\/08\/yt-14-08-25-9474.jpg\" alt=\"TRANSFERT. 2m pour 124kg : Recal\u00e9 de ProD2 \u00e0 la derni\u00e8re minute, ce platane sud-africain s\u2019engage finalement en Top 14\"\/>TRANSFERT. 2m pour 124kg : Recal\u00e9 de ProD2 \u00e0 la derni\u00e8re minute, ce platane sud-africain s\u2019engage finalement en Top 14<\/a><\/p>\n<p>Mat\u00e9o Garcia d\u00e9barque donc \u00e0 Toulon, o\u00f9 la concurrence est forte \u00e0 son poste. <strong><a href=\"https:\/\/www.lerugbynistere.fr\/fiches-joueurs\/paolo-garbisi.php\" ui-sref=\"app.player({playerId: 11019})\" alt=\"Paolo Garbisi\" data-route=\"app.player\" data-param=\"playerId\" data-id=\"11019\" rel=\"nofollow noopener\" target=\"_blank\">Paolo Garbisi<\/a> et <a href=\"https:\/\/www.lerugbynistere.fr\/fiches-joueurs\/enzo-herve.php\" ui-sref=\"app.player({playerId: 5592})\" alt=\"Enzo Herv\u00e9\" data-route=\"app.player\" data-param=\"playerId\" data-id=\"5592\" rel=\"nofollow noopener\" target=\"_blank\">Enzo Herv\u00e9<\/a> sont les deux autres ouvreurs de l&rsquo;effectif<\/strong>, depuis la retraite de <a href=\"https:\/\/www.lerugbynistere.fr\/fiches-joueurs\/dan-biggar.php\" ui-sref=\"app.player({playerId: 20})\" alt=\"Dan Biggar\" data-route=\"app.player\" data-param=\"playerId\" data-id=\"20\" rel=\"nofollow noopener\" target=\"_blank\">Dan Biggar<\/a>. Mais si, certes, Garbisi est install\u00e9, ses performances r\u00e9centes ne lui conf\u00e8rent par un statut de titulaire indiscutable. <strong>Face \u00e0 cette concurrence, Garcia souhaite se \u00ab\u00a0mettre en danger et [se] challenger.\u00a0\u00bb<\/strong><\/p>\n<p>Toulon se r\u00e9v\u00e8le \u00eatre une destination challengeante sur le plan rugbystique, <strong>et<\/strong><strong>\u00a0semble aussi id\u00e9ale pour Garcia sur le plan personnel<\/strong>. Lui qui a grandi au bord de l&rsquo;oc\u00e9an, a \u00ab\u00a0eu envie de retrouver cet aspect-l\u00e0.\u00a0\u00bb\u00a0La M\u00e9diterran\u00e9e n&rsquo;est pas la c\u00f4te atlantique non plus, mais il baignera tout de m\u00eame dans un environnement c\u00f4tier. Un environnement de passionn\u00e9 de rugby aussi, qui lui pla\u00eet fortement. <strong>Lui, qui \u00ab\u00a0parle de rugby huit jours sur sept\u00a0\u00bb depuis son jeune \u00e2ge, atterrit dans une ville o\u00f9 le RCT est une v\u00e9ritable institution<\/strong>. Et il \u00ab\u00a0aime \u00e7a\u00a0\u00bb, s&rsquo;exclame-t-il.<\/p>\n<p>Garcia d\u00e9barque plein d&rsquo;ambition<\/p>\n<p>Souhaitant retrouver du temps de jeu, Garcia sait tout de m\u00eame qu&rsquo;il doit progresser. Les points d&rsquo;am\u00e9lioration sont d\u00e9j\u00e0 d\u00e9finis avec Pierre Mignoni. Dans ce RCT solide devant, mais ambitieux dans le jeu, <strong>il doit \u00ab\u00a0\u00eatre un ouvreur qui doit \u00eatre en capacit\u00e9 de sortir parfois du cadre, tout en conservant ce que le jeu demande\u00a0\u00bb, confie-t-il<\/strong>. Ce que r\u00e9alise parfaitement <a href=\"https:\/\/www.lerugbynistere.fr\/fiches-joueurs\/baptiste-serin.php\" ui-sref=\"app.player({playerId: 658})\" alt=\"Baptiste Serin\" data-route=\"app.player\" data-param=\"playerId\" data-id=\"658\" rel=\"nofollow noopener\" target=\"_blank\">Baptiste Serin<\/a> \u00e0 la m\u00eal\u00e9e.<\/p>\n<p><a class=\"inserer_lien_article\" href=\"https:\/\/www.lerugbynistere.fr\/news\/top-14-de-la-continuite-pour-le-retour-dans-lelite-le-xv-type-probable-de-montauban-en-2025-2026-1308251755.php\" data-id=\"45822\" data-route=\"app.article\" data-param=\"articleId\" ui-sref=\"app.article({articleId: 45822})\" alt=\"TOP 14. De la continuit\u00e9 pour le retour dans l&#039;\u00e9lite : le XV type (probable) de Montauban en 2025-2026\" title=\"TOP 14. De la continuit\u00e9 pour le retour dans l&#039;\u00e9lite : le XV type (probable) de Montauban en 2025-2026\" rel=\"nofollow noopener\" target=\"_blank\"><img decoding=\"async\" src=\"https:\/\/www.europesays.com\/fr\/wp-content\/uploads\/2025\/08\/xv-type-montauban-2025-2026-13-08-25-9779.jpg\" alt=\"TOP 14. De la continuit\u00e9 pour le retour dans l'\u00e9lite : le XV type (probable) de Montauban en 2025-2026\"\/>TOP 14. De la continuit\u00e9 pour le retour dans l&rsquo;\u00e9lite : le XV type (probable) de Montauban en 2025-2026<\/a><\/p>\n<p>Sur le plan collectif, <strong>il souhaite \u00ab\u00a0faire mieux que l&rsquo;an pass\u00e9 dans les deux comp\u00e9titions\u00a0\u00bb<\/strong>, le RCT s&rsquo;\u00e9tant arr\u00eat\u00e9 en quarts de finale en <a href=\"https:\/\/www.lerugbynistere.fr\/international\/rugby-champions-cup\" ui-sref=\"app.competition({competitionId: 15})\" alt=\"Champions Cup\" data-route=\"app.competition\" data-param=\"competitionId\" data-id=\"15\" rel=\"nofollow noopener\" target=\"_blank\">Champions Cup<\/a> et en demi-finale en Top14. <strong>Il sait que \u00ab\u00a0la barre est haute, mais il faut \u00eatre ambitieux\u00a0\u00bb, confie-t-il<\/strong>. Et lui qui a connu la joie d&rsquo;un titre avec Bordeaux cette ann\u00e9e, m\u00eame s&rsquo;il \u00e9tait dans les tribunes en raison d&rsquo;une blessure, il souhaite maintenant \u00ab\u00a0vivre ces moments sur la pelouse\u00a0\u00bb.<\/p>\n<p>Tr\u00e8s utilis\u00e9 il y a deux ans de cela, Garcia ressort d&rsquo;une saison \u00e9trange, <strong>mais o\u00f9 il a pu d\u00e9couvrir l&rsquo;\u00e9quipe de France \u00e0 7. Il en ressort \u00ab\u00a0beaucoup plus lib\u00e9r\u00e9\u00a0\u00bb aussi bien dans\u00a0son jeu que dans la t\u00eate<\/strong>. Il est davantage port\u00e9 vers l&rsquo;attaque d\u00e9sormais, avec l&rsquo;envie \u00ab\u00a0d&rsquo;attaquer les espaces, de prendre des risques.\u00a0\u00bb Il se sent mieux physiquement \u00e9galement, \u00e9tant meilleur en \u00ab\u00a0tonicit\u00e9\u00a0\u00bb et \u00ab\u00a0dans le fait de r\u00e9p\u00e9ter les t\u00e2ches.\u00a0\u00bb <strong>Est-ce donc un nouveau Mat\u00e9o Garcia qui arrive \u00e0 Toulon ?<\/strong> Peut-\u00eatre. Reste \u00e0 voir cela sur le terrain d\u00e9sormais, \u00e0 partir du 6 septembre.<\/p>\n<p><a class=\"inserer_lien_article\" href=\"https:\/\/www.lerugbynistere.fr\/news\/top-14-ce-secteur-strategique-ou-clermont-veut-retrouver-cet-adn-conquerant-1408251043.php\" data-id=\"45824\" data-route=\"app.article\" data-param=\"articleId\" ui-sref=\"app.article({articleId: 45824})\" alt=\"TOP 14. Ce secteur strat\u00e9gique o\u00f9 Clermont veut retrouver cet ADN conqu\u00e9rant\" title=\"TOP 14. Ce secteur strat\u00e9gique o\u00f9 Clermont veut retrouver cet ADN conqu\u00e9rant\" rel=\"nofollow noopener\" target=\"_blank\"><img decoding=\"async\" src=\"https:\/\/www.europesays.com\/fr\/wp-content\/uploads\/2025\/08\/top-14-ce-secteur-strategique-ou-clermont-veut-a-nouveau-imposer-grace-a-cet-ancien-joueur-14-08-25-.jpeg\" alt=\"TOP 14. Ce secteur strat\u00e9gique o\u00f9 Clermont veut retrouver cet ADN conqu\u00e9rant\"\/>TOP 14. Ce secteur strat\u00e9gique o\u00f9 Clermont veut retrouver cet ADN conqu\u00e9rant<\/a><\/p>\n","protected":false},"excerpt":{"rendered":"Rempla\u00e7ant du ma\u00eetre \u00e0 jouer \u00e0 Bordeaux, Matthieu Jalibert, et m\u00eame rel\u00e9gu\u00e9 troisi\u00e8me homme dans la hi\u00e9rarchie avec&hellip;\n","protected":false},"author":2,"featured_media":318546,"comment_status":"","ping_status":"","sticky":false,"template":"","format":"standard","meta":{"footnotes":""},"categories":[9619],"tags":[1111,11,1777,674,1011,27,12,882,25,2310],"class_list":{"0":"post-318545","1":"post","2":"type-post","3":"status-publish","4":"format-standard","5":"has-post-thumbnail","7":"category-toulon","8":"tag-actu","9":"tag-actualites","10":"tag-eu","11":"tag-europe","12":"tag-fr","13":"tag-france","14":"tag-news","15":"tag-provence-alpes-cote-dazur","16":"tag-republique-francaise","17":"tag-toulon"},"share_on_mastodon":{"url":"https:\/\/pubeurope.com\/@fr\/115027016701824131","error":""},"_links":{"self":[{"href":"https:\/\/www.europesays.com\/fr\/wp-json\/wp\/v2\/posts\/318545","targetHints":{"allow":["GET"]}}],"collection":[{"href":"https:\/\/www.europesays.com\/fr\/wp-json\/wp\/v2\/posts"}],"about":[{"href":"https:\/\/www.europesays.com\/fr\/wp-json\/wp\/v2\/types\/post"}],"author":[{"embeddable":true,"href":"https:\/\/www.europesays.com\/fr\/wp-json\/wp\/v2\/users\/2"}],"replies":[{"embeddable":true,"href":"https:\/\/www.europesays.com\/fr\/wp-json\/wp\/v2\/comments?post=318545"}],"version-history":[{"count":0,"href":"https:\/\/www.europesays.com\/fr\/wp-json\/wp\/v2\/posts\/318545\/revisions"}],"wp:featuredmedia":[{"embeddable":true,"href":"https:\/\/www.europesays.com\/fr\/wp-json\/wp\/v2\/media\/318546"}],"wp:attachment":[{"href":"https:\/\/www.europesays.com\/fr\/wp-json\/wp\/v2\/media?parent=318545"}],"wp:term":[{"taxonomy":"category","embeddable":true,"href":"https:\/\/www.europesays.com\/fr\/wp-json\/wp\/v2\/categories?post=318545"},{"taxonomy":"post_tag","embeddable":true,"href":"https:\/\/www.europesays.com\/fr\/wp-json\/wp\/v2\/tags?post=318545"}],"curies":[{"name":"wp","href":"https:\/\/api.w.org\/{rel}","templated":true}]}}