{"id":31855,"date":"2025-04-17T14:24:22","date_gmt":"2025-04-17T14:24:22","guid":{"rendered":"https:\/\/www.europesays.com\/fr\/31855\/"},"modified":"2025-04-17T14:24:22","modified_gmt":"2025-04-17T14:24:22","slug":"complexe-de-rien-du-tout-la-remplacante-de-lea-salame-extrapole-melanie-thierry-la-remet-en-place","status":"publish","type":"post","link":"https:\/\/www.europesays.com\/fr\/31855\/","title":{"rendered":"\u00ab\u00a0Complexe de rien du tout\u00a0\u00bb : la rempla\u00e7ante de L\u00e9a Salam\u00e9 extrapole, M\u00e9lanie Thierry la remet en place"},"content":{"rendered":"<p>Elle est de retour sur le grand \u00e9cran. M\u00e9lanie Thierry campe le<br \/>\nr\u00f4le principal du film La chambre de Mariana, sign\u00e9<br \/>\nEmmanuel Finkiel et qui sortira en salles le 23 avril prochain. \u00c0<br \/>\ncette occasion, la star \u00e9tait invit\u00e9e de la matinale de <a href=\"https:\/\/www.radiofrance.fr\/franceinter\/podcasts\/l-interview-de-9h20\/l-itw-de-9h20-du-mercredi-16-avril-2025-9780008\" rel=\"nofollow noopener\" target=\"_blank\"><br \/>\nFrance Inter<\/a>, dans L&rsquo;interview de 9h20.<\/p>\n<p>Les plaisirs simples de M\u00e9lanie Thierry<\/p>\n<p>L&rsquo;histoire de son film ? En 1943, une m\u00e8re de famille<br \/>\nukrainienne confie \u00e0 Mariana son fils de 12 ans pour le sauver de<br \/>\nla d\u00e9portation, une prostitu\u00e9e qui cachera le jeune gar\u00e7on dans son<br \/>\nplacard. Interrog\u00e9e sur ce nouveau r\u00f4le par la rempla\u00e7ante de L\u00e9a<br \/>\nSalam\u00e9, Mathilde Serrell, <a href=\"https:\/\/www.closermag.fr\/tag\/melanie-thierry\" rel=\"nofollow noopener\" target=\"_blank\">M\u00e9lanie Thierry<\/a><br \/>\nse confie sur son personnage, avant d&rsquo;\u00e9voque sa propre vie. La star<br \/>\nde 43 ans partage sa vie avec le chanteur Rapha\u00ebl et <a href=\"https:\/\/www.closermag.fr\/people\/melanie-thierry-ses-premieres-confidences-bouleversantes-sur-la-naissance-de-son-troisieme-enfant-3467786\" rel=\"nofollow noopener\" target=\"_blank\"><br \/>\nleurs trois enfants<\/a>, Roman, Aliocha et Isaac. \u00ab\u00a0Vous avez 25<br \/>\nans de carri\u00e8re, un C\u00e9sar, des r\u00e9compenses et vous vivez toujours,<br \/>\nvous le dites dans des interviews, comme une prolo !\u00a0\u00bb, lui<br \/>\nlance Mathilde Serrell.<\/p>\n<p>\u00ab\u00a0Je suis pas une prolo, je vis simplement, je suis quand<br \/>\nm\u00eame quelqu&rsquo;un de populaire, <strong>j&rsquo;\u00e9l\u00e8ve mes enfants, je<br \/>\ncherche pas<\/strong>&#8230; Je vis simplement, \u00e7a veut dire \u00e7a je<br \/>\ncrois.\u00a0\u00bb La journaliste tente de creuser le sujet. \u00ab\u00a0Mais il<br \/>\ny a aussi un petit complexe je crois, qui remonte\u00a0\u00bb,<br \/>\nlance-t-elle. Ce \u00e0 quoi M\u00e9lanie Thierry r\u00e9pond : \u00ab\u00a0<strong>Non,<br \/>\ny&rsquo;a un complexe de rien !<\/strong> Moi, j&rsquo;adore retrouver la maison<br \/>\nde famille en banlieue, passer mon d\u00e9jeuner avec mon p\u00e8re, mes<br \/>\ntantes et mes oncles\u00a0\u00bb, lui r\u00e9torque-t-elle de sa voix<br \/>\ntendre.<\/p>\n<p>M\u00e9lanie Thierry et Rapha\u00ebl ont forg\u00e9<br \/>\nleur cocon sur l&rsquo;\u00eele de Br\u00e9hat<\/p>\n<p>M\u00e9lanie Thierry aime passer du temps en Bretagne avec sa petite<br \/>\nfamille, sur l&rsquo;\u00eele de Br\u00e9hat. \u00ab\u00a0On a une maison avec ma<br \/>\nfemme en Bretagne. On est tr\u00e8s attach\u00e9s \u00e0 la Bretagne. C&rsquo;est comme<br \/>\nun coup de coeur. J&rsquo;adore la Bretagne\u00a0\u00bb, confiait le chanteur<br \/>\nRapha\u00ebl sur France Bleu. Pour le couple, l&rsquo;\u00eele est leur<br \/>\n\u00ab\u00a0<strong>rempart contre le monde\u00a0\u00bb<\/strong>, o\u00f9 ils aiment<br \/>\nse r\u00e9fugier deux \u00e0 quatre mois par an.\u00a0\u00ab\u00a0Il y a toujours<br \/>\nune magie, (&#8230;) qui me fascine\u2026 Quelque chose de biblique, voire<br \/>\nde quasi mystique\u2026\u00a0\u00bb, avait soulign\u00e9 M\u00e9lanie Thierry dans les<br \/>\ncolonnes de Psychologies magazine. Un \u00e9quilibre simple, en<br \/>\nsomme, pour la star de 43 ans.<\/p>\n","protected":false},"excerpt":{"rendered":"Elle est de retour sur le grand \u00e9cran. M\u00e9lanie Thierry campe le r\u00f4le principal du film La chambre&hellip;\n","protected":false},"author":2,"featured_media":31856,"comment_status":"","ping_status":"","sticky":false,"template":"","format":"standard","meta":{"footnotes":""},"categories":[8],"tags":[548,58,59,1011,27,3806,8003],"class_list":{"0":"post-31855","1":"post","2":"type-post","3":"status-publish","4":"format-standard","5":"has-post-thumbnail","7":"category-divertissement","8":"tag-article-simple","9":"tag-divertissement","10":"tag-entertainment","11":"tag-fr","12":"tag-france","13":"tag-lea-salame","14":"tag-melanie-thierry"},"share_on_mastodon":{"url":"https:\/\/pubeurope.com\/@fr\/114353764000460330","error":""},"_links":{"self":[{"href":"https:\/\/www.europesays.com\/fr\/wp-json\/wp\/v2\/posts\/31855","targetHints":{"allow":["GET"]}}],"collection":[{"href":"https:\/\/www.europesays.com\/fr\/wp-json\/wp\/v2\/posts"}],"about":[{"href":"https:\/\/www.europesays.com\/fr\/wp-json\/wp\/v2\/types\/post"}],"author":[{"embeddable":true,"href":"https:\/\/www.europesays.com\/fr\/wp-json\/wp\/v2\/users\/2"}],"replies":[{"embeddable":true,"href":"https:\/\/www.europesays.com\/fr\/wp-json\/wp\/v2\/comments?post=31855"}],"version-history":[{"count":0,"href":"https:\/\/www.europesays.com\/fr\/wp-json\/wp\/v2\/posts\/31855\/revisions"}],"wp:featuredmedia":[{"embeddable":true,"href":"https:\/\/www.europesays.com\/fr\/wp-json\/wp\/v2\/media\/31856"}],"wp:attachment":[{"href":"https:\/\/www.europesays.com\/fr\/wp-json\/wp\/v2\/media?parent=31855"}],"wp:term":[{"taxonomy":"category","embeddable":true,"href":"https:\/\/www.europesays.com\/fr\/wp-json\/wp\/v2\/categories?post=31855"},{"taxonomy":"post_tag","embeddable":true,"href":"https:\/\/www.europesays.com\/fr\/wp-json\/wp\/v2\/tags?post=31855"}],"curies":[{"name":"wp","href":"https:\/\/api.w.org\/{rel}","templated":true}]}}